{"id":10306,"date":"2025-10-26T19:34:12","date_gmt":"2025-10-26T22:34:12","guid":{"rendered":"https:\/\/www.enorsai.com\/noticias\/politica\/el-chaco-supero-el-60-de-participacion-pese-al-clima-de-apatia-nacional\/"},"modified":"2025-10-26T19:34:12","modified_gmt":"2025-10-26T22:34:12","slug":"el-chaco-supero-el-60-de-participacion-pese-al-clima-de-apatia-nacional","status":"publish","type":"post","link":"https:\/\/www.enorsai.com\/noticias\/politica\/el-chaco-supero-el-60-de-participacion-pese-al-clima-de-apatia-nacional\/","title":{"rendered":"El Chaco super\u00f3 el 60 % de participaci\u00f3n pese al clima de apat\u00eda nacional<br>"},"content":{"rendered":"\n<p>Mientras el gobierno de Milei profundiza el desencanto social, la provincia marc\u00f3 una leve mejora en la concurrencia a las urnas.<br><br>El ministro Jorge G\u00f3mez destac\u00f3 que el voto chaque\u00f1o podr\u00eda rozar el 70 %, un repunte respecto de mayo. Pero la cifra contrasta con el desgaste institucional, la crisis econ\u00f3mica y la desconfianza que atraviesan las elecciones legislativas nacionales de 2025.<br><br>En una jornada electoral marcada por la incertidumbre y la fatiga social, el Chaco logr\u00f3 un dato que desentona con el clima general del pa\u00eds: una participaci\u00f3n superior al 60 %. El ministro de Gobierno, Jorge G\u00f3mez, y el subsecretario de Seguridad, Juan de la Cruz Gonz\u00e1lez, informaron desde Casa de Gobierno que el porcentaje de votantes en las legislativas nacionales super\u00f3 las cifras de las primarias de mayo, cuando apenas se hab\u00eda cruzado el umbral del 50 %.<br><br>G\u00f3mez habl\u00f3 de un repunte \u201cmuy importante\u201d y hasta se permiti\u00f3 cierto optimismo al estimar que la participaci\u00f3n podr\u00eda alcanzar el 70 %. Lo dijo con tono celebratorio, pero sin ocultar el trasfondo: la necesidad de recuperar algo de legitimidad democr\u00e1tica en un contexto de descr\u00e9dito pol\u00edtico y descomposici\u00f3n institucional. \u201cEn la medida que vayamos mejorando la participaci\u00f3n ciudadana, mejoramos la calidad democr\u00e1tica tambi\u00e9n\u201d, subray\u00f3. La frase suena a verdad de Perogrullo, pero en la Argentina de Milei, donde la pol\u00edtica parece haber sido convertida en un reality, suena casi revolucionaria.<br><br>La mejora en la asistencia a las urnas, sin embargo, no puede ser le\u00edda como un signo de entusiasmo hacia la oferta electoral actual. M\u00e1s bien parece una reacci\u00f3n de la sociedad chaque\u00f1a frente a la sensaci\u00f3n de abandono que se extiende desde el centro del poder hacia el interior profundo. En un pa\u00eds gobernado por la l\u00f3gica del ajuste, la desindustrializaci\u00f3n y el desprecio por las instituciones federales, el simple hecho de votar se convierte en un acto de resistencia c\u00edvica.<br><br>El contraste es inevitable. Mientras en Buenos Aires los discursos presidenciales giran en torno a la \u201cguerra cultural\u201d y los ataques a la prensa, en provincias como el Chaco se intenta sostener la vida democr\u00e1tica con lo b\u00e1sico: garantizar la participaci\u00f3n, cuidar las escuelas donde se vota, mantener el orden y que la polic\u00eda llegue antes de los problemas. En ese marco, el subsecretario de Seguridad provincial, Juan de la Cruz Gonz\u00e1lez, inform\u00f3 que la jornada transcurri\u00f3 con normalidad, salvo un incidente aislado en el barrio Guiraldes, donde se hall\u00f3 un casquillo de arma de fuego. Una met\u00e1fora perfecta de lo que atraviesa la Argentina: un pa\u00eds donde el ruido de las balas se escucha m\u00e1s fuerte que las palabras.<br><br>El gobierno provincial busc\u00f3 transmitir calma y mostrar un operativo electoral eficiente. No es poco en tiempos donde el caos es parte del discurso oficial a nivel nacional. Gonz\u00e1lez remarc\u00f3 que \u201ctodo ha salido conforme a lo preparado en el operativo, en todo el \u00e1mbito de la provincia\u201d. En otras palabras, el Chaco demostr\u00f3 que todav\u00eda se puede organizar una elecci\u00f3n sin convertirla en un espect\u00e1culo medi\u00e1tico ni en una pulseada ideol\u00f3gica permanente.<br><br>A las 21 horas, se esperaba la difusi\u00f3n de los primeros resultados oficiales. Pero m\u00e1s all\u00e1 de los n\u00fameros, lo que qued\u00f3 claro en la jornada chaque\u00f1a fue que, en un pa\u00eds empobrecido y crispado, la ciudadan\u00eda todav\u00eda encuentra razones para participar. No son los candidatos ni las promesas lo que moviliza, sino la necesidad de reafirmar un derecho que parece estar en retroceso: el de elegir, el de hacerse o\u00edr frente a un poder que gobierna desde la soberbia y la confrontaci\u00f3n.<br><br>El gobierno de Javier Milei, en su cruzada por destruir lo que llama \u201cla casta\u201d, ha logrado algo m\u00e1s profundo: desarticular los lazos de confianza entre el Estado y la sociedad. En nombre de la libertad, el Ejecutivo ha promovido la indiferencia, y en nombre de la eficiencia, ha cercenado derechos b\u00e1sicos. Por eso, cuando en el Chaco la participaci\u00f3n crece del 50 al 60 por ciento, la noticia trasciende lo estad\u00edstico. Es un s\u00edntoma de que todav\u00eda queda ciudadan\u00eda dispuesta a no rendirse al cinismo ni a la resignaci\u00f3n.<br><br>El dato de participaci\u00f3n puede parecer menor en un pa\u00eds donde la inflaci\u00f3n, la desocupaci\u00f3n y el hambre ocupan los titulares. Pero en pol\u00edtica, los n\u00fameros son tambi\u00e9n s\u00edmbolos. Cada punto de aumento en la concurrencia representa un desaf\u00edo al des\u00e1nimo, una respuesta silenciosa a la pr\u00e9dica antipol\u00edtica que desde el propio gobierno nacional se alimenta d\u00eda tras d\u00eda. No es casual que los funcionarios chaque\u00f1os subrayen la importancia de la \u201ccalidad democr\u00e1tica\u201d: la expresan como un valor en extinci\u00f3n.<br><br>La jornada electoral en el Chaco, pac\u00edfica y ordenada, se convierte as\u00ed en un espejo de lo que podr\u00eda ser la Argentina si la pol\u00edtica dejara de ser un campo de batalla permanente. Sin incidentes relevantes, sin discursos de odio, sin provocaciones medi\u00e1ticas, solo ciudadanos ejerciendo su derecho. Un escenario que, parad\u00f3jicamente, hoy parece excepcional.<br><br>Mientras tanto, en Buenos Aires y en las redes sociales, los voceros libertarios siguen repitiendo que el \u201csistema\u201d est\u00e1 podrido, que los pol\u00edticos son el enemigo, que el pueblo debe desconfiar del Estado. Y sin embargo, son los mismos que se aferran al poder del Estado para disciplinar, censurar y manipular. La democracia sobrevive a pesar de ellos, no gracias a ellos.<br><br>Cuando se conozcan los resultados oficiales, la lectura pol\u00edtica ser\u00e1 inevitable: una mayor participaci\u00f3n en una provincia hist\u00f3ricamente golpeada por la desigualdad no habla de esperanza en el rumbo nacional, sino de una resistencia silenciosa. El pueblo chaque\u00f1o vota no porque crea en Milei, sino porque todav\u00eda cree en s\u00ed mismo.<br><br>En definitiva, la noticia del d\u00eda no es el porcentaje exacto ni el ganador de la elecci\u00f3n, sino el hecho de que, contra todo pron\u00f3stico, una parte del pa\u00eds decidi\u00f3 no rendirse al des\u00e1nimo. En tiempos de desesperanza programada, salir a votar es un acto profundamente pol\u00edtico.<br><br>Y mientras la Casa Rosada celebra las cifras del ajuste y los mercados aplauden el sufrimiento popular, en el norte del pa\u00eds todav\u00eda se sostiene una llama distinta: la de la democracia cotidiana, esa que no sale en cadena nacional pero que sigue viva en cada mesa de votaci\u00f3n.<br><br><br>Fuentes:<br>Diario Norte (Chaco) https:\/\/www.diarionorte.com\/318045-el-gobierno-provincial-estima-que-el-porcentaje-de-participacion-superara-el-60-por-ciento<\/p>\n","protected":false},"excerpt":{"rendered":"<p>Mientras el gobierno de Milei profundiza el desencanto social, la provincia marc\u00f3 una leve mejora en la concurrencia a las urnas. El ministro Jorge G\u00f3mez destac\u00f3 que el voto chaque\u00f1o podr\u00eda rozar el 70 %, un repunte respecto de mayo. Pero la cifra contrasta con el desgaste institucional, la crisis econ\u00f3mica y la desconfianza que&#8230;<\/p>\n","protected":false},"author":1,"featured_media":10305,"comment_status":"open","ping_status":"open","sticky":false,"template":"","format":"standard","meta":{"_monsterinsights_skip_tracking":false,"_monsterinsights_sitenote_active":false,"_monsterinsights_sitenote_note":"","_monsterinsights_sitenote_category":0,"footnotes":"","jetpack_publicize_message":"","jetpack_publicize_feature_enabled":true,"jetpack_social_post_already_shared":true,"jetpack_social_options":{"image_generator_settings":{"template":"highway","default_image_id":0,"font":"","enabled":false},"version":2}},"categories":[3949,2],"tags":[],"class_list":["post-10306","post","type-post","status-publish","format-standard","has-post-thumbnail","hentry","category-elecciones","category-politica"],"jetpack_publicize_connections":[],"_links":{"self":[{"href":"https:\/\/www.enorsai.com\/noticias\/wp-json\/wp\/v2\/posts\/10306","targetHints":{"allow":["GET"]}}],"collection":[{"href":"https:\/\/www.enorsai.com\/noticias\/wp-json\/wp\/v2\/posts"}],"about":[{"href":"https:\/\/www.enorsai.com\/noticias\/wp-json\/wp\/v2\/types\/post"}],"author":[{"embeddable":true,"href":"https:\/\/www.enorsai.com\/noticias\/wp-json\/wp\/v2\/users\/1"}],"replies":[{"embeddable":true,"href":"https:\/\/www.enorsai.com\/noticias\/wp-json\/wp\/v2\/comments?post=10306"}],"version-history":[{"count":0,"href":"https:\/\/www.enorsai.com\/noticias\/wp-json\/wp\/v2\/posts\/10306\/revisions"}],"wp:featuredmedia":[{"embeddable":true,"href":"https:\/\/www.enorsai.com\/noticias\/wp-json\/wp\/v2\/media\/10305"}],"wp:attachment":[{"href":"https:\/\/www.enorsai.com\/noticias\/wp-json\/wp\/v2\/media?parent=10306"}],"wp:term":[{"taxonomy":"category","embeddable":true,"href":"https:\/\/www.enorsai.com\/noticias\/wp-json\/wp\/v2\/categories?post=10306"},{"taxonomy":"post_tag","embeddable":true,"href":"https:\/\/www.enorsai.com\/noticias\/wp-json\/wp\/v2\/tags?post=10306"}],"curies":[{"name":"wp","href":"https:\/\/api.w.org\/{rel}","templated":true}]}}