{"id":10304,"date":"2025-10-26T19:26:24","date_gmt":"2025-10-26T22:26:24","guid":{"rendered":"https:\/\/www.enorsai.com\/noticias\/politica\/la-pampa-le-da-la-espalda-a-milei-el-peronismo-se-impone-con-el-488-de-los-votos\/"},"modified":"2025-10-26T19:26:24","modified_gmt":"2025-10-26T22:26:24","slug":"la-pampa-le-da-la-espalda-a-milei-el-peronismo-se-impone-con-el-488-de-los-votos","status":"publish","type":"post","link":"https:\/\/www.enorsai.com\/noticias\/politica\/la-pampa-le-da-la-espalda-a-milei-el-peronismo-se-impone-con-el-488-de-los-votos\/","title":{"rendered":"La Pampa le da la espalda a Milei: el peronismo se impone con el 48,8% de los votos"},"content":{"rendered":"\n<p><br><p><br>Con el 30% de las mesas escrutadas, el frente \u201cDefendemos La Pampa\u201d aventaja a La Libertad Avanza por m\u00e1s de cinco puntos. El resultado parcial refleja un voto de resistencia al modelo econ\u00f3mico del gobierno nacional, en una provincia hist\u00f3ricamente castigada por los recortes y la falta de inversi\u00f3n.<br><br>En una elecci\u00f3n seguida con atenci\u00f3n desde todo el pa\u00eds, los primeros datos del escrutinio provisorio en La Pampa muestran un escenario inc\u00f3modo para el gobierno nacional. Con el 30,1% de las mesas escrutadas, el frente \u201cDefendemos La Pampa\u201d, integrado por el peronismo local, obtiene el 48,8% de los votos, mientras que La Libertad Avanza queda en segundo lugar con el 43,3%. Muy lejos, en el tercer puesto, aparece Cambia La Pampa con apenas el 8,6%.<br><br>El resultado no s\u00f3lo tiene impacto provincial. Es una se\u00f1al pol\u00edtica directa hacia la Casa Rosada: el electorado pampeano \u2014de perfil rural, trabajador y profundamente golpeado por las pol\u00edticas de ajuste\u2014 parece haber dicho basta al discurso del sacrificio perpetuo y a la desindustrializaci\u00f3n que atraviesa todo el interior productivo.<br><br>El candidato Abelardo Ferr\u00e1n, acompa\u00f1ado por Varinia Mar\u00edn, encabeza una lista que apost\u00f3 por el arraigo territorial y la defensa de los recursos locales frente a un modelo que, seg\u00fan advirtieron durante la campa\u00f1a, \u201cpretende desmantelar la estructura federal y convertir a las provincias en meras sucursales del poder central porte\u00f1o\u201d.<br><br>Mientras tanto, la candidata de La Libertad Avanza repiti\u00f3 el libreto presidencial: reducci\u00f3n del gasto p\u00fablico, privatizaci\u00f3n de empresas estatales y eliminaci\u00f3n de subsidios. Sin embargo, los resultados muestran que el discurso libertario comienza a encontrar l\u00edmites en los distritos donde la realidad econ\u00f3mica pega m\u00e1s fuerte que las consignas de TikTok.<br><br>En La Pampa, donde el salario promedio p\u00fablico cay\u00f3 un 32% en t\u00e9rminos reales desde el inicio del gobierno de Milei, y donde los recortes en obra p\u00fablica dejaron parados m\u00e1s de 2.000 empleos directos, la bronca se tradujo en votos. No se trata s\u00f3lo de una disputa partidaria, sino de una reacci\u00f3n social frente al deterioro del poder adquisitivo, el desmantelamiento del sistema educativo provincial y la asfixia presupuestaria a los municipios.<br><br>Con una participaci\u00f3n superior al 65% del padr\u00f3n, el mensaje de las urnas parece claro: la ciudadan\u00eda pampeana prioriz\u00f3 la defensa de su econom\u00eda regional por encima del relato de la \u201clibertad de mercado\u201d. En t\u00e9rminos pol\u00edticos, el resultado marca un freno a la ola libertaria en el centro del pa\u00eds y podr\u00eda anticipar un nuevo mapa de poder en el Congreso, donde el oficialismo aspira a consolidar mayor\u00eda propia.<br><br>Mientras los libertarios celebraban peque\u00f1as victorias en localidades menores como Falucho o Relmo, el peronismo recuperaba terreno en bastiones hist\u00f3ricos como Uriburu, Arata, Ataliva y Doblas, consolidando una tendencia que podr\u00eda ser irreversible.<br><br>El escenario nacional comienza a dibujar un cuadro complejo para el gobierno de Milei: las urnas pampeanas, como term\u00f3metro del interior, muestran el desgaste de un experimento econ\u00f3mico que prometi\u00f3 \u201cordenar\u201d y termin\u00f3 multiplicando la pobreza y la desigualdad.<br><br>En la provincia, la jornada transcurri\u00f3 con normalidad, aunque con demoras en algunos centros de votaci\u00f3n por la implementaci\u00f3n de la Boleta \u00danica Papel. A diferencia de otros distritos, donde la participaci\u00f3n fue la m\u00e1s baja desde 1983, en La Pampa la concurrencia super\u00f3 los pron\u00f3sticos y reforz\u00f3 el clima de expectativa por los resultados finales.<br><br>Si la tendencia se confirma, \u201cDefendemos La Pampa\u201d no s\u00f3lo recuperar\u00e1 la banca perdida en 2021, sino que se convertir\u00e1 en uno de los primeros espacios provinciales en marcarle un l\u00edmite electoral al oficialismo nacional. Un dato que puede cambiar el humor pol\u00edtico del pa\u00eds y encender las alarmas en la Rosada, donde ya circulan versiones sobre un posible cambio de gabinete tras los comicios.<br><br><br>Fuente <\/p>\n\n\n\n<p>.https:\/\/www.laarena.com.ar\/la-pampa\/los-primeros-datos-muestran-una-fuerte-polarizacion-entre-el-pj-y-la-libertad-avanza&#8211;2025102618520<\/p>\n","protected":false},"excerpt":{"rendered":"<p>Con el 30% de las mesas escrutadas, el frente \u201cDefendemos La Pampa\u201d aventaja a La Libertad Avanza por m\u00e1s de cinco puntos. El resultado parcial refleja un voto de resistencia al modelo econ\u00f3mico del gobierno nacional, en una provincia hist\u00f3ricamente castigada por los recortes y la falta de inversi\u00f3n. En una elecci\u00f3n seguida con atenci\u00f3n&#8230;<\/p>\n","protected":false},"author":1,"featured_media":10303,"comment_status":"open","ping_status":"open","sticky":false,"template":"","format":"standard","meta":{"_monsterinsights_skip_tracking":false,"_monsterinsights_sitenote_active":false,"_monsterinsights_sitenote_note":"","_monsterinsights_sitenote_category":0,"footnotes":"","jetpack_publicize_message":"","jetpack_publicize_feature_enabled":true,"jetpack_social_post_already_shared":true,"jetpack_social_options":{"image_generator_settings":{"template":"highway","default_image_id":0,"font":"","enabled":false},"version":2}},"categories":[3949,2],"tags":[],"class_list":["post-10304","post","type-post","status-publish","format-standard","has-post-thumbnail","hentry","category-elecciones","category-politica"],"jetpack_publicize_connections":[],"_links":{"self":[{"href":"https:\/\/www.enorsai.com\/noticias\/wp-json\/wp\/v2\/posts\/10304","targetHints":{"allow":["GET"]}}],"collection":[{"href":"https:\/\/www.enorsai.com\/noticias\/wp-json\/wp\/v2\/posts"}],"about":[{"href":"https:\/\/www.enorsai.com\/noticias\/wp-json\/wp\/v2\/types\/post"}],"author":[{"embeddable":true,"href":"https:\/\/www.enorsai.com\/noticias\/wp-json\/wp\/v2\/users\/1"}],"replies":[{"embeddable":true,"href":"https:\/\/www.enorsai.com\/noticias\/wp-json\/wp\/v2\/comments?post=10304"}],"version-history":[{"count":0,"href":"https:\/\/www.enorsai.com\/noticias\/wp-json\/wp\/v2\/posts\/10304\/revisions"}],"wp:featuredmedia":[{"embeddable":true,"href":"https:\/\/www.enorsai.com\/noticias\/wp-json\/wp\/v2\/media\/10303"}],"wp:attachment":[{"href":"https:\/\/www.enorsai.com\/noticias\/wp-json\/wp\/v2\/media?parent=10304"}],"wp:term":[{"taxonomy":"category","embeddable":true,"href":"https:\/\/www.enorsai.com\/noticias\/wp-json\/wp\/v2\/categories?post=10304"},{"taxonomy":"post_tag","embeddable":true,"href":"https:\/\/www.enorsai.com\/noticias\/wp-json\/wp\/v2\/tags?post=10304"}],"curies":[{"name":"wp","href":"https:\/\/api.w.org\/{rel}","templated":true}]}}