{"id":10285,"date":"2025-10-25T13:47:59","date_gmt":"2025-10-25T16:47:59","guid":{"rendered":"https:\/\/www.enorsai.com\/noticias\/?p=10285"},"modified":"2025-10-25T13:50:56","modified_gmt":"2025-10-25T16:50:56","slug":"el-unico-responsable-de-las-inundaciones-de-la-general-paz-es-el-gobierno-nacional-de-javier-milei","status":"publish","type":"post","link":"https:\/\/www.enorsai.com\/noticias\/politica\/el-unico-responsable-de-las-inundaciones-de-la-general-paz-es-el-gobierno-nacional-de-javier-milei\/","title":{"rendered":"El Gobierno de Javier Milei es el \u00fanico responsable de las inundaciones en la General Paz"},"content":{"rendered":"\n<p>Las im\u00e1genes de autos flotando y vecinos atrapados por el agua volvieron a poner sobre la mesa una pregunta clave: \u00bfde qui\u00e9n depende realmente la Avenida General Paz? La respuesta es clara y documentada: del Gobierno Nacional, bajo la \u00f3rbita de Javier Milei. Ni la Ciudad ni la Provincia tienen competencia sobre su mantenimiento, repavimentaci\u00f3n o desag\u00fces.<br \/><br \/>La escena se repite como una postal tr\u00e1gica del \u00c1rea Metropolitana: cada vez que una tormenta azota Buenos Aires, la Avenida General Paz se transforma en un r\u00edo. Y como siempre, comienza la danza de las culpas. Funcionarios porte\u00f1os y bonaerenses se cruzan acusaciones, las redes hierven y los medios especulan. Pero los hechos son contundentes: la General Paz no pertenece ni a la Ciudad de Buenos Aires ni a la Provincia. Es una ruta nacional \u2014la A001\u2014 y su mantenimiento depende exclusivamente del Gobierno Nacional, a trav\u00e9s de la Direcci\u00f3n Nacional de Vialidad.<br \/><br \/>La informaci\u00f3n fue confirmada por la Agencia Noticias Argentinas, que aclar\u00f3 la confusi\u00f3n habitual: aunque la traza act\u00fae como l\u00edmite jurisdiccional, su control, obras y mantenimiento son responsabilidad federal. En otras palabras, si la avenida se inunda, el responsable pol\u00edtico \u00faltimo es el presidente Javier Milei y su ministro de Infraestructura, quien supervisa a Vialidad Nacional.<br \/><br \/>La gesti\u00f3n cotidiana \u2014repavimentaci\u00f3n, iluminaci\u00f3n, corte de pasto, se\u00f1alizaci\u00f3n y servicios mec\u00e1nicos\u2014 est\u00e1 concesionada a Autopistas del Sol (Ausol), la misma empresa que opera el Acceso Norte, bajo un contrato con el Estado nacional. Es decir, los fondos, las obras y los controles provienen del gobierno central. Ni Jorge Macri desde la Jefatura de Gobierno porte\u00f1a ni Axel Kicillof desde la gobernaci\u00f3n bonaerense pueden intervenir en decisiones estructurales sobre la avenida.<br \/><br \/>Mientras los vecinos se empapan esperando una respuesta, el Ejecutivo libertario mantiene un silencio inc\u00f3modo. Milei, que suele responsabilizar al \u201cEstado ineficiente\u201d de todos los males, parece olvidar que ese Estado hoy es \u00e9l mismo. Los desag\u00fces colapsan, las obras hidr\u00e1ulicas est\u00e1n paralizadas y los recursos para mantenimiento fueron recortados en nombre del \u201cajuste\u201d. El resultado: calles anegadas, tr\u00e1nsito colapsado y miles de ciudadanos afectados por una gesti\u00f3n que prefiere las finanzas de Wall Street a las cloacas de Buenos Aires.<br \/><br \/>En la pr\u00e1ctica, la inacci\u00f3n no es t\u00e9cnica sino pol\u00edtica. El vaciamiento presupuestario de Vialidad Nacional, los despidos masivos en el \u00e1rea de mantenimiento y la paralizaci\u00f3n de obras p\u00fablicas bajo la consigna de \u201cd\u00e9ficit cero\u201d crearon un c\u00f3ctel perfecto para el desastre. Las lluvias s\u00f3lo revelaron lo que el ajuste ya hab\u00eda hundido: la infraestructura b\u00e1sica del pa\u00eds.<br \/><br \/>La Avenida General Paz no se inund\u00f3 por un fen\u00f3meno natural imprevisible, sino por una decisi\u00f3n ideol\u00f3gica deliberada. Cuando el Estado se retira, el agua avanza. Y mientras Milei promete \u201clibertad\u201d a los mercados, la libertad que viven los vecinos es la de ver sus autos flotando en lo que deber\u00eda ser una autopista segura.<br \/><br \/>En tiempos donde el Gobierno Nacional busca desligarse de toda responsabilidad y culpar a otros niveles del Estado, esta evidencia resulta incontestable: la General Paz es federal. Por lo tanto, la responsabilidad tambi\u00e9n lo es. Ni la Ciudad ni la Provincia manejan la concesi\u00f3n, ni controlan las obras, ni administran los fondos. Todo pasa por Naci\u00f3n. Y en este momento, Naci\u00f3n es Javier Milei.<br \/><br \/>Las lluvias, entonces, no s\u00f3lo inundaron la avenida. Dejaron al descubierto la improvisaci\u00f3n, el abandono y el cinismo de una gesti\u00f3n que promete eficiencia mientras el agua arrastra su relato.<br \/><\/p>\n\n\n\n<p>Fuente <\/p>\n\n\n\n<p>.https:\/\/noticiasargentinas.com\/interes-general\/ni-caba-ni-provincia&#8211;que-gobierno-es-el-responsable-del-mantenimiento-de-la-avenida-general-paz_a68fcec5fcd47f2e2fa6009d4<\/p>\n","protected":false},"excerpt":{"rendered":"<p>Las im\u00e1genes de autos flotando y vecinos atrapados por el agua volvieron a poner sobre la mesa una pregunta clave: \u00bfde qui\u00e9n depende realmente la Avenida General Paz? La respuesta es clara y documentada: del Gobierno Nacional, bajo la \u00f3rbita de Javier Milei. Ni la Ciudad ni la Provincia tienen competencia sobre su mantenimiento, repavimentaci\u00f3n&#8230;<\/p>\n","protected":false},"author":9,"featured_media":10284,"comment_status":"open","ping_status":"open","sticky":false,"template":"","format":"standard","meta":{"_monsterinsights_skip_tracking":false,"_monsterinsights_sitenote_active":false,"_monsterinsights_sitenote_note":"","_monsterinsights_sitenote_category":0,"footnotes":"","jetpack_publicize_message":"","jetpack_publicize_feature_enabled":true,"jetpack_social_post_already_shared":true,"jetpack_social_options":{"image_generator_settings":{"template":"highway","default_image_id":0,"font":"","enabled":false},"version":2}},"categories":[2],"tags":[],"class_list":["post-10285","post","type-post","status-publish","format-standard","has-post-thumbnail","hentry","category-politica"],"jetpack_publicize_connections":[],"_links":{"self":[{"href":"https:\/\/www.enorsai.com\/noticias\/wp-json\/wp\/v2\/posts\/10285","targetHints":{"allow":["GET"]}}],"collection":[{"href":"https:\/\/www.enorsai.com\/noticias\/wp-json\/wp\/v2\/posts"}],"about":[{"href":"https:\/\/www.enorsai.com\/noticias\/wp-json\/wp\/v2\/types\/post"}],"author":[{"embeddable":true,"href":"https:\/\/www.enorsai.com\/noticias\/wp-json\/wp\/v2\/users\/9"}],"replies":[{"embeddable":true,"href":"https:\/\/www.enorsai.com\/noticias\/wp-json\/wp\/v2\/comments?post=10285"}],"version-history":[{"count":2,"href":"https:\/\/www.enorsai.com\/noticias\/wp-json\/wp\/v2\/posts\/10285\/revisions"}],"predecessor-version":[{"id":10287,"href":"https:\/\/www.enorsai.com\/noticias\/wp-json\/wp\/v2\/posts\/10285\/revisions\/10287"}],"wp:featuredmedia":[{"embeddable":true,"href":"https:\/\/www.enorsai.com\/noticias\/wp-json\/wp\/v2\/media\/10284"}],"wp:attachment":[{"href":"https:\/\/www.enorsai.com\/noticias\/wp-json\/wp\/v2\/media?parent=10285"}],"wp:term":[{"taxonomy":"category","embeddable":true,"href":"https:\/\/www.enorsai.com\/noticias\/wp-json\/wp\/v2\/categories?post=10285"},{"taxonomy":"post_tag","embeddable":true,"href":"https:\/\/www.enorsai.com\/noticias\/wp-json\/wp\/v2\/tags?post=10285"}],"curies":[{"name":"wp","href":"https:\/\/api.w.org\/{rel}","templated":true}]}}