{"id":1028,"date":"2025-02-11T06:00:00","date_gmt":"2025-02-11T09:00:00","guid":{"rendered":"http:\/\/www.enorsai.com\/noticias\/?p=1028"},"modified":"2025-02-11T05:49:52","modified_gmt":"2025-02-11T08:49:52","slug":"casi-3-000-despidos-de-trabajadores-petroleros-podrian-generar-una-crisis-inedita-en-santa-cruz","status":"publish","type":"post","link":"https:\/\/www.enorsai.com\/noticias\/politica\/casi-3-000-despidos-de-trabajadores-petroleros-podrian-generar-una-crisis-inedita-en-santa-cruz\/","title":{"rendered":"Casi 3.000 despidos de trabajadores petroleros podr\u00edan generar una crisis in\u00e9dita en Santa Cruz"},"content":{"rendered":"\n<p><strong>Denuncian que las cesant\u00edas son producto de falta de inversi\u00f3n. Dentro del gremio hay cr\u00edticas al gobernador de Santa Cruz e incluso al propio sindicato.<\/strong><\/p>\n\n\n\n<p>El Sindicato de&nbsp;<strong><a href=\"http:\/\/gestionsindical.com\/tag\/petroleros-privados\">Petroleros Privados<\/a><\/strong>&nbsp;de&nbsp;<strong><a href=\"http:\/\/gestionsindical.com\/tag\/santa-cruz\">Santa Cruz<\/a><\/strong>&nbsp;se encuentra en estado de alerta y movilizaci\u00f3n ante los&nbsp;<strong><a href=\"http:\/\/gestionsindical.com\/tag\/despidos\">despidos&nbsp;<\/a><\/strong>masivos que tuvieron lugar en la planta de producci\u00f3n de&nbsp;<strong><a href=\"http:\/\/gestionsindical.com\/tag\/ypf\">YPF&nbsp;<\/a><\/strong>en la localidad de Pico Truncado. El enorme recorte fue sorpresivo y se produce, de acuerdo con lo expresado por el gremio, por falta de inversi\u00f3n, aunque tambi\u00e9n hay cuestionamientos de caracter interno.<\/p>\n\n\n\n<p>Los telegramas aparecieron en las \u00faltimas horas y el sindicato convoc\u00f3 de urgencia a una asamblea para discutir los pasos a seguir ante los 2.800 despidos. La chance es avanzar hacia un paro pero primero quieren explicaciones de parte de la empresa y que se involucre el gobernador, el petrolero&nbsp;<strong>Claudio Vidal<\/strong>, quien hasta el momento no se ha expresado.<\/p>\n\n\n\n<p>Seg\u00fan trascendi\u00f3, las autoridades sindicales pidieron tranquilidad a los trabajadores, advirtieron que no van a tolerar despidos y se\u00f1alaron que \u201cno se permitir\u00e1n aprietes a los afiliados ni a los 1.000 que se han acogido al retiro voluntario\u201d, una de las pol\u00edticas que se encararon en los \u00faltimos meses para recortar la planta de empleados.<\/p>\n\n\n\n<p>No son pocos los trabajadores que mostraron su malestar en la asamblea por no haber llegado a un&nbsp;<strong>acuerdo indemnizatorio&nbsp;<\/strong>y que tambi\u00e9n denunciaron irregularidades en las liquidaciones de los \u00faltimos haberes.<\/p>\n\n\n\n<figure class=\"wp-block-image\"><img decoding=\"async\" src=\"https:\/\/gestionsindical.com\/wp-content\/uploads\/2025\/02\/Screenshot_4-17.jpg\" alt=\"Santa Cruz, Claudio Vidal\" class=\"wp-image-64916\"\/><\/figure>\n\n\n\n<p><sub>Santa Cruz: Claudio Vidal, un gobernador petrolero en problemas con el gremio.<\/sub><\/p>\n\n\n\n<p><\/p>\n\n\n\n<h2 class=\"wp-block-heading\">Santa Cruz: \u00abEl sindicato no hace nada\u00bb<\/h2>\n\n\n\n<p>\u201cSe est\u00e1n llevando todo y el sindicato no hace nada. Hubo un tiempo en el que hab\u00edan bloqueado la salida de los camiones para impedir que se llevaran los equipos, pero se ve que arreglaron. Hoy estamos solos viendo c\u00f3mo se nos cagan de risa en la cara cuando suben a la ruta los equipos para llevarlos a las bases\u201d, se pudo leer en uno de los posteos que public\u00f3 uno de los trabajadores perjudicados por el ajuste de personal.<\/p>\n\n\n\n<blockquote class=\"wp-block-quote is-layout-flow wp-block-quote-is-layout-flow\">\n<p>Seg\u00fan pudo saber este medio, se cocina la idea de que exista una movilizaci\u00f3n sin el aval del gremio. \u201cLos trabajadores petroleros santacruce\u00f1os tenemos una larga experiencia de grandes luchas, movilizaciones, piquetes, bloqueos para no dejar salir los equipos de las bases, etceter\u00e1. Es por todo esto que urge la realizaci\u00f3n de una gran asamblea general autoconvocada y\u00a0<strong>un plan de lucha para enfrentar los 2.800 despidos,\u00a0<\/strong>defender los puestos de trabajo de todos e impedir la baja de los equipos de torre\u201d, es el mensaje que empez\u00f3 a circular en un grupo de Whatsapp.<\/p>\n\n\n\n<p>Asimismo, pidieron aunar esfuerzos con otras agrupaciones sindicales. \u201cHoy m\u00e1s que nunca es necesario unir esta gran lucha petrolera y provincial con la necesidad de un paro activo nacional para torcerle el brazo a la pol\u00edtica de hambre, represi\u00f3n y entrega de\u00a0<strong>Milei<\/strong>. Y avanzar en la defensa de nuestros recursos estrat\u00e9gicos con una\u00a0<strong>YPF\u00a0<\/strong>ciento por ciento estatal, controlada por los trabajadores, t\u00e9cnicos, profesionales, las provincias y la Naci\u00f3n\u201d, comentaron.<\/p>\n\n\n\n<p><strong>Fuente<\/strong>:<a href=\"https:\/\/use1.smartadserver.com\/click?imgid=39947236&amp;insid=12220470&amp;pgid=1627699&amp;fmtid=114249&amp;ckid=2549304669825950450&amp;uii=4377753070359643620&amp;acd=1739262976955&amp;opid=0549719c-5868-4413-a6f5-0242ec551367&amp;opdt=1739262976746&amp;tmstp=5047587905&amp;tgt=%24dt%3d1t%3b%24dt%3d1t%3b%24hc&amp;systgt=%24qc%3d1308598250%3b%24ql%3dUnknown%3b%24qpc%3dc1001%3b%24qt%3d162_4143_117732t%3b%24dma%3d0%3b%24qo%3d8%3b%24b%3d16999%3b%24o%3d11100%3b%24sw%3d1280%3b%24sh%3d768%3b%24wpc%3d32132%2c39991%2c40243%2c39937%2c39934%2c39986%2c42233&amp;envtype=0&amp;imptype=0&amp;bldv=1000&amp;gdpr=0&amp;pgDomain=https%3a%2f%2fgestionsindical.com%2fcasi-3-000-despidos-trabajadores-petroleros-podrian-generar-crisis-inedita-santa-cruz%2f&amp;cappid=2549304669825950450&amp;eqs=d9674d386ca0394d2e378baa0385f422a1fdfd9b&amp;go=https%3a%2f%2fwww.ub.edu.ar%2f%3futm_source%3dmediosfederales%26utm_medium%3dmediosfederales%26utm_campaign%3dUB\" target=\"_blank\" rel=\"noreferrer noopener\"><\/a><\/p>\n\n\n\n<ul class=\"wp-block-list\">\n<li><a href=\"https:\/\/gestionsindical.com\/casi-3-000-despidos-trabajadores-petroleros-podrian-generar-crisis-inedita-santa-cruz\/\">https:\/\/gestionsindical.com\/casi-3-000-despidos-trabajadores-petroleros-podrian-generar-crisis-inedita-santa-cruz\/<\/a><\/li>\n<\/ul>\n<\/blockquote>\n","protected":false},"excerpt":{"rendered":"<p>Denuncian que las cesant\u00edas son producto de falta de inversi\u00f3n. Dentro del gremio hay cr\u00edticas al gobernador de Santa Cruz e incluso al propio sindicato. El Sindicato de&nbsp;Petroleros Privados&nbsp;de&nbsp;Santa Cruz&nbsp;se encuentra en estado de alerta y movilizaci\u00f3n ante los&nbsp;despidos&nbsp;masivos que tuvieron lugar en la planta de producci\u00f3n de&nbsp;YPF&nbsp;en la localidad de Pico Truncado. El enorme&#8230;<\/p>\n","protected":false},"author":1,"featured_media":1030,"comment_status":"open","ping_status":"open","sticky":false,"template":"","format":"standard","meta":{"_monsterinsights_skip_tracking":false,"_monsterinsights_sitenote_active":false,"_monsterinsights_sitenote_note":"","_monsterinsights_sitenote_category":0,"footnotes":"","jetpack_publicize_message":"","jetpack_publicize_feature_enabled":true,"jetpack_social_post_already_shared":true,"jetpack_social_options":{"image_generator_settings":{"template":"highway","default_image_id":0,"font":"","enabled":false},"version":2}},"categories":[2,4],"tags":[193,412,414,413,411],"class_list":["post-1028","post","type-post","status-publish","format-standard","has-post-thumbnail","hentry","category-politica","category-sociedad","tag-despidos","tag-petroleros","tag-santa-cruz","tag-sindicato","tag-ypf"],"jetpack_publicize_connections":[],"_links":{"self":[{"href":"https:\/\/www.enorsai.com\/noticias\/wp-json\/wp\/v2\/posts\/1028","targetHints":{"allow":["GET"]}}],"collection":[{"href":"https:\/\/www.enorsai.com\/noticias\/wp-json\/wp\/v2\/posts"}],"about":[{"href":"https:\/\/www.enorsai.com\/noticias\/wp-json\/wp\/v2\/types\/post"}],"author":[{"embeddable":true,"href":"https:\/\/www.enorsai.com\/noticias\/wp-json\/wp\/v2\/users\/1"}],"replies":[{"embeddable":true,"href":"https:\/\/www.enorsai.com\/noticias\/wp-json\/wp\/v2\/comments?post=1028"}],"version-history":[{"count":1,"href":"https:\/\/www.enorsai.com\/noticias\/wp-json\/wp\/v2\/posts\/1028\/revisions"}],"predecessor-version":[{"id":1031,"href":"https:\/\/www.enorsai.com\/noticias\/wp-json\/wp\/v2\/posts\/1028\/revisions\/1031"}],"wp:featuredmedia":[{"embeddable":true,"href":"https:\/\/www.enorsai.com\/noticias\/wp-json\/wp\/v2\/media\/1030"}],"wp:attachment":[{"href":"https:\/\/www.enorsai.com\/noticias\/wp-json\/wp\/v2\/media?parent=1028"}],"wp:term":[{"taxonomy":"category","embeddable":true,"href":"https:\/\/www.enorsai.com\/noticias\/wp-json\/wp\/v2\/categories?post=1028"},{"taxonomy":"post_tag","embeddable":true,"href":"https:\/\/www.enorsai.com\/noticias\/wp-json\/wp\/v2\/tags?post=1028"}],"curies":[{"name":"wp","href":"https:\/\/api.w.org\/{rel}","templated":true}]}}