{"id":10277,"date":"2025-10-25T09:09:37","date_gmt":"2025-10-25T12:09:37","guid":{"rendered":"https:\/\/www.enorsai.com\/noticias\/?p=10277"},"modified":"2025-10-25T09:13:24","modified_gmt":"2025-10-25T12:13:24","slug":"axel-kicillof-llama-a-frenar-el-ajuste-libertario-y-acusa-a-milei-de-vivir-en-otra-realidad","status":"publish","type":"post","link":"https:\/\/www.enorsai.com\/noticias\/politica\/axel-kicillof-llama-a-frenar-el-ajuste-libertario-y-acusa-a-milei-de-vivir-en-otra-realidad\/","title":{"rendered":"Axel Kicillof llama a frenar el ajuste libertario y acusa a Milei de \u201cvivir en otra realidad\u201d"},"content":{"rendered":"\n<p>El gobernador bonaerense public\u00f3 un video en redes sociales en el que advirti\u00f3 que el presidente \u201crespalda candidatos financiados por el narcotr\u00e1fico y entrega la econom\u00eda a Estados Unidos\u201d. Convoc\u00f3 a votar por Fuerza Patria para \u201cfrenar la pesadilla libertaria\u201d.<br><br>A horas del inicio de la veda electoral, Axel Kicillof lanz\u00f3 un mensaje pol\u00edtico con tono de balance y advertencia. Critic\u00f3 con dureza el rumbo econ\u00f3mico del gobierno de Javier Milei, lo acus\u00f3 de ignorar el mandato popular y de agravar el ajuste que castiga a millones de argentinos. \u201cNo escuch\u00f3 al pueblo ni a la Constituci\u00f3n\u201d, dispar\u00f3 el gobernador bonaerense, mientras llam\u00f3 a \u201csumar fuerzas para que el futuro se decida en la Argentina\u201d.<br><br>Axel Kicillof eligi\u00f3 el filo de la veda electoral para dar un mensaje contundente: \u201cVolvamos a sumar fuerzas\u201d. El gobernador bonaerense, una de las figuras m\u00e1s s\u00f3lidas de la oposici\u00f3n al gobierno libertario, public\u00f3 en sus redes sociales un video donde volvi\u00f3 a marcar distancia con el presidente Javier Milei y su modelo econ\u00f3mico, al que calific\u00f3 como \u201cuna pesadilla para las mayor\u00edas\u201d.<br><br>El mandatario provincial record\u00f3 que el 7 de septiembre \u201clos bonaerenses ya le hab\u00edan dicho que no al ajuste\u201d en las elecciones locales, pero que el presidente \u201cdecidi\u00f3 no escuchar\u201d. \u201cLe pidieron rectificar un modelo que est\u00e1 destruyendo el trabajo, la producci\u00f3n y la vida cotidiana de millones de argentinos, y eligi\u00f3 redoblar la apuesta\u201d, se\u00f1al\u00f3 con dureza.<br><br>Kicillof traz\u00f3 un diagn\u00f3stico que combina cr\u00edtica econ\u00f3mica, denuncia pol\u00edtica y apelaci\u00f3n emocional. \u201cNo escuch\u00f3 que se le exigi\u00f3 gobernar dentro de la Constituci\u00f3n, sin promover el odio. No escuch\u00f3 que se le pidi\u00f3 reactivar las obras que fren\u00f3 y devolver los recursos que les rob\u00f3 a las provincias\u201d, afirm\u00f3, retomando uno de los principales reclamos de los gobernadores del interior ante la asfixia presupuestaria que impuso el Ejecutivo nacional.<br><br>En su mensaje, el gobernador fue m\u00e1s all\u00e1 y vincul\u00f3 al presidente con intereses espurios. \u201cRespald\u00f3 un candidato financiado por el narcotr\u00e1fico y entreg\u00f3 el manejo de nuestra econom\u00eda al gobierno de los Estados Unidos. Mientras tanto, lo vimos festejar y cantar mientras el pa\u00eds atravesaba d\u00edas de mucha angustia\u201d, expres\u00f3. La frase, m\u00e1s pol\u00edtica que diplom\u00e1tica, pone en evidencia la tensi\u00f3n entre el federalismo provincial y la concentraci\u00f3n de poder econ\u00f3mico en manos del Ejecutivo nacional.<br><br>El tono del video se mueve entre la indignaci\u00f3n y la convocatoria. Kicillof busca interpelar a un electorado golpeado por la inflaci\u00f3n, la ca\u00edda del salario real y la desindustrializaci\u00f3n, pero tambi\u00e9n a quienes a\u00fan dudan frente a un gobierno que prometi\u00f3 \u201clibertad\u201d y entreg\u00f3 miseria. \u201cEst\u00e1 en otra realidad\u201d, sentenci\u00f3, marcando la desconexi\u00f3n de Milei con la vida cotidiana de la gente com\u00fan.<br><br>En ese contexto, Kicillof propone una alternativa: \u201cNo estamos condenados a esta pesadilla. Hay otro camino. El de un Estado que proteja, que invierta, que haga obras y trabaje por un futuro m\u00e1s justo para las mayor\u00edas\u201d. La frase no solo resume su visi\u00f3n de gesti\u00f3n, sino que tambi\u00e9n busca rearmar un discurso pol\u00edtico en torno a la defensa del Estado como garante del bienestar colectivo, en un momento donde el discurso oficial intenta vaciarlo de sentido.<br><br>\u201cEste domingo tenemos una nueva oportunidad. Con una simple marca en la opci\u00f3n de Fuerza Patria pod\u00e9s defender lo que seguimos haciendo junto a tu intendente\u201d, convoc\u00f3, con tono pedag\u00f3gico y emocional. El mensaje, directo al votante bonaerense, intenta convertir la bronca en participaci\u00f3n, la frustraci\u00f3n en acci\u00f3n.<br><br>Detr\u00e1s del video, hay un claro intento de reposicionar al peronismo como opci\u00f3n frente al caos libertario. Kicillof no solo desaf\u00eda a Milei, sino que intenta mantener viva una idea de comunidad frente a la fragmentaci\u00f3n social. En tiempos donde la pol\u00edtica parece haberse vuelto espect\u00e1culo y ajuste, su discurso se diferencia por rescatar una noci\u00f3n de proyecto colectivo.<br><br>\u201cFuerza Patria\u201d \u2014la coalici\u00f3n que integra junto a Sergio Massa y Juan Grabois\u2014 busca reconstruir desde la provincia la esperanza nacional. Y aunque la incertidumbre domina el clima pol\u00edtico, Kicillof apuesta a un voto consciente, uno que ponga l\u00edmites a la crueldad del ajuste. Su mensaje, entre la cr\u00edtica y la esperanza, suena como un llamado a recuperar lo b\u00e1sico: el sentido de patria.<br><br>Fuente <\/p>\n\n\n\n<p><\/p>\n","protected":false},"excerpt":{"rendered":"<p>El gobernador bonaerense public\u00f3 un video en redes sociales en el que advirti\u00f3 que el presidente \u201crespalda candidatos financiados por el narcotr\u00e1fico y entrega la econom\u00eda a Estados Unidos\u201d. Convoc\u00f3 a votar por Fuerza Patria para \u201cfrenar la pesadilla libertaria\u201d. A horas del inicio de la veda electoral, Axel Kicillof lanz\u00f3 un mensaje pol\u00edtico con&#8230;<\/p>\n","protected":false},"author":11,"featured_media":10276,"comment_status":"open","ping_status":"open","sticky":false,"template":"","format":"standard","meta":{"_monsterinsights_skip_tracking":false,"_monsterinsights_sitenote_active":false,"_monsterinsights_sitenote_note":"","_monsterinsights_sitenote_category":0,"footnotes":"","jetpack_publicize_message":"","jetpack_publicize_feature_enabled":true,"jetpack_social_post_already_shared":true,"jetpack_social_options":{"image_generator_settings":{"template":"highway","default_image_id":0,"font":"","enabled":false},"version":2}},"categories":[3949,2],"tags":[],"class_list":["post-10277","post","type-post","status-publish","format-standard","has-post-thumbnail","hentry","category-elecciones","category-politica"],"jetpack_publicize_connections":[],"_links":{"self":[{"href":"https:\/\/www.enorsai.com\/noticias\/wp-json\/wp\/v2\/posts\/10277","targetHints":{"allow":["GET"]}}],"collection":[{"href":"https:\/\/www.enorsai.com\/noticias\/wp-json\/wp\/v2\/posts"}],"about":[{"href":"https:\/\/www.enorsai.com\/noticias\/wp-json\/wp\/v2\/types\/post"}],"author":[{"embeddable":true,"href":"https:\/\/www.enorsai.com\/noticias\/wp-json\/wp\/v2\/users\/11"}],"replies":[{"embeddable":true,"href":"https:\/\/www.enorsai.com\/noticias\/wp-json\/wp\/v2\/comments?post=10277"}],"version-history":[{"count":1,"href":"https:\/\/www.enorsai.com\/noticias\/wp-json\/wp\/v2\/posts\/10277\/revisions"}],"predecessor-version":[{"id":10278,"href":"https:\/\/www.enorsai.com\/noticias\/wp-json\/wp\/v2\/posts\/10277\/revisions\/10278"}],"wp:featuredmedia":[{"embeddable":true,"href":"https:\/\/www.enorsai.com\/noticias\/wp-json\/wp\/v2\/media\/10276"}],"wp:attachment":[{"href":"https:\/\/www.enorsai.com\/noticias\/wp-json\/wp\/v2\/media?parent=10277"}],"wp:term":[{"taxonomy":"category","embeddable":true,"href":"https:\/\/www.enorsai.com\/noticias\/wp-json\/wp\/v2\/categories?post=10277"},{"taxonomy":"post_tag","embeddable":true,"href":"https:\/\/www.enorsai.com\/noticias\/wp-json\/wp\/v2\/tags?post=10277"}],"curies":[{"name":"wp","href":"https:\/\/api.w.org\/{rel}","templated":true}]}}