{"id":10266,"date":"2025-10-24T21:33:03","date_gmt":"2025-10-25T00:33:03","guid":{"rendered":"https:\/\/www.enorsai.com\/noticias\/?p=10266"},"modified":"2026-03-21T20:05:23","modified_gmt":"2026-03-21T23:05:23","slug":"manuel-adorni-mintio-uso-recursos-del-estado-para-producir-su-streaming-fake-78","status":"publish","type":"post","link":"https:\/\/www.enorsai.com\/noticias\/politica\/manuel-adorni-mintio-uso-recursos-del-estado-para-producir-su-streaming-fake-78\/","title":{"rendered":"Manuel Adorni minti\u00f3: us\u00f3 recursos del Estado para producir su streaming \u201cFake 7,8\u201d"},"content":{"rendered":"\n<p>El vocero presidencial, Manuel Adorni, convirti\u00f3 su oficina en un estudio de televisi\u00f3n financiado por el Estado. Seg\u00fan documentaci\u00f3n oficial, el programa <em>Fake 7,8<\/em> se realiza con personal, equipos y espacio de la Presidencia. Lo que se presenta como \u201ccomunicaci\u00f3n institucional\u201d parece, en los hechos, un reality pol\u00edtico donde se ataca periodistas con fondos p\u00fablicos.<\/p>\n\n\n\n<p>La historia comenz\u00f3 con un simple tuit. El periodista Jon Heguier se pregunt\u00f3, con cierta mezcla de indignaci\u00f3n y humor: \u201c\u00bfUsaron miles de pesos de recursos humanos del Estado para armar un stream donde la mitad del programa est\u00e1 hecho para cuestionar dos tuits m\u00edos?\u201d. La respuesta lleg\u00f3 con la iron\u00eda de quien se cree intocable: \u201cEl viernes que viene a las 13 horas en <em>Fake, 7,8<\/em> desmentiremos esto. Fin\u201d, escribi\u00f3 Manuel Adorni, vocero presidencial y autoproclamado presentador de su propio show pol\u00edtico.<\/p>\n\n\n\n<p>El problema es que el <em>fin<\/em> no fue tal. D\u00edas m\u00e1s tarde, el periodista Grego Tatian public\u00f3 documentos oficiales obtenidos por el mecanismo de acceso a la informaci\u00f3n p\u00fablica que confirmaron lo que muchos sospechaban: el programa <em>Fake 7, 8<\/em> se realiza con recursos del Estado nacional, dentro de las instalaciones de la Presidencia, con personal p\u00fablico y equipamiento institucional. Todo, claro, \u201csin erogaciones adicionales\u201d, seg\u00fan la respuesta burocr\u00e1tica que intenta presentar como normal lo que en cualquier democracia ser\u00eda, al menos, discutible.<\/p>\n\n\n\n<figure class=\"wp-block-embed is-type-rich is-provider-twitter wp-block-embed-twitter\"><div class=\"wp-block-embed__wrapper\">\n<blockquote class=\"twitter-tweet\" data-width=\"550\" data-dnt=\"true\"><p lang=\"es\" dir=\"ltr\">Ten\u00eda raz\u00f3n <a href=\"https:\/\/twitter.com\/JonHeguier?ref_src=twsrc%5Etfw\">@JonHeguier<\/a>. Es oficial: <a href=\"https:\/\/twitter.com\/madorni?ref_src=twsrc%5Etfw\">@madorni<\/a> hace su streaming Fake, 7, 8 en instalaciones del Estado, con trabajo de agentes p\u00fablicos y uso de equipos pertenecientes a Presidencia.<br><br>\u00bfEs un contenido institucional? \u00bfPor qu\u00e9 se sube a su cuenta personal? <a href=\"https:\/\/t.co\/EUnx4ZI2U2\">https:\/\/t.co\/EUnx4ZI2U2<\/a> <a href=\"https:\/\/t.co\/k7NPlYHRzt\">pic.twitter.com\/k7NPlYHRzt<\/a><\/p>&mdash; Grego Tatian (@GregoTatian) <a href=\"https:\/\/twitter.com\/GregoTatian\/status\/1981474646714188191?ref_src=twsrc%5Etfw\">October 23, 2025<\/a><\/blockquote><script async src=\"https:\/\/platform.twitter.com\/widgets.js\" charset=\"utf-8\"><\/script>\n<\/div><\/figure>\n\n\n\n<p>El texto de la Secretar\u00eda de Comunicaci\u00f3n y Medios, amparado en el Decreto 839\/2024, reconoce que el streaming se desarrolla \u201cen el marco de las competencias propias de la Subsecretar\u00eda de Vocer\u00eda y Comunicaci\u00f3n de Gobierno\u201d. Traducido al castellano: el Estado produce, graba y difunde un programa conducido por el vocero presidencial, desde la Casa Rosada, y que se sube \u2014parad\u00f3jicamente\u2014 a la cuenta personal de Adorni. Un delirio de manual.<\/p>\n\n\n\n<p>Y entonces, el guion se dio vuelta. Porque el vocero que prometi\u00f3 \u201cdesmentir\u201d termin\u00f3 siendo desmentido. Cuando Manuel Adorni le contest\u00f3 a Jon Heguier que \u201cel viernes en <em>Fake 7,8<\/em>\u201d demostrar\u00eda que no se usaban recursos del Estado, omiti\u00f3 un peque\u00f1o detalle: los documentos oficiales de la propia Presidencia confirmar\u00edan exactamente lo contrario. Es decir, mientras negaba en p\u00fablico lo que ocurr\u00eda en los despachos, <strong>minti\u00f3<\/strong>. O, si se prefiere un eufemismo m\u00e1s elegante, <strong>falt\u00f3 a la verdad con fondos p\u00fablicos<\/strong>.<\/p>\n\n\n\n<p>La iron\u00eda es perfecta: el hombre encargado de combatir las \u201cfake news\u201d termin\u00f3 protagonizando una. El programa que se presenta como una cruzada contra la desinformaci\u00f3n se desmorona frente a la evidencia administrativa. En lugar de desmentir, Adorni qued\u00f3 desmentido por su propia oficina, atrapado en el espejo invertido del gobierno que dice defender la transparencia mientras la usa de cortina.<\/p>\n\n\n\n<p>El mismo decreto detalla que la Subsecretar\u00eda debe asistir en la \u201ccomunicaci\u00f3n de la Presidencia y del Gobierno\u201d y producir contenidos institucionales. Pero cuesta imaginar qu\u00e9 tiene de institucional un ciclo que dedica la mitad de su tiempo a burlarse de periodistas, responder memes o lanzar sarcasmos contra opositores. Si eso es comunicaci\u00f3n de gobierno, el bolet\u00edn oficial deber\u00eda venir con risas grabadas.<\/p>\n\n\n\n<p>Lo m\u00e1s ins\u00f3lito es la naturalidad con la que el Gobierno reconoce el uso de recursos p\u00fablicos. En el documento se se\u00f1ala, sin rubor alguno, que \u201clos recursos materiales empleados (c\u00e1maras, tr\u00edpodes u otros) corresponden a bienes disponibles en dependencias de la Presidencia y se utilizan dentro de su destino institucional\u201d. Es decir: c\u00e1maras, micr\u00f3fonos, t\u00e9cnicos y electricidad pagados por todos los argentinos para que el vocero se filme desmintiendo tuits de periodistas. La \u201ccasta\u201d parece haberse mudado al set de <em>Fake 7, 8<\/em>.<\/p>\n\n\n\n<p>El contraste con la pr\u00e9dica libertaria es evidente. Mientras el Gobierno recorta becas, jubilaciones y presupuesto universitario bajo el mantra del \u201cno hay plata\u201d, Adorni s\u00ed tiene recursos, equipos y tiempo para su programa personal. No hay plata para los jubilados, pero hay luces y tr\u00edpodes para el vocero. No hay fondos para los cient\u00edficos, pero hay streaming semanal en HD desde Balcarce 50.<\/p>\n\n\n\n<p>M\u00e1s a\u00fan: el propio Adorni justific\u00f3 la existencia del programa con una frase que condensa el esp\u00edritu del mile\u00edsmo comunicacional: \u201cDesmentimos mentiras\u201d. El detalle es que las \u201cmentiras\u201d suelen ser cr\u00edticas period\u00edsticas. Es decir, el Estado se financia a s\u00ed mismo una oficina de respuesta a la prensa, como si el poder necesitara un set de TV para contestar lo que antes se resolv\u00eda con datos, gesti\u00f3n o simples resultados.<\/p>\n\n\n\n<p><em>Fake 7, 8<\/em>, nombre que busca ironizar sobre el viejo <em>6, 7, 8<\/em> kirchnerista, termina replicando lo que dec\u00eda repudiar: un aparato comunicacional financiado con fondos p\u00fablicos para defender al gobierno de turno. Cambian las caras, no las pr\u00e1cticas. Si aquel programa fue acusado de militante, este ni siquiera disimula. El humor corrosivo y el sarcasmo institucionalizado son la nueva estrategia del Estado mile\u00edsta: gastar menos en todo, salvo en propaganda.<\/p>\n\n\n\n<p>El periodista Heguier lo sintetiz\u00f3 mejor que nadie: \u201cDenle esa guita a los jubilados que la est\u00e1n pasando muy mal\u201d. Y tiene raz\u00f3n. Porque el verdadero <em>fake<\/em> no est\u00e1 en los t\u00edtulos de los medios, sino en un gobierno que promete austeridad mientras convierte la Casa Rosada en un estudio de streaming.<\/p>\n\n\n\n<p>A esta altura, el debate sobre si <em>Fake 7, 8<\/em> es \u201cinstitucional\u201d o \u201cpersonal\u201d se vuelve casi filos\u00f3fico. \u00bfPuede algo ser institucional cuando ataca personas? \u00bfPuede algo ser p\u00fablico cuando se publica en la cuenta privada de su conductor? Adorni responde desde el set; el pueblo, desde la heladera. Mientras el pa\u00eds se ajusta, el vocero se maquilla.<\/p>\n\n\n\n<hr class=\"wp-block-separator has-alpha-channel-opacity\"\/>\n\n\n\n<h3 class=\"wp-block-heading\"><strong>Fuentes consultadas y verificadas:<\/strong><\/h3>\n\n\n\n<ul class=\"wp-block-list\">\n<li><strong>Bolet\u00edn Oficial de la Rep\u00fablica Argentina<\/strong> \u2013 \u201cDecreto 839\/2024 \u2013 Secretar\u00eda de Comunicaci\u00f3n y Medios\u201d<br><a href=\"https:\/\/www.boletinoficial.gov.ar\/detalleAviso\/primera\/314235\/20240919\">https:\/\/www.boletinoficial.gov.ar\/detalleAviso\/primera\/314235\/20240919<\/a><\/li>\n\n\n\n<li><strong>Portal oficial del Gobierno argentino<\/strong> \u2013 \u201cSubsecretar\u00eda de Prensa \u2013 Directos\u201d<br><a href=\"https:\/\/www.argentina.gob.ar\/subsecretaria-de-prensa\/directos\">https:\/\/www.argentina.gob.ar\/subsecretaria-de-prensa\/directos<\/a><\/li>\n\n\n\n<li><strong>Chequeado<\/strong> \u2013 \u201cVideo: \u2018Fake 7,8\u2019, el streaming de Manuel Adorni donde se propone desmentir noticias falsas\u201d<br><a href=\"https:\/\/chequeado.com\/el-explicador\/video-fake-7-8-el-streaming-de-manuel-adorni-en-donde-se-propone-desmentir-noticias-falsas\">https:\/\/chequeado.com\/el-explicador\/video-fake-7-8-el-streaming-de-manuel-adorni-en-donde-se-propone-desmentir-noticias-falsas<\/a><\/li>\n\n\n\n<li><strong>Publicaci\u00f3n de Grego Tatian<\/strong> \u2013 Documento de acceso a la informaci\u00f3n p\u00fablica difundido en redes (julio 2025).<\/li>\n\n\n\n<li><strong>Publicaci\u00f3n de Jon Heguier<\/strong> \u2013 Posteo en X (11 de julio de 2025).<\/li>\n<\/ul>\n","protected":false},"excerpt":{"rendered":"<p>El vocero presidencial, Manuel Adorni, convirti\u00f3 su oficina en un estudio de televisi\u00f3n financiado por el Estado. Seg\u00fan documentaci\u00f3n oficial, el programa Fake 7,8 se realiza con personal, equipos y espacio de la Presidencia. Lo que se presenta como \u201ccomunicaci\u00f3n institucional\u201d parece, en los hechos, un reality pol\u00edtico donde se ataca periodistas con fondos p\u00fablicos&#8230;.<\/p>\n","protected":false},"author":1,"featured_media":10267,"comment_status":"open","ping_status":"open","sticky":false,"template":"","format":"standard","meta":{"_monsterinsights_skip_tracking":false,"_monsterinsights_sitenote_active":false,"_monsterinsights_sitenote_note":"","_monsterinsights_sitenote_category":0,"footnotes":"","jetpack_publicize_message":"","jetpack_publicize_feature_enabled":true,"jetpack_social_post_already_shared":true,"jetpack_social_options":{"image_generator_settings":{"template":"highway","default_image_id":0,"font":"","enabled":false},"version":2}},"categories":[3947,2,4863],"tags":[],"class_list":["post-10266","post","type-post","status-publish","format-standard","has-post-thumbnail","hentry","category-corrupcion","category-politica","category-vuelos-de-adorni"],"jetpack_publicize_connections":[],"_links":{"self":[{"href":"https:\/\/www.enorsai.com\/noticias\/wp-json\/wp\/v2\/posts\/10266","targetHints":{"allow":["GET"]}}],"collection":[{"href":"https:\/\/www.enorsai.com\/noticias\/wp-json\/wp\/v2\/posts"}],"about":[{"href":"https:\/\/www.enorsai.com\/noticias\/wp-json\/wp\/v2\/types\/post"}],"author":[{"embeddable":true,"href":"https:\/\/www.enorsai.com\/noticias\/wp-json\/wp\/v2\/users\/1"}],"replies":[{"embeddable":true,"href":"https:\/\/www.enorsai.com\/noticias\/wp-json\/wp\/v2\/comments?post=10266"}],"version-history":[{"count":1,"href":"https:\/\/www.enorsai.com\/noticias\/wp-json\/wp\/v2\/posts\/10266\/revisions"}],"predecessor-version":[{"id":10268,"href":"https:\/\/www.enorsai.com\/noticias\/wp-json\/wp\/v2\/posts\/10266\/revisions\/10268"}],"wp:featuredmedia":[{"embeddable":true,"href":"https:\/\/www.enorsai.com\/noticias\/wp-json\/wp\/v2\/media\/10267"}],"wp:attachment":[{"href":"https:\/\/www.enorsai.com\/noticias\/wp-json\/wp\/v2\/media?parent=10266"}],"wp:term":[{"taxonomy":"category","embeddable":true,"href":"https:\/\/www.enorsai.com\/noticias\/wp-json\/wp\/v2\/categories?post=10266"},{"taxonomy":"post_tag","embeddable":true,"href":"https:\/\/www.enorsai.com\/noticias\/wp-json\/wp\/v2\/tags?post=10266"}],"curies":[{"name":"wp","href":"https:\/\/api.w.org\/{rel}","templated":true}]}}