{"id":10263,"date":"2025-10-24T20:19:55","date_gmt":"2025-10-24T23:19:55","guid":{"rendered":"https:\/\/www.enorsai.com\/noticias\/?p=10263"},"modified":"2025-10-24T20:23:44","modified_gmt":"2025-10-24T23:23:44","slug":"fantino-mi-preocupacion-el-lunes-es-como-se-va-a-mantener-el-barco-a-flote","status":"publish","type":"post","link":"https:\/\/www.enorsai.com\/noticias\/politica\/fantino-mi-preocupacion-el-lunes-es-como-se-va-a-mantener-el-barco-a-flote\/","title":{"rendered":"Fantino: \u00abMi preocupaci\u00f3n el lunes es c\u00f3mo se va a mantener el barco a flote\u00bb"},"content":{"rendered":"\n<p>El conductor expres\u00f3 su angustia en vivo por el futuro inmediato del pa\u00eds tras las elecciones legislativas del 26 de octubre. En su programa de Neura, advirti\u00f3 sobre un lunes \u201cdram\u00e1tico\u201d para el gobierno de Javier Milei y el rumbo econ\u00f3mico, marcando distancia del triunfalismo libertario.<\/p>\n\n\n\n<p>Alejandro Fantino rompi\u00f3 el tono de euforia habitual en los espacios oficialistas. Durante su programa en Neura, el viernes 24 de octubre por la noche, lanz\u00f3 una frase que r\u00e1pidamente se viraliz\u00f3: <em>\u201cMi preocupaci\u00f3n el lunes es c\u00f3mo se va a mantener el barco a flote\u201d<\/em>. La declaraci\u00f3n, cargada de tensi\u00f3n, alude al lunes 27 de octubre, el d\u00eda posterior a las elecciones legislativas, cuando se conocer\u00e1n los primeros resultados y comenzar\u00e1n a sentirse las consecuencias pol\u00edticas y econ\u00f3micas del voto.<\/p>\n\n\n\n<p>El contexto no es menor. Las elecciones del domingo 26 son decisivas para el gobierno de Javier Milei: se renueva la mitad de la C\u00e1mara de Diputados y un tercio del Senado. Las encuestas de Poliarqu\u00eda y Management &amp; Fit anticipan un escenario de paridad, sin mayor\u00eda absoluta para La Libertad Avanza. Es decir, el oficialismo podr\u00eda crecer en bancas, pero seguir\u00eda dependiendo de acuerdos con sectores del PRO o de bloques provinciales para aprobar reformas estructurales.<\/p>\n\n\n\n<figure class=\"wp-block-embed is-type-rich is-provider-twitter wp-block-embed-twitter\"><div class=\"wp-block-embed__wrapper\">\n<blockquote class=\"twitter-tweet\" data-width=\"550\" data-dnt=\"true\"><p lang=\"es\" dir=\"ltr\">&quot;A partir del lunes empieza lo m\u00e1s dram\u00e1tico, va a ser peor que ahora. Mi angustia y mi preocupaci\u00f3n es c\u00f3mo mantener el barco a flote&quot;. El panorama m\u00e1s lapidario para los libertarios no lo dio un peronista ni un encuestador, lo est\u00e1 dando el propio Alejandro Fantino. Fin. <a href=\"https:\/\/t.co\/NtH4hVz1Pp\">pic.twitter.com\/NtH4hVz1Pp<\/a><\/p>&mdash; Todo Negativo (@TodoNegativo) <a href=\"https:\/\/twitter.com\/TodoNegativo\/status\/1981772495683305980?ref_src=twsrc%5Etfw\">October 24, 2025<\/a><\/blockquote><script async src=\"https:\/\/platform.twitter.com\/widgets.js\" charset=\"utf-8\"><\/script>\n<\/div><\/figure>\n\n\n\n<p>Fantino, quien en los \u00faltimos meses se mostr\u00f3 cercano al discurso libertario, se desmarc\u00f3 con un tono inusualmente pesimista. Habl\u00f3 de \u201cangustia\u201d y de un pa\u00eds al borde de la tormenta, mientras el panel debat\u00eda sobre c\u00f3mo reaccionar\u00edan los mercados tras el escrutinio. En el video viral, de poco menos de dos minutos, el periodista mira fijo a c\u00e1mara y plantea: \u201cEl lunes es el d\u00eda en que empieza el verdadero problema. \u00bfC\u00f3mo se va a mantener el barco a flote si no hay resultados claros?\u201d.<\/p>\n\n\n\n<p>Su comentario refleja un temor compartido incluso dentro del oficialismo: el de una semana postelectoral marcada por la incertidumbre econ\u00f3mica. Si Milei logra un triunfo contundente, las presiones internas y externas para profundizar el ajuste podr\u00edan multiplicarse. En ese caso, el gobierno acelerar\u00eda los recortes fiscales y nuevas desregulaciones, con el riesgo de profundizar la recesi\u00f3n que ya golpea al consumo y a la producci\u00f3n, con un PBI cayendo alrededor del 4% anual.<\/p>\n\n\n\n<p>Pero el escenario contrario tambi\u00e9n preocupa. Si el oficialismo no logra imponerse o si los resultados son ajustados, el Congreso podr\u00eda convertirse en un campo de bloqueo pol\u00edtico. Los mercados ya descuentan un \u201clunes vol\u00e1til\u201d: el d\u00f3lar paralelo bajo presi\u00f3n, las reservas netas del Banco Central en terreno negativo por unos 5.000 millones de d\u00f3lares y la sombra del Fondo Monetario Internacional pidiendo definiciones sobre el pr\u00f3ximo desembolso.<\/p>\n\n\n\n<p>Fantino capt\u00f3 ese clima de fin de ciclo y de incertidumbre. Lejos de la ret\u00f3rica agresiva con la que muchos comunicadores libertarios responden a las cr\u00edticas, su tono fue el de quien siente el peso del colapso inminente. \u201cNo s\u00e9 si la gente dimensiona lo que va a pasar el lunes. No s\u00e9 si estamos preparados para lo que viene\u201d, insisti\u00f3, visiblemente conmovido.<\/p>\n\n\n\n<p>El periodista, que en otras oportunidades hab\u00eda defendido al presidente con entusiasmo, pareci\u00f3 esta vez enfrentarse al abismo de los n\u00fameros y las consecuencias reales del ajuste. La preocupaci\u00f3n por \u201cmantener el barco a flote\u201d sintetiza la tensi\u00f3n entre el relato del orden fiscal y la realidad de una econom\u00eda que se desangra.<\/p>\n\n\n\n<p>En la mesa de debate, el comentario dej\u00f3 un silencio inc\u00f3modo. Algunos intentaron suavizarlo hablando de la necesidad de \u201cpaciencia\u201d o de \u201ctransici\u00f3n hacia un pa\u00eds m\u00e1s libre\u201d, pero la frase ya hab\u00eda quedado grabada en la memoria colectiva de los oyentes. Fantino no hizo m\u00e1s aclaraciones, pero su intervenci\u00f3n circul\u00f3 inmediatamente por redes y grupos de WhatsApp, interpretada como una confesi\u00f3n de que, incluso dentro del entorno medi\u00e1tico m\u00e1s af\u00edn al oficialismo, el miedo al lunes es real.<\/p>\n\n\n\n<p>En ese sentido, la preocupaci\u00f3n de Fantino podr\u00eda ser la de muchos: el temor a un lunes que exponga la fragilidad del experimento libertario. Un lunes donde los discursos del mercado libre choquen con la escasez de d\u00f3lares, la inflaci\u00f3n persistente y la pobreza que roza el 60%.<\/p>\n\n\n\n<p>Quiz\u00e1s, sin propon\u00e9rselo, Fantino puso en palabras lo que gran parte del pa\u00eds ya siente: la certeza de que, gane quien gane, el lunes 27 de octubre ser\u00e1 el comienzo de un nuevo cap\u00edtulo, m\u00e1s crudo y menos \u00e9pico, en la historia econ\u00f3mica y pol\u00edtica de la Argentina. Un lunes que pondr\u00e1 a prueba, de una vez por todas, si el \u201cbarco\u201d que promet\u00eda libertad puede, efectivamente, mantenerse a flote en medio de la tormenta.<\/p>\n","protected":false},"excerpt":{"rendered":"<p>El conductor expres\u00f3 su angustia en vivo por el futuro inmediato del pa\u00eds tras las elecciones legislativas del 26 de octubre. En su programa de Neura, advirti\u00f3 sobre un lunes \u201cdram\u00e1tico\u201d para el gobierno de Javier Milei y el rumbo econ\u00f3mico, marcando distancia del triunfalismo libertario. Alejandro Fantino rompi\u00f3 el tono de euforia habitual en&#8230;<\/p>\n","protected":false},"author":9,"featured_media":10264,"comment_status":"open","ping_status":"open","sticky":false,"template":"","format":"standard","meta":{"_monsterinsights_skip_tracking":false,"_monsterinsights_sitenote_active":false,"_monsterinsights_sitenote_note":"","_monsterinsights_sitenote_category":0,"footnotes":"","jetpack_publicize_message":"","jetpack_publicize_feature_enabled":true,"jetpack_social_post_already_shared":true,"jetpack_social_options":{"image_generator_settings":{"template":"highway","default_image_id":0,"font":"","enabled":false},"version":2}},"categories":[3949,2],"tags":[],"class_list":["post-10263","post","type-post","status-publish","format-standard","has-post-thumbnail","hentry","category-elecciones","category-politica"],"jetpack_publicize_connections":[],"_links":{"self":[{"href":"https:\/\/www.enorsai.com\/noticias\/wp-json\/wp\/v2\/posts\/10263","targetHints":{"allow":["GET"]}}],"collection":[{"href":"https:\/\/www.enorsai.com\/noticias\/wp-json\/wp\/v2\/posts"}],"about":[{"href":"https:\/\/www.enorsai.com\/noticias\/wp-json\/wp\/v2\/types\/post"}],"author":[{"embeddable":true,"href":"https:\/\/www.enorsai.com\/noticias\/wp-json\/wp\/v2\/users\/9"}],"replies":[{"embeddable":true,"href":"https:\/\/www.enorsai.com\/noticias\/wp-json\/wp\/v2\/comments?post=10263"}],"version-history":[{"count":1,"href":"https:\/\/www.enorsai.com\/noticias\/wp-json\/wp\/v2\/posts\/10263\/revisions"}],"predecessor-version":[{"id":10265,"href":"https:\/\/www.enorsai.com\/noticias\/wp-json\/wp\/v2\/posts\/10263\/revisions\/10265"}],"wp:featuredmedia":[{"embeddable":true,"href":"https:\/\/www.enorsai.com\/noticias\/wp-json\/wp\/v2\/media\/10264"}],"wp:attachment":[{"href":"https:\/\/www.enorsai.com\/noticias\/wp-json\/wp\/v2\/media?parent=10263"}],"wp:term":[{"taxonomy":"category","embeddable":true,"href":"https:\/\/www.enorsai.com\/noticias\/wp-json\/wp\/v2\/categories?post=10263"},{"taxonomy":"post_tag","embeddable":true,"href":"https:\/\/www.enorsai.com\/noticias\/wp-json\/wp\/v2\/tags?post=10263"}],"curies":[{"name":"wp","href":"https:\/\/api.w.org\/{rel}","templated":true}]}}