{"id":10256,"date":"2025-10-24T13:30:55","date_gmt":"2025-10-24T16:30:55","guid":{"rendered":"https:\/\/www.enorsai.com\/noticias\/politica\/porque-milei-ataca-a-caren-tepp-el-miedo-de-el-leon-a-perder-una-banca-en-santa-fe\/"},"modified":"2025-10-24T13:30:55","modified_gmt":"2025-10-24T16:30:55","slug":"porque-milei-ataca-a-caren-tepp-el-miedo-de-el-leon-a-perder-una-banca-en-santa-fe","status":"publish","type":"post","link":"https:\/\/www.enorsai.com\/noticias\/politica\/porque-milei-ataca-a-caren-tepp-el-miedo-de-el-leon-a-perder-una-banca-en-santa-fe\/","title":{"rendered":"\u00bfPorque Milei ataca a Caren Tepp? El miedo de el Le\u00f3n a perder una banca en Santa Fe"},"content":{"rendered":"\n<p>En su \u00faltimo acto en Santa Fe, Javier Milei volvi\u00f3 a cargar contra Caren Tepp, candidata de Fuerza Patria y actual concejala de Ciudad Futura en Rosario. No fue un exabrupto casual ni un gesto aislado. La obsesi\u00f3n del presidente con Tepp refleja el nerviosismo de La Libertad Avanza ante la posibilidad de perder una banca clave en una provincia que se volvi\u00f3 terreno decisivo en el tablero nacional. Milei teme que Tepp logre arrebatarle el lugar a la candidata impulsada por el gobernador Maximiliano Pullaro, presidenta del PRO Santa Fe y pieza central de un armado pol\u00edtico que, en los hechos, se ha alineado con el oficialismo libertario.<br><br>Tepp, una dirigente joven con trayectoria en la militancia feminista y en la gesti\u00f3n local, encarna una alternativa opositora dentro del peronismo santafesino. Su candidatura por Fuerza Patria surgi\u00f3 como expresi\u00f3n de unidad y renovaci\u00f3n, en un contexto donde buena parte del justicialismo se debate entre la resignaci\u00f3n y la resistencia. \u201cSomos la \u00fanica lista que est\u00e1 en la vereda de enfrente del modelo de ajuste, crueldad y corrupci\u00f3n\u201d, dijo recientemente al presentar su campa\u00f1a. No es casual que Milei la haya puesto en la mira: Tepp representa lo que m\u00e1s teme el gobierno libertario, una oposici\u00f3n con arraigo territorial, discurso s\u00f3lido y capacidad de disputar poder real.<br><br>Santa Fe se convirti\u00f3 en un escenario clave para Milei. La provincia renueva varias bancas en la C\u00e1mara de Diputados, y cada esca\u00f1o pesa en la fr\u00e1gil arquitectura legislativa del oficialismo. Pullaro, gobernador radical que intenta mostrarse aut\u00f3nomo de la Casa Rosada, mantiene sin embargo un v\u00ednculo funcional con el libertarismo. Su candidata, Gisela Scaglia, presidenta del PRO Santa Fe, se presenta como \u201cgarant\u00eda de gobernabilidad\u201d. En otras palabras, como una aliada que votar\u00e1 cada uno de los proyectos que el presidente necesite. Es ese pacto no escrito lo que convierte la disputa con Tepp en un duelo simb\u00f3lico: una banca para Pullaro equivale a un voto asegurado para Milei; una banca para Tepp, en cambio, ser\u00eda una voz independiente y cr\u00edtica dentro del Congreso.<br><br>En los \u00faltimos meses, Milei reforz\u00f3 su presencia en la provincia, consciente de que Santa Fe podr\u00eda definir la correlaci\u00f3n de fuerzas en el Congreso. Su cierre de campa\u00f1a en Rosario fue una demostraci\u00f3n de poder, pero tambi\u00e9n de debilidad: busc\u00f3 blindar una plaza donde la oposici\u00f3n peronista comenz\u00f3 a recuperar terreno. Tepp, con su discurso directo y sin eufemismos, irrumpi\u00f3 en ese mapa como la candidata que canaliza el descontento social frente a las pol\u00edticas de ajuste, la p\u00e9rdida del poder adquisitivo y el vaciamiento del Estado.<\/p>\n\n\n\n<figure class=\"wp-block-embed is-type-rich is-provider-twitter wp-block-embed-twitter\"><div class=\"wp-block-embed__wrapper\">\n<blockquote class=\"twitter-tweet\" data-width=\"550\" data-dnt=\"true\"><p lang=\"es\" dir=\"ltr\">Ayer Milei en su acto sigui\u00f3 atacando a Caren Tepp. Por si no la conocen se las presento. Candidata de Fuerza Patria en Santa Fe<br>Milei est\u00e1 cagado porque le puede sacar la banca a la candidata de Pullaro que es la Presidenta del PRO Santa Fe y que le va A VOTAR TODO <a href=\"https:\/\/t.co\/VgdAmTKDVX\">pic.twitter.com\/VgdAmTKDVX<\/a><\/p>&mdash; Arrepentidos de Milei (@ArrepentidosLLA) <a href=\"https:\/\/twitter.com\/ArrepentidosLLA\/status\/1981745749043130643?ref_src=twsrc%5Etfw\">October 24, 2025<\/a><\/blockquote><script async src=\"https:\/\/platform.twitter.com\/widgets.js\" charset=\"utf-8\"><\/script>\n<\/div><\/figure>\n\n\n\n<p><br><br>Los ataques del presidente no hicieron m\u00e1s que potenciar su figura. Desde el entorno de Fuerza Patria aseguran que Milei \u201cest\u00e1 cagado\u201d porque teme que Tepp le arrebate una banca que el oficialismo daba por descontada. El lenguaje coloquial no disimula la lectura pol\u00edtica de fondo: el libertarismo busca disciplinar a la oposici\u00f3n y garantizar que quienes lleguen al Congreso \u201cvoten todo\u201d. En ese esquema, una candidata que plantee independencia pol\u00edtica y que no responda a Pullaro ni a la Casa Rosada se convierte en amenaza.<br><br>El miedo de Milei no es solo electoral, sino simb\u00f3lico. Tepp encarna la posibilidad de una nueva generaci\u00f3n pol\u00edtica que no se pliega al poder financiero ni al discurso del odio. Su militancia feminista, su gesti\u00f3n en el Concejo rosarino y su trabajo territorial la alejan de los moldes tradicionales. En un pa\u00eds donde el presidente desprecia abiertamente al movimiento de mujeres y a la pol\u00edtica con sensibilidad social, la figura de una dirigente joven, emp\u00e1tica y comprometida con los sectores populares resulta intolerable.<br><br>Pullaro, por su parte, intenta jugar en los dos frentes. En p\u00fablico mantiene diferencias con la Casa Rosada, pero en los hechos acompa\u00f1a la agenda de Milei y evita confrontar. Sus declaraciones sobre \u201cno volver al kirchnerismo\u201d son una forma de alinearse con el gobierno nacional sin asumirlo abiertamente. En ese contexto, la candidatura de Tepp descoloca al oficialismo provincial, porque rompe el molde del \u201cperonismo domesticado\u201d que Pullaro y Milei buscan instalar en Santa Fe.<br><br>La batalla por una banca en el Congreso no parece, a simple vista, un tema que desvele a un presidente. Pero Milei sabe que cada voto cuenta. Su proyecto pol\u00edtico se sostiene sobre una base parlamentaria endeble, dependiente de acuerdos circunstanciales y de aliados que se presentan como opositores para disimular su subordinaci\u00f3n. Una derrota en Santa Fe tendr\u00eda un efecto simb\u00f3lico devastador: mostrar\u00eda que el oficialismo no logra imponer su hegemon\u00eda ni siquiera en provincias donde los gobernadores se dicen aliados.<br><br>Caren Tepp, sin aparato, sin respaldo medi\u00e1tico y con una campa\u00f1a que apela al contacto directo con la gente, encarna una resistencia distinta. No desde el grito, sino desde la coherencia. Mientras Milei agita la motosierra y Pullaro promete gobernabilidad, Tepp propone recuperar la pol\u00edtica como herramienta de transformaci\u00f3n. Por eso la atacan: porque representa un modelo que desaf\u00eda la sumisi\u00f3n y la obediencia que el poder exige.<br><br>En Santa Fe, la contienda no se limita a nombres ni siglas. Es la expresi\u00f3n de dos modelos de pa\u00eds: uno que se entrega a los designios del capital financiero y otro que apuesta por reconstruir lo p\u00fablico y lo com\u00fan. Milei y Pullaro necesitan disciplinar al electorado para sostener su alianza de conveniencia. Tepp, en cambio, propone lo contrario: una voz que rompa el consenso del ajuste y devuelva la palabra a quienes la perdieron. Esa es la verdadera raz\u00f3n del miedo.<br><br>Fuentes:<br>P\u00e1gina 12 \u2013 \u201cUna piba feminista para la renovaci\u00f3n\u201d<br>https:\/\/www.pagina12.com.ar\/853219-una-piba-feminista-para-la-renovacion<br>P\u00e1gina 12 \u2013 \u201cLa premisa fue lograr unidad con renovaci\u00f3n\u201d<br>https:\/\/www.pagina12.com.ar\/850620-la-premisa-fue-lograr-unidad-con-renovacion<br>El Destape Web \u2013 \u201cLa candidata a diputada del peronismo carg\u00f3 contra Milei y Pullaro: \u2018Freno a la motosierra\u2019\u201d<br>https:\/\/www.eldestapeweb.com\/politica\/santa-fe\/la-candidata-a-diputada-del-peronismo-cargo-contra-milei-y-pullaro-freno-a-la-motosierra&#8211;202592112931<br>La Capital \u2013 \u201cPullaro: no nos negamos al debate pero no nos vamos a someter al poder central\u201d<br>https:\/\/www.lacapital.com.ar\/politica\/pullaro-no-nos-negamos-al-debate-pero-no-nos-vamos-someter-al-poder-central-n10225662.html<br>Letra P \u2013 \u201cRosario espera a Javier Milei y La Libertad Avanza apuesta a lograr tres o cuatro bancas\u201d<br>https:\/\/www.letrap.com.ar\/politica\/rosario-espera-javier-milei-y-la-libertad-avanza-apuesta-lograr-tres-y-cuatro-bancas-n5419616<\/p>\n","protected":false},"excerpt":{"rendered":"<p>En su \u00faltimo acto en Santa Fe, Javier Milei volvi\u00f3 a cargar contra Caren Tepp, candidata de Fuerza Patria y actual concejala de Ciudad Futura en Rosario. No fue un exabrupto casual ni un gesto aislado. La obsesi\u00f3n del presidente con Tepp refleja el nerviosismo de La Libertad Avanza ante la posibilidad de perder una&#8230;<\/p>\n","protected":false},"author":12,"featured_media":10255,"comment_status":"open","ping_status":"open","sticky":false,"template":"","format":"standard","meta":{"_monsterinsights_skip_tracking":false,"_monsterinsights_sitenote_active":false,"_monsterinsights_sitenote_note":"","_monsterinsights_sitenote_category":0,"footnotes":"","jetpack_publicize_message":"","jetpack_publicize_feature_enabled":true,"jetpack_social_post_already_shared":true,"jetpack_social_options":{"image_generator_settings":{"template":"highway","default_image_id":0,"font":"","enabled":false},"version":2}},"categories":[3949,2],"tags":[],"class_list":["post-10256","post","type-post","status-publish","format-standard","has-post-thumbnail","hentry","category-elecciones","category-politica"],"jetpack_publicize_connections":[],"_links":{"self":[{"href":"https:\/\/www.enorsai.com\/noticias\/wp-json\/wp\/v2\/posts\/10256","targetHints":{"allow":["GET"]}}],"collection":[{"href":"https:\/\/www.enorsai.com\/noticias\/wp-json\/wp\/v2\/posts"}],"about":[{"href":"https:\/\/www.enorsai.com\/noticias\/wp-json\/wp\/v2\/types\/post"}],"author":[{"embeddable":true,"href":"https:\/\/www.enorsai.com\/noticias\/wp-json\/wp\/v2\/users\/12"}],"replies":[{"embeddable":true,"href":"https:\/\/www.enorsai.com\/noticias\/wp-json\/wp\/v2\/comments?post=10256"}],"version-history":[{"count":0,"href":"https:\/\/www.enorsai.com\/noticias\/wp-json\/wp\/v2\/posts\/10256\/revisions"}],"wp:featuredmedia":[{"embeddable":true,"href":"https:\/\/www.enorsai.com\/noticias\/wp-json\/wp\/v2\/media\/10255"}],"wp:attachment":[{"href":"https:\/\/www.enorsai.com\/noticias\/wp-json\/wp\/v2\/media?parent=10256"}],"wp:term":[{"taxonomy":"category","embeddable":true,"href":"https:\/\/www.enorsai.com\/noticias\/wp-json\/wp\/v2\/categories?post=10256"},{"taxonomy":"post_tag","embeddable":true,"href":"https:\/\/www.enorsai.com\/noticias\/wp-json\/wp\/v2\/tags?post=10256"}],"curies":[{"name":"wp","href":"https:\/\/api.w.org\/{rel}","templated":true}]}}