{"id":10251,"date":"2025-10-24T10:46:57","date_gmt":"2025-10-24T13:46:57","guid":{"rendered":"https:\/\/www.enorsai.com\/noticias\/?p=10251"},"modified":"2025-10-24T11:28:18","modified_gmt":"2025-10-24T14:28:18","slug":"bullrich-cruzo-el-limite-el-mensaje-contra-cfk-que-dalbon-califico-como-violencia-politica-de-genero","status":"publish","type":"post","link":"https:\/\/www.enorsai.com\/noticias\/politica\/bullrich-cruzo-el-limite-el-mensaje-contra-cfk-que-dalbon-califico-como-violencia-politica-de-genero\/","title":{"rendered":"Bullrich cruz\u00f3 el l\u00edmite: el mensaje contra CFK que Dalb\u00f3n calific\u00f3 como violencia pol\u00edtica de g\u00e9nero"},"content":{"rendered":"\n<p>El abogado Gregorio Dalb\u00f3n apunt\u00f3 directamente contra la ministra de Seguridad, Patricia Bullrich, luego de que \u00e9sta publicara en la red social X un mensaje dirigido a Cristina Fern\u00e1ndez de Kirchner que comenzaba con un provocador \u201cSe\u00f1ora condenada\u201d. Seg\u00fan el letrado, se trata de un acto de violencia pol\u00edtica de g\u00e9nero tipificado por la Ley 26.485 y de un uso abusivo e indigno de la funci\u00f3n p\u00fablica, encuadrable en el art\u00edculo 248 del C\u00f3digo Penal.<br><br>Dalb\u00f3n sostuvo que una ministra \u201cno puede degradar su investidura para agraviar a una mujer por una condena judicial obtenida en un proceso atravesado por irregularidades y presiones pol\u00edticas\u201d, y agreg\u00f3 que ese proceso \u201cser\u00e1 anulado por el derecho internacional en recurso de revisi\u00f3n\u201d. En su publicaci\u00f3n, el abogado afirm\u00f3 que \u201cel ataque de Bullrich confirma que el lawfare no termin\u00f3: sigue operando desde el Poder Ejecutivo como forma de disciplinamiento pol\u00edtico\u201d.<br><br>El mensaje de la ministra hab\u00eda sido expl\u00edcitamente personal. \u201cSe\u00f1ora condenada, todo lo que estamos haciendo es para solucionar el desastre econ\u00f3mico que nos dej\u00f3 TU gobierno con Alberto y Massa\u201d, escribi\u00f3 Bullrich, en un texto que combin\u00f3 agravios y autoelogios. Y remat\u00f3 con una frase que encendi\u00f3 la indignaci\u00f3n de dirigentes pol\u00edticos y referentes del derecho: \u201cNos falta, est\u00e1 clar\u00edsimo. Como a usted, que todav\u00eda le quedan a\u00f1os de condena\u201d.<br><br>La publicaci\u00f3n fue interpretada como un acto de violencia institucional y simb\u00f3lica. No se trata solo de un exabrupto pol\u00edtico: es el uso del aparato estatal para denigrar p\u00fablicamente a una mujer que ejerci\u00f3 la Presidencia y que hoy sigue siendo una de las figuras m\u00e1s influyentes del pa\u00eds. Seg\u00fan la definici\u00f3n del art\u00edculo 6 inciso c) de la Ley 26.485, la violencia pol\u00edtica de g\u00e9nero se ejerce cuando se busca menoscabar, humillar o discriminar a una mujer en su participaci\u00f3n pol\u00edtica o en el ejercicio de un cargo p\u00fablico.<\/p>\n\n\n\n<figure class=\"wp-block-embed is-type-rich is-provider-twitter wp-block-embed-twitter\"><div class=\"wp-block-embed__wrapper\">\n<blockquote class=\"twitter-tweet\" data-width=\"550\" data-dnt=\"true\"><p lang=\"es\" dir=\"ltr\">Patricia Bullrich volvi\u00f3 a cruzar el l\u00edmite.<br>Su mensaje \u201cSe\u00f1ora condenada\u2026\u201d dirigido a <a href=\"https:\/\/twitter.com\/CFKArgentina?ref_src=twsrc%5Etfw\">@CFKArgentina<\/a> constituye un acto de violencia pol\u00edtica de g\u00e9nero, tipificado por el art\u00edculo 6 inciso c) de la Ley 26.485, y un uso abusivo e indigno de la funci\u00f3n p\u00fablica, encuadrable en el\u2026 <a href=\"https:\/\/t.co\/nVKajnXNY0\">https:\/\/t.co\/nVKajnXNY0<\/a><\/p>&mdash; DALB\u00d3N (@Gregoriodalbon) <a href=\"https:\/\/twitter.com\/Gregoriodalbon\/status\/1981692756289290747?ref_src=twsrc%5Etfw\">October 24, 2025<\/a><\/blockquote><script async src=\"https:\/\/platform.twitter.com\/widgets.js\" charset=\"utf-8\"><\/script>\n<\/div><\/figure>\n\n\n\n<p><br><br>Para Dalb\u00f3n, Bullrich \u201cha transformado la investidura ministerial en un instrumento de odio y desprecio de clase y de g\u00e9nero\u201d, algo incompatible con los est\u00e1ndares internacionales establecidos en la Convenci\u00f3n de Bel\u00e9m do Par\u00e1 y en los fallos de la Corte Interamericana de Derechos Humanos. En particular, los casos L\u00f3pez Lone vs. Honduras y Atala Riffo vs. Chile establecen que los funcionarios p\u00fablicos deben abstenerse de realizar expresiones discriminatorias o denigratorias hacia personas perseguidas o vulneradas.<br><br>El abogado insisti\u00f3 en que este episodio confirma la persistencia del lawfare, entendido como la persecuci\u00f3n judicial y medi\u00e1tica con motivaciones pol\u00edticas. Para \u00e9l, \u201cel poder ejecutivo hoy reproduce los mecanismos de hostigamiento que antes operaban desde los tribunales o los medios\u201d. Bullrich, en cambio, reivindic\u00f3 su mensaje como una cr\u00edtica pol\u00edtica y sostuvo que el gobierno de Cristina Fern\u00e1ndez y Alberto Fern\u00e1ndez \u201cdej\u00f3 un pa\u00eds en ruinas\u201d.<br><br>Sin embargo, el problema no radica en la cr\u00edtica, sino en el tono y en el rol desde el cual se realiza. Una ministra no habla como militante, sino como representante institucional del Estado. Cuando usa ese lugar para insultar o estigmatizar, transforma el cargo en una herramienta de ataque y erosiona los l\u00edmites del debate democr\u00e1tico. Incluso sectores no kirchneristas consideraron el mensaje impropio: la institucionalidad, sostienen, no puede confundirse con el agravio personal.<br><br>El posteo de Dalb\u00f3n cerr\u00f3 con una afirmaci\u00f3n cargada de contenido pol\u00edtico y emocional: \u201cCristina Fern\u00e1ndez de Kirchner no necesita defenderse de Bullrich. Su legitimidad la respaldan la historia, los votos y la memoria de un pueblo que no olvida. Y llegar\u00e1 el d\u00eda \u2014muy pronto\u2014 en que las causas armadas se caigan, y los responsables del odio institucionalizado enfrenten la verdadera justicia\u201d.<br><br>La escena vuelve a poner en el centro un dilema que atraviesa a la pol\u00edtica argentina: el l\u00edmite entre la libertad de expresi\u00f3n y la degradaci\u00f3n del discurso p\u00fablico. No se trata de silenciar la cr\u00edtica, sino de impedir que el Estado se convierta en un altavoz del odio. Cada vez que un funcionario utiliza su cargo para humillar, el da\u00f1o no se limita a la persona agredida: se erosiona la confianza en la democracia misma.<br><br>Patricia Bullrich eligi\u00f3 hablar desde el agravio. Gregorio Dalb\u00f3n eligi\u00f3 responder desde el derecho. Pero el verdadero debate no es entre ellos, sino sobre la calidad institucional de un pa\u00eds donde la violencia simb\u00f3lica parece haberse vuelto parte del repertorio del poder. Cuando la palabra oficial se usa para degradar, el l\u00edmite que se cruza ya no es solo \u00e9tico: es democr\u00e1tico.<br><br><br>Fuentes:<br><br>X (Twitter) \u2013 Gregorio Dalb\u00f3n, @Gregoriodalbon<br><br>X (Twitter) \u2013 Patricia Bullrich, @PatoBullrich<br><br>Ley 26.485 \u2013 Protecci\u00f3n integral para prevenir, sancionar y erradicar la violencia contra las mujeres<br><br>C\u00f3digo Penal Argentino \u2013 Art\u00edculo 248<br><br>Convenci\u00f3n de Bel\u00e9m do Par\u00e1 \u2013 Organizaci\u00f3n de Estados Americanos<br><br>Corte Interamericana de Derechos Humanos \u2013 Fallos L\u00f3pez Lone vs. Honduras y Atala Riffo vs. Chile<\/p>\n","protected":false},"excerpt":{"rendered":"<p>El abogado Gregorio Dalb\u00f3n apunt\u00f3 directamente contra la ministra de Seguridad, Patricia Bullrich, luego de que \u00e9sta publicara en la red social X un mensaje dirigido a Cristina Fern\u00e1ndez de Kirchner que comenzaba con un provocador \u201cSe\u00f1ora condenada\u201d. Seg\u00fan el letrado, se trata de un acto de violencia pol\u00edtica de g\u00e9nero tipificado por la Ley&#8230;<\/p>\n","protected":false},"author":13,"featured_media":10252,"comment_status":"open","ping_status":"open","sticky":false,"template":"","format":"standard","meta":{"_monsterinsights_skip_tracking":false,"_monsterinsights_sitenote_active":false,"_monsterinsights_sitenote_note":"","_monsterinsights_sitenote_category":0,"footnotes":"","jetpack_publicize_message":"","jetpack_publicize_feature_enabled":true,"jetpack_social_post_already_shared":true,"jetpack_social_options":{"image_generator_settings":{"template":"highway","default_image_id":0,"font":"","enabled":false},"version":2}},"categories":[2],"tags":[],"class_list":["post-10251","post","type-post","status-publish","format-standard","has-post-thumbnail","hentry","category-politica"],"jetpack_publicize_connections":[],"_links":{"self":[{"href":"https:\/\/www.enorsai.com\/noticias\/wp-json\/wp\/v2\/posts\/10251","targetHints":{"allow":["GET"]}}],"collection":[{"href":"https:\/\/www.enorsai.com\/noticias\/wp-json\/wp\/v2\/posts"}],"about":[{"href":"https:\/\/www.enorsai.com\/noticias\/wp-json\/wp\/v2\/types\/post"}],"author":[{"embeddable":true,"href":"https:\/\/www.enorsai.com\/noticias\/wp-json\/wp\/v2\/users\/13"}],"replies":[{"embeddable":true,"href":"https:\/\/www.enorsai.com\/noticias\/wp-json\/wp\/v2\/comments?post=10251"}],"version-history":[{"count":2,"href":"https:\/\/www.enorsai.com\/noticias\/wp-json\/wp\/v2\/posts\/10251\/revisions"}],"predecessor-version":[{"id":10254,"href":"https:\/\/www.enorsai.com\/noticias\/wp-json\/wp\/v2\/posts\/10251\/revisions\/10254"}],"wp:featuredmedia":[{"embeddable":true,"href":"https:\/\/www.enorsai.com\/noticias\/wp-json\/wp\/v2\/media\/10252"}],"wp:attachment":[{"href":"https:\/\/www.enorsai.com\/noticias\/wp-json\/wp\/v2\/media?parent=10251"}],"wp:term":[{"taxonomy":"category","embeddable":true,"href":"https:\/\/www.enorsai.com\/noticias\/wp-json\/wp\/v2\/categories?post=10251"},{"taxonomy":"post_tag","embeddable":true,"href":"https:\/\/www.enorsai.com\/noticias\/wp-json\/wp\/v2\/tags?post=10251"}],"curies":[{"name":"wp","href":"https:\/\/api.w.org\/{rel}","templated":true}]}}