{"id":10249,"date":"2025-10-24T10:10:54","date_gmt":"2025-10-24T13:10:54","guid":{"rendered":"https:\/\/www.enorsai.com\/noticias\/?p=10249"},"modified":"2025-10-24T10:18:01","modified_gmt":"2025-10-24T13:18:01","slug":"detienen-a-un-trabajador-de-la-salud-por-gritar-no-a-la-megamineria-en-un-acto-de-ignacio-torres","status":"publish","type":"post","link":"https:\/\/www.enorsai.com\/noticias\/politica\/detienen-a-un-trabajador-de-la-salud-por-gritar-no-a-la-megamineria-en-un-acto-de-ignacio-torres\/","title":{"rendered":"Detienen a un trabajador de la salud por gritar \u201cNo a la megaminer\u00eda\u201d en un acto de Ignacio Torres"},"content":{"rendered":"\n<p>Luis Alejandro Gonz\u00e1lez, trabajador de la salud, fue arrestado en Chubut tras manifestarse pac\u00edficamente contra la megaminer\u00eda durante un acto oficial del gobernador Ignacio Torres. El hecho reaviva la tensi\u00f3n en una provincia donde la defensa del agua y el ambiente sigue siendo motivo de persecuci\u00f3n.<br><br>En Chubut, decir \u201cNo a la megaminer\u00eda\u201d sigue siendo una bandera de resistencia. Pero tambi\u00e9n, al parecer, una causa para ser detenido. As\u00ed lo denunci\u00f3 la Revista Cr\u00edtica en la red social X, al informar que el trabajador de la salud Luis Alejandro Gonz\u00e1lez fue arrestado durante un acto p\u00fablico encabezado por el gobernador Ignacio Torres. El \u00fanico \u201cdelito\u201d del manifestante fue expresar, a viva voz, su rechazo a la megaminer\u00eda, una consigna que desde hace m\u00e1s de dos d\u00e9cadas simboliza la defensa del agua y la vida en la provincia.<br><br>La escena \u2014un ciudadano reducido por la polic\u00eda por ejercer su derecho a la protesta\u2014 no es un hecho aislado. Llega en un momento de creciente tensi\u00f3n entre el gobierno de Torres y las asambleas ambientales, que advierten sobre un intento de reactivar proyectos extractivos bajo nuevas normativas administrativas.<\/p>\n\n\n\n<figure class=\"wp-block-embed is-type-rich is-provider-twitter wp-block-embed-twitter\"><div class=\"wp-block-embed__wrapper\">\n<blockquote class=\"twitter-tweet\" data-width=\"550\" data-dnt=\"true\"><p lang=\"es\" dir=\"ltr\">En Chubut gritar \u201cNo a la megaminer\u00eda\u201d en un acto del gobernador Ignacio Torres es motivo para que te lleven detenido. No es exageraci\u00f3n, es exactamente lo que le ocurri\u00f3 hoy al trabajador de la salud Luis Alejandro Gonz\u00e1lez. <a href=\"https:\/\/t.co\/OecrTu6AX0\">pic.twitter.com\/OecrTu6AX0<\/a><\/p>&mdash; Revista C\u00edtrica (@revistacitrica) <a href=\"https:\/\/twitter.com\/revistacitrica\/status\/1981532298865410239?ref_src=twsrc%5Etfw\">October 24, 2025<\/a><\/blockquote><script async src=\"https:\/\/platform.twitter.com\/widgets.js\" charset=\"utf-8\"><\/script>\n<\/div><\/figure>\n\n\n\n<p>En Chubut rige desde 2003 la Ley 5001, que proh\u00edbe la miner\u00eda metal\u00edfera a cielo abierto y el uso de cianuro en los procesos mineros. Sin embargo, en diciembre de 2021 la Legislatura aprob\u00f3 una ley de zonificaci\u00f3n para habilitar la explotaci\u00f3n en la meseta central \u2014particularmente en los departamentos de Gastre y Telsen\u2014, lo que desat\u00f3 una de las protestas m\u00e1s masivas en la historia reciente de la provincia. La represi\u00f3n policial de aquellas movilizaciones y el posterior rechazo social generalizado forzaron al entonces gobernador Mariano Arcioni a derogar la norma apenas una semana despu\u00e9s.<br><br>Lejos de cerrarse el conflicto, la disputa volvi\u00f3 a encenderse. El actual gobierno de Ignacio Torres ha impulsado nuevas medidas administrativas para \u201creordenar\u201d el \u00e1rea minera, como el decreto N.\u00ba 326 que crea la Direcci\u00f3n de Concesiones Mineras. Diversas organizaciones interpretan estas acciones como una \u201cavanzada encubierta\u201d hacia la apertura de la megaminer\u00eda en zonas previamente protegidas.<\/p>\n\n\n\n<figure class=\"wp-block-embed is-type-rich is-provider-twitter wp-block-embed-twitter\"><div class=\"wp-block-embed__wrapper\">\n<blockquote class=\"twitter-tweet\" data-width=\"550\" data-dnt=\"true\"><p lang=\"es\" dir=\"ltr\"><a href=\"https:\/\/twitter.com\/hashtag\/Trelew?src=hash&amp;ref_src=twsrc%5Etfw\">#Trelew<\/a> Alejandro Gonz\u00e1lez, trabajador de salud y vecino de la asamblea por el no a la megaminer\u00eda,  fue detenido frente al Teatro Espa\u00f1ol de Trelew donde el gobernador Torres participaba del acto de cierre de campa\u00f1a.<br>Vecinos se congregan en la Sec. 1ra para exigir su libertad. <a href=\"https:\/\/t.co\/flY4rF57bu\">pic.twitter.com\/flY4rF57bu<\/a><\/p>&mdash; Alejandra Sepulveda \ud83d\udc9c\ud83d\udc9a (@aleseputrelew) <a href=\"https:\/\/twitter.com\/aleseputrelew\/status\/1981484845566960062?ref_src=twsrc%5Etfw\">October 23, 2025<\/a><\/blockquote><script async src=\"https:\/\/platform.twitter.com\/widgets.js\" charset=\"utf-8\"><\/script>\n<\/div><\/figure>\n\n\n\n<p>Mientras tanto, en la provincia se identifican m\u00e1s de una decena de proyectos activos o en exploraci\u00f3n, algunos vinculados a minerales estrat\u00e9gicos como el uranio, el cobre o la plata. Estas iniciativas se concentran en la meseta chubutense, una regi\u00f3n \u00e1rida donde las comunidades alertan que el uso intensivo de agua podr\u00eda comprometer la supervivencia de ecosistemas fr\u00e1giles y el abastecimiento humano.<br><br>El arresto de Luis Alejandro Gonz\u00e1lez, en ese contexto, no solo expone la criminalizaci\u00f3n de la protesta ambiental, sino que tambi\u00e9n refleja un intento del poder pol\u00edtico por disciplinar las voces disidentes. Gritar \u201cNo a la megaminer\u00eda\u201d en Chubut es mucho m\u00e1s que una consigna: es un recordatorio de que los pueblos patag\u00f3nicos han sabido resistir, incluso frente a gobiernos que intentaron imponer la l\u00f3gica del extractivismo como \u00fanica salida econ\u00f3mica.<br><br>Para los movimientos socioambientales, la detenci\u00f3n del trabajador representa una advertencia: se intenta imponer el silencio en un territorio que hist\u00f3ricamente ha hablado alto y claro. En Chubut, donde la defensa del agua se ha transformado en un emblema popular, el grito que incomoda al poder vuelve a ser reprimido.<br><br>Fuente principal:<br>Revista Cr\u00edtica \u2013 Posteo en X del 24 de octubre de 2025.<br>https:\/\/x.com\/revistacitrica\/status\/1981532298865410239?t=Z3et6Hnvvb2KO5bUFF24Sg&amp;s=19 <br><br>Fuentes complementarias:<br><br>Canal Abierto \u2013 \u201cRev\u00e9s a la megaminer\u00eda en Chubut: un amparo de los pueblos originarios fren\u00f3 el proyecto\u201d<br>https:\/\/canalabierto.com.ar\/2021\/05\/20\/reves-a-la-megamineria-en-chubut-un-amparo-de-los-pueblos-originarios-freno-el-proyecto<br><br>EconoJournal \u2013 \u201cLa Legislatura aprob\u00f3 el proyecto que habilita la miner\u00eda en la provincia\u201d<br>https:\/\/econojournal.com.ar\/2021\/12\/chubut-la-legislatura-aprobo-el-proyecto-que-habilita-la-mineria-en-la-provincia<br><br>DinamicArg \u2013 \u201cProyectos de uranio en Chubut\u201d<br>https:\/\/dinamicarg.com\/uranio-chubut-proyectos-aprobados<br><br>No a la Mina \u2013 \u201cSiguen los preparativos para avanzar con la megaminer\u00eda\u201d<br>https:\/\/noalamina.org\/argentina\/chubut\/item\/255925-siguen-los-preparativos-para-avanzar-con-la-megamineria<br><br>Socorristas en Red \u2013 \u201cChubut: la defensa popular frente a la megaminer\u00eda\u201d<br>https:\/\/socorristasenred.org\/chubut-la-defensa-popular-frente-a-la-megamineria<\/p>\n","protected":false},"excerpt":{"rendered":"<p>Luis Alejandro Gonz\u00e1lez, trabajador de la salud, fue arrestado en Chubut tras manifestarse pac\u00edficamente contra la megaminer\u00eda durante un acto oficial del gobernador Ignacio Torres. El hecho reaviva la tensi\u00f3n en una provincia donde la defensa del agua y el ambiente sigue siendo motivo de persecuci\u00f3n. En Chubut, decir \u201cNo a la megaminer\u00eda\u201d sigue siendo&#8230;<\/p>\n","protected":false},"author":1,"featured_media":10248,"comment_status":"open","ping_status":"open","sticky":false,"template":"","format":"standard","meta":{"_monsterinsights_skip_tracking":false,"_monsterinsights_sitenote_active":false,"_monsterinsights_sitenote_note":"","_monsterinsights_sitenote_category":0,"footnotes":"","jetpack_publicize_message":"","jetpack_publicize_feature_enabled":true,"jetpack_social_post_already_shared":true,"jetpack_social_options":{"image_generator_settings":{"template":"highway","default_image_id":0,"font":"","enabled":false},"version":2}},"categories":[2,4],"tags":[],"class_list":["post-10249","post","type-post","status-publish","format-standard","has-post-thumbnail","hentry","category-politica","category-sociedad"],"jetpack_publicize_connections":[],"_links":{"self":[{"href":"https:\/\/www.enorsai.com\/noticias\/wp-json\/wp\/v2\/posts\/10249","targetHints":{"allow":["GET"]}}],"collection":[{"href":"https:\/\/www.enorsai.com\/noticias\/wp-json\/wp\/v2\/posts"}],"about":[{"href":"https:\/\/www.enorsai.com\/noticias\/wp-json\/wp\/v2\/types\/post"}],"author":[{"embeddable":true,"href":"https:\/\/www.enorsai.com\/noticias\/wp-json\/wp\/v2\/users\/1"}],"replies":[{"embeddable":true,"href":"https:\/\/www.enorsai.com\/noticias\/wp-json\/wp\/v2\/comments?post=10249"}],"version-history":[{"count":1,"href":"https:\/\/www.enorsai.com\/noticias\/wp-json\/wp\/v2\/posts\/10249\/revisions"}],"predecessor-version":[{"id":10250,"href":"https:\/\/www.enorsai.com\/noticias\/wp-json\/wp\/v2\/posts\/10249\/revisions\/10250"}],"wp:featuredmedia":[{"embeddable":true,"href":"https:\/\/www.enorsai.com\/noticias\/wp-json\/wp\/v2\/media\/10248"}],"wp:attachment":[{"href":"https:\/\/www.enorsai.com\/noticias\/wp-json\/wp\/v2\/media?parent=10249"}],"wp:term":[{"taxonomy":"category","embeddable":true,"href":"https:\/\/www.enorsai.com\/noticias\/wp-json\/wp\/v2\/categories?post=10249"},{"taxonomy":"post_tag","embeddable":true,"href":"https:\/\/www.enorsai.com\/noticias\/wp-json\/wp\/v2\/tags?post=10249"}],"curies":[{"name":"wp","href":"https:\/\/api.w.org\/{rel}","templated":true}]}}