{"id":10243,"date":"2025-10-24T09:22:21","date_gmt":"2025-10-24T12:22:21","guid":{"rendered":"https:\/\/www.enorsai.com\/noticias\/?p=10243"},"modified":"2025-10-24T09:22:21","modified_gmt":"2025-10-24T12:22:21","slug":"que-la-cuenten-como-quieran-la-inflacion-no-para-de-crecer-y-los-alimentos-estan-carisimos","status":"publish","type":"post","link":"https:\/\/www.enorsai.com\/noticias\/economia\/que-la-cuenten-como-quieran-la-inflacion-no-para-de-crecer-y-los-alimentos-estan-carisimos\/","title":{"rendered":"Que la cuenten como quieran: la inflaci\u00f3n no para de crecer y los alimentos est\u00e1n car\u00edsimos"},"content":{"rendered":"\n<p><strong><em>Seg\u00fan la consultora privada Eco Go, los alimentos volvieron aumentar un 0,5% en la tercera semana de octubre y se proyecta una suba de 2,5% para la inflaci\u00f3n de este mes.<\/em><\/strong><\/p>\n\n\n\n<p>En un reciente informe, la consultora privada Eco Go registr\u00f3 que los alimentos volvieron aumentar un 0,5% en la tercera semana de octubre y se proyecta una suba de 2,5% para la inflaci\u00f3n de este mes con respecto a septiembre.<\/p>\n\n\n\n<p>Es que, seg\u00fan el sondeo, frutas, l\u00e1cteos, huevos y art\u00edculos de belleza lideraron los aumentos de los \u00faltimos d\u00edas como consecuencia de la disparada del d\u00f3lar en la previa de las elecciones nacionales de este domingo 26 de octubre.<\/p>\n\n\n\n<p>Adem\u00e1s, los movimientos m\u00e1s fuertes se registraron en categor\u00edas vinculadas a la demanda estacional y los consumos fuera del hogar, traccionados por el D\u00eda de la Madre, con una suba del 5,2%, seguido por art\u00edculos descartables con el 3,3%.<\/p>\n\n\n\n<p>De todas maneras, a pesar de una suba mayorista del novillo del 5%, los precios de la carne vacuna se mantuvieron estables en promedio. Los cortes traseros bajaron 0,4%, mientras que los procesados aumentaron 2,5%, equilibrando la variaci\u00f3n.<\/p>\n\n\n\n<p>Seg\u00fan la consultora privada Eco Go, los alimentos volvieron aumentar un 0,5% en la tercera semana de octubre y se proyecta una suba de la inflaci\u00f3n para el decimo mes del a\u00f1o.<\/p>\n\n\n\n<p>En tanto, el cerdo no mostr\u00f3 cambios y el pollo anot\u00f3 una leve baja de 0,1%. No obstante, las frutas aumentaron un 1,5%, impulsadas por la manzana (+6%), mientras que las verduras registraron una baja del 0,3%, con la papa (-0,5%) y congelados (-0,3%) liderando la tendencia de desaceleraci\u00f3n.<\/p>\n\n\n\n<p>\u201cL\u00e1cteos y huevos subi\u00f3 1,6% en la semana, con un fuerte incremento en los huevos (5,3%) y la leche fluida (2,7%). En lo que va del a\u00f1o, la categor\u00eda acumula una suba del 20%, por debajo del promedio general de los alimentos\u201d, se\u00f1alaron desde la consultora Eco Go.<\/p>\n\n\n\n<p>De esta manera, en promedio, los precios de los alimentos acumulan un incremento del 2,1% en lo que va de octubre, considerando el arrastre de septiembre (0,7%). Una tendencia que traccionar\u00e1 la inflaci\u00f3n de este mes.<\/p>\n\n\n\n<p>Vale mencionar que, al sumar los aumentos en alimentos consumidos fuera del hogar (+3,4%), la inflaci\u00f3n total de la canasta de alimentos se ubica en 2,9% mensual, confirmando la aceleraci\u00f3n de los precios y la presi\u00f3n sobre el bolsillo de los argentinos.<\/p>\n\n\n\n<p>\u201cLa baja respecto a la semana pasada responde principalmente a una variaci\u00f3n en los precios de los alimentos menor a la esperada, en un contexto donde el pass-through se mantiene limitado\u201d, explic\u00f3 Eco Go, subrayando que la volatilidad cambiaria y la cercan\u00eda de las elecciones seguir\u00e1n siendo factores clave en la din\u00e1mica inflacionaria.<\/p>\n\n\n\n<p>Por Diputados Bonaerenses<\/p>\n","protected":false},"excerpt":{"rendered":"<p>Seg\u00fan la consultora privada Eco Go, los alimentos volvieron aumentar un 0,5% en la tercera semana de octubre y se proyecta una suba de 2,5% para la inflaci\u00f3n de este mes. En un reciente informe, la consultora privada Eco Go registr\u00f3 que los alimentos volvieron aumentar un 0,5% en la tercera semana de octubre y&#8230;<\/p>\n","protected":false},"author":5,"featured_media":7391,"comment_status":"open","ping_status":"open","sticky":false,"template":"","format":"standard","meta":{"_monsterinsights_skip_tracking":false,"_monsterinsights_sitenote_active":false,"_monsterinsights_sitenote_note":"","_monsterinsights_sitenote_category":0,"footnotes":"","jetpack_publicize_message":"","jetpack_publicize_feature_enabled":true,"jetpack_social_post_already_shared":true,"jetpack_social_options":{"image_generator_settings":{"template":"highway","default_image_id":0,"font":"","enabled":false},"version":2}},"categories":[3],"tags":[43,15,45],"class_list":["post-10243","post","type-post","status-publish","format-standard","has-post-thumbnail","hentry","category-economia","tag-crisis","tag-economia","tag-milei"],"jetpack_publicize_connections":[],"_links":{"self":[{"href":"https:\/\/www.enorsai.com\/noticias\/wp-json\/wp\/v2\/posts\/10243","targetHints":{"allow":["GET"]}}],"collection":[{"href":"https:\/\/www.enorsai.com\/noticias\/wp-json\/wp\/v2\/posts"}],"about":[{"href":"https:\/\/www.enorsai.com\/noticias\/wp-json\/wp\/v2\/types\/post"}],"author":[{"embeddable":true,"href":"https:\/\/www.enorsai.com\/noticias\/wp-json\/wp\/v2\/users\/5"}],"replies":[{"embeddable":true,"href":"https:\/\/www.enorsai.com\/noticias\/wp-json\/wp\/v2\/comments?post=10243"}],"version-history":[{"count":1,"href":"https:\/\/www.enorsai.com\/noticias\/wp-json\/wp\/v2\/posts\/10243\/revisions"}],"predecessor-version":[{"id":10244,"href":"https:\/\/www.enorsai.com\/noticias\/wp-json\/wp\/v2\/posts\/10243\/revisions\/10244"}],"wp:featuredmedia":[{"embeddable":true,"href":"https:\/\/www.enorsai.com\/noticias\/wp-json\/wp\/v2\/media\/7391"}],"wp:attachment":[{"href":"https:\/\/www.enorsai.com\/noticias\/wp-json\/wp\/v2\/media?parent=10243"}],"wp:term":[{"taxonomy":"category","embeddable":true,"href":"https:\/\/www.enorsai.com\/noticias\/wp-json\/wp\/v2\/categories?post=10243"},{"taxonomy":"post_tag","embeddable":true,"href":"https:\/\/www.enorsai.com\/noticias\/wp-json\/wp\/v2\/tags?post=10243"}],"curies":[{"name":"wp","href":"https:\/\/api.w.org\/{rel}","templated":true}]}}