{"id":10242,"date":"2025-10-24T09:29:32","date_gmt":"2025-10-24T12:29:32","guid":{"rendered":"https:\/\/www.enorsai.com\/noticias\/?p=10242"},"modified":"2025-10-24T09:30:14","modified_gmt":"2025-10-24T12:30:14","slug":"quien-gana-quien-pierde-elecciones-argentina-26-octubre-turco-asis","status":"publish","type":"post","link":"https:\/\/www.enorsai.com\/noticias\/politica\/quien-gana-quien-pierde-elecciones-argentina-26-octubre-turco-asis\/","title":{"rendered":"El Turco As\u00eds: claves del mapa pol\u00edtico argentino tras el 26 de octubre"},"content":{"rendered":"\n<p>El escritor y analista pol\u00edtico Jorge As\u00eds pronostica un escenario de <strong>cambio dr\u00e1stico el d\u00eda despu\u00e9s<\/strong> de las elecciones del 26 de octubre. Seg\u00fan As\u00eds, <strong>\u201ca partir del lunes, este es otro pa\u00eds, es otro gobierno y la oposici\u00f3n va a tener que esmerarse un poco tambi\u00e9n\u201d<\/strong>. La atenci\u00f3n se focaliza en la provincia de Buenos Aires, donde el peronismo aparece como favorito, y en los reacomodamientos que se vienen en el gabinete nacional y los grandes bloques del interior.<\/p>\n\n\n\n<h3 class=\"wp-block-heading\">Qui\u00e9n gana: el peronismo se consolida en el eje bonaerense e interior<\/h3>\n\n\n\n<ul class=\"wp-block-list\">\n<li><strong>Provincia de Buenos Aires:<\/strong> As\u00eds anticipa nuevamente el triunfo del peronismo local (\u201cganar\u00e1 otra vez el peronismo\u201d), aunque sostiene que no ser\u00e1 por goleada como en elecciones anteriores. Calcula una diferencia de 6 a 7 puntos, suficiente para sostener la jefatura pol\u00edtica en la provincia (<a href=\"https:\/\/www.perfil.com\/noticias\/nea\/jorge-asis-el-domingo-el-peronismo-va-a-golear-a-los-libertarios-conducidos-por-el-panelista.phtml\" target=\"_blank\" rel=\"noreferrer noopener\">Perfil<\/a>).<\/li>\n\n\n\n<li><strong>Nuevos l\u00edderes del interior:<\/strong> Pone fichas en las figuras de <strong>Llaryora<\/strong> (C\u00f3rdoba) y <strong>Kicillof<\/strong> (Buenos Aires), y destaca la irrupci\u00f3n de una \u201cAlianza del Centro\u201d entre los gobernadores de C\u00f3rdoba, Santa Fe, Chubut, Santa Cruz y las provincias del litio, como alternativa a la grieta y posible protagonista del pr\u00f3ximo tablero nacional (<a href=\"https:\/\/www.elpais.com.uy\/mundo\/argentina\/argentina-es-un-pais-como-para-sacar-entrada-el-analisis-de-jorge-asis-en-entrevista-con-el-pais-a-una-semana-de-las-elecciones\" target=\"_blank\" rel=\"noreferrer noopener\">El Pa\u00eds<\/a>).<\/li>\n\n\n\n<li><strong>Capacidad de construcci\u00f3n:<\/strong> En este contexto, As\u00eds advierte que el poder se trasladar\u00e1 a quienes puedan organizar alianzas provinciales s\u00f3lidas y atender demandas reales, no solo a la dirigencia porte\u00f1a.<\/li>\n<\/ul>\n\n\n\n<h3 class=\"wp-block-heading\">Qui\u00e9n pierde: Milei, el oficialismo y la pol\u00edtica fragmentada<\/h3>\n\n\n\n<ul class=\"wp-block-list\">\n<li><strong>Gobierno Milei:<\/strong> As\u00eds habla de \u201cgran fragilidad\u201d e incluso de una \u201crelaci\u00f3n promiscua\u201d con Estados Unidos. Sostiene que el salvataje financiero fue clave para evitar un colapso electoral, pero la debilidad pol\u00edtica sigue intacta.<\/li>\n\n\n\n<li><strong>Fragmentaci\u00f3n del PRO:<\/strong> El analista se\u00f1ala el declive de Macri y el PRO, desplazados por Milei, Kicillof y los nuevos liderazgos federales.<\/li>\n\n\n\n<li><strong>\u201cPanelistas\u201d, encuestadores y oficialismos sin territorio:<\/strong> As\u00eds critica tanto la campa\u00f1a oficialista como los errores de estrategia, y prev\u00e9 un rearmado forzoso tras el 26 que afectar\u00e1 a varios nombres del gabinete.<\/li>\n<\/ul>\n\n\n\n<h3 class=\"wp-block-heading\">Las verdaderas inc\u00f3gnitas: gabinete, gobernabilidad y polarizaci\u00f3n<\/h3>\n\n\n\n<ul class=\"wp-block-list\">\n<li>\u201cA partir del lunes habr\u00e1 otro gabinete, sea cual sea el resultado electoral\u201d, afirma.<\/li>\n\n\n\n<li>Destaca la importancia in\u00e9dita del rol de los gobernadores como garantes de estabilidad, alejados de la centralidad de Buenos Aires y Capital Federal.<\/li>\n\n\n\n<li>Ve a Kicillof como jefe pol\u00edtico del peronismo bonaerense y posible presidenciable a futuro.<\/li>\n\n\n\n<li>Advierte sobre el juego de alianzas, especialmente en el Congreso, donde se debatir\u00e1 gobernabilidad de cara a la segunda mitad del mandato.<\/li>\n<\/ul>\n\n\n\n<p><a href=\"https:\/\/www.enorsai.com.ar\/politica\/42865-hugo-alconada-mon--la-causa-libra-complica-a-javier-milei-segun-la-justicia-de-estados-unidos.html\"><strong>Hugo Alconada Mon: La causa Libra complica a Javier Milei seg\u00fan la justicia de Estados Unidos<\/strong><\/a><\/p>\n\n\n\n<h3 class=\"wp-block-heading\">Cuadro comparativo: protagonistas del nuevo tablero pol\u00edtico<\/h3>\n\n\n\n<figure class=\"wp-block-table\"><table class=\"has-fixed-layout\"><thead><tr><th>Figura\/espacio<\/th><th>Posici\u00f3n actual<\/th><th>Proyecci\u00f3n post 26-O<\/th><\/tr><\/thead><tbody><tr><td>Kicillof (PBA)<\/td><td>Gobernador, jefe bonaerense<\/td><td>Gana peso nacional, posible presidenciable<\/td><\/tr><tr><td>Llaryora (C\u00f3rdoba)<\/td><td>Gobernador, aliado federal<\/td><td>Emergente nacional, Alianza del Centro<\/td><\/tr><tr><td>Milei<\/td><td>Presidente, administraci\u00f3n fr\u00e1gil<\/td><td>En jaque si no logra respaldo legislativo\/gobernadores<\/td><\/tr><tr><td>Macri-PRO<\/td><td>Expresidente, excentralidad<\/td><td>Retrocede, desplazado por nuevas figuras<\/td><\/tr><tr><td>Gobernadores centro\/norte<\/td><td>Actores secundarios<\/td><td>Clave para armados futuros y equilibrio federal<\/td><\/tr><\/tbody><\/table><\/figure>\n\n\n\n<h3 class=\"wp-block-heading\">FAQ: lo que quer\u00e9s saber sobre el 26-O y el futuro pol\u00edtico, seg\u00fan As\u00eds<\/h3>\n\n\n\n<p><strong>\u00bfPor qu\u00e9 As\u00eds anticipa triunfo peronista en PBA?<\/strong><\/p>\n\n\n\n<p>Por estructura territorial y capacidad de movilizaci\u00f3n, el peronismo parte con ventaja sobre la fragmentaci\u00f3n oficialista (<a href=\"https:\/\/www.perfil.com\/noticias\/nea\/jorge-asis-el-domingo-el-peronismo-va-a-golear-a-los-libertarios-conducidos-por-el-panelista.phtml\" target=\"_blank\" rel=\"noreferrer noopener\">Perfil<\/a>).<\/p>\n\n\n\n<p><strong>\u00bfCu\u00e1l ser\u00e1 el mayor cambio el d\u00eda despu\u00e9s?<\/strong><\/p>\n\n\n\n<p>El gobierno deber\u00e1 reorganizar su gabinete y negociar el equilibrio de poder con una oposici\u00f3n fuerte y alianzas provinciales in\u00e9ditas (<a href=\"https:\/\/www.elpais.com.uy\/mundo\/argentina\/argentina-es-un-pais-como-para-sacar-entrada-el-analisis-de-jorge-asis-en-entrevista-con-el-pais-a-una-semana-de-las-elecciones\" target=\"_blank\" rel=\"noreferrer noopener\">El Pa\u00eds<\/a>).<\/p>\n\n\n\n<p><strong>\u00bfQu\u00e9 rol cumplir\u00e1n los gobernadores?<\/strong><\/p>\n\n\n\n<p>Ser\u00e1n centrales para la gobernabilidad, nuevas alianzas y acuerdos de pol\u00edticas p\u00fablicas, desplazando la vieja centralidad porte\u00f1a.<\/p>\n\n\n\n<p><strong>\u00bfQui\u00e9n queda peor parado el 26-O?<\/strong><\/p>\n\n\n\n<p>El oficialismo nacional si no reconstruye m\u00fasculo territorial y coaliciones. PRO y viejas estructuras tambi\u00e9n ceden protagonismo.<\/p>\n\n\n\n<h3 class=\"wp-block-heading\">Reflexi\u00f3n final<\/h3>\n\n\n\n<p>Para Jorge As\u00eds, el 26 de octubre puede marcar una bisagra no solo electoral sino institucional: se abre el juego a \u201cprovincializaci\u00f3n\u201d del poder y a una nueva negociaci\u00f3n de gobernabilidad. El peronismo aparece mejor parado, pero la trama solo empieza: el lunes, afirma el Turco, empieza realmente otra Argentina.<\/p>\n\n\n\n<p>Dejanos tu comentario debajo o escribinos a <a href=\"mailto:enorsaionline@gmail.com\">enorsaionline@gmail.com<\/a><\/p>\n","protected":false},"excerpt":{"rendered":"<p>El escritor y analista pol\u00edtico Jorge As\u00eds pronostica un escenario de cambio dr\u00e1stico el d\u00eda despu\u00e9s de las elecciones del 26 de octubre. Seg\u00fan As\u00eds, \u201ca partir del lunes, este es otro pa\u00eds, es otro gobierno y la oposici\u00f3n va a tener que esmerarse un poco tambi\u00e9n\u201d. La atenci\u00f3n se focaliza en la provincia de&#8230;<\/p>\n","protected":false},"author":5,"featured_media":10245,"comment_status":"open","ping_status":"open","sticky":false,"template":"","format":"standard","meta":{"_monsterinsights_skip_tracking":false,"_monsterinsights_sitenote_active":false,"_monsterinsights_sitenote_note":"","_monsterinsights_sitenote_category":0,"footnotes":"","jetpack_publicize_message":"","jetpack_publicize_feature_enabled":true,"jetpack_social_post_already_shared":true,"jetpack_social_options":{"image_generator_settings":{"template":"highway","default_image_id":0,"font":"","enabled":false},"version":2}},"categories":[3949,2],"tags":[3959,2613,3955,3958,3952,3957,3953,104,45,3954,3956,3960],"class_list":["post-10242","post","type-post","status-publish","format-standard","has-post-thumbnail","hentry","category-elecciones","category-politica","tag-alianzas-federales-argentina","tag-analisis-politico","tag-elecciones-26-de-octubre","tag-gabinete-post-electoral","tag-ganadores-elecciones-2025","tag-gobernadores-elecciones-2025","tag-jorge-asis","tag-kicillof","tag-milei","tag-perdedores-elecciones-argentina","tag-peronismo-provincia-buenos-aires","tag-resultados-elecciones-argentina"],"jetpack_publicize_connections":[],"_links":{"self":[{"href":"https:\/\/www.enorsai.com\/noticias\/wp-json\/wp\/v2\/posts\/10242","targetHints":{"allow":["GET"]}}],"collection":[{"href":"https:\/\/www.enorsai.com\/noticias\/wp-json\/wp\/v2\/posts"}],"about":[{"href":"https:\/\/www.enorsai.com\/noticias\/wp-json\/wp\/v2\/types\/post"}],"author":[{"embeddable":true,"href":"https:\/\/www.enorsai.com\/noticias\/wp-json\/wp\/v2\/users\/5"}],"replies":[{"embeddable":true,"href":"https:\/\/www.enorsai.com\/noticias\/wp-json\/wp\/v2\/comments?post=10242"}],"version-history":[{"count":1,"href":"https:\/\/www.enorsai.com\/noticias\/wp-json\/wp\/v2\/posts\/10242\/revisions"}],"predecessor-version":[{"id":10246,"href":"https:\/\/www.enorsai.com\/noticias\/wp-json\/wp\/v2\/posts\/10242\/revisions\/10246"}],"wp:featuredmedia":[{"embeddable":true,"href":"https:\/\/www.enorsai.com\/noticias\/wp-json\/wp\/v2\/media\/10245"}],"wp:attachment":[{"href":"https:\/\/www.enorsai.com\/noticias\/wp-json\/wp\/v2\/media?parent=10242"}],"wp:term":[{"taxonomy":"category","embeddable":true,"href":"https:\/\/www.enorsai.com\/noticias\/wp-json\/wp\/v2\/categories?post=10242"},{"taxonomy":"post_tag","embeddable":true,"href":"https:\/\/www.enorsai.com\/noticias\/wp-json\/wp\/v2\/tags?post=10242"}],"curies":[{"name":"wp","href":"https:\/\/api.w.org\/{rel}","templated":true}]}}