{"id":10230,"date":"2025-10-24T06:16:06","date_gmt":"2025-10-24T09:16:06","guid":{"rendered":"https:\/\/www.enorsai.com\/noticias\/?p=10230"},"modified":"2025-10-24T06:18:09","modified_gmt":"2025-10-24T09:18:09","slug":"el-candidato-de-milei-que-celebra-el-odio-defiende-haber-quemado-una-bandera-lgbt","status":"publish","type":"post","link":"https:\/\/www.enorsai.com\/noticias\/politica\/el-candidato-de-milei-que-celebra-el-odio-defiende-haber-quemado-una-bandera-lgbt\/","title":{"rendered":"El candidato de Milei que celebra el odio: defiende haber quemado una bandera LGBT+"},"content":{"rendered":"\n<p>El primer candidato a diputado por La Libertad Avanza en Santa Cruz, Jairo Henoch Guzm\u00e1n, reivindic\u00f3 la publicaci\u00f3n en la que exhibi\u00f3 una bandera LGBT+ en llamas. Lejos de retractarse, asegur\u00f3 que se trat\u00f3 de \u201cun tema ideol\u00f3gico\u201d. El episodio revela el costado m\u00e1s violento del discurso libertario que, bajo la m\u00e1scara de la \u201clibertad\u201d, legitima el odio.<br><br>El libertario Jairo Henoch Guzm\u00e1n, presidente del partido La Libertad Avanza en Santa Cruz y primer candidato a diputado por ese espacio, volvi\u00f3 a defender una publicaci\u00f3n en la que exhib\u00eda una bandera LGBT+ prendida fuego. \u201cNo me arrepiento, no ofend\u00ed a nadie, es un tema ideol\u00f3gico\u201d, declar\u00f3 ante la consulta de un medio local. La escena, que en cualquier democracia madura ser\u00eda motivo de repudio transversal, se convierte en una postal inquietante del clima pol\u00edtico que el mile\u00edsmo ha instalado en la Argentina.<br><br>La quema de una bandera que simboliza los derechos y la lucha por la igualdad de las diversidades sexuales no es un acto inocente. Es un mensaje. Un gesto de violencia pol\u00edtica y cultural dirigido contra un colectivo hist\u00f3ricamente vulnerado. Pero para el dirigente libertario, no fue m\u00e1s que una \u201cexpresi\u00f3n de ideas\u201d. Lo que en su boca se presenta como \u201clibertad\u201d no es m\u00e1s que la vieja justificaci\u00f3n del odio. Un odio que busca naturalizarse en nombre del discurso anti \u201ccorrecci\u00f3n pol\u00edtica\u201d, y que pretende equiparar el derecho a la identidad con una \u201cideolog\u00eda\u201d cuestionable.<br><br>El caso de Guzm\u00e1n no es aislado. Es el reflejo de un ecosistema pol\u00edtico en el que los discursos mis\u00f3ginos, racistas y homof\u00f3bicos dejaron de ser marginales para convertirse en capital electoral. Bajo la protecci\u00f3n discursiva de la \u201clibertad de expresi\u00f3n\u201d, referentes de La Libertad Avanza ensayan una estrategia de provocaci\u00f3n sistem\u00e1tica. Saben que el esc\u00e1ndalo genera visibilidad y que la pol\u00e9mica se traduce en votos entre quienes sienten nostalgia de los privilegios perdidos.<br><br>Guzm\u00e1n, adem\u00e1s de dirigente partidario, fue director del PAMI en Santa Cruz durante la gesti\u00f3n libertaria, un cargo que deber\u00eda exigir sensibilidad social y respeto por los derechos humanos. Sin embargo, su reacci\u00f3n ante la cr\u00edtica demuestra lo contrario: una indiferencia peligrosa frente al da\u00f1o simb\u00f3lico y real que provocan los discursos de odio. No es una opini\u00f3n m\u00e1s. Es un funcionario p\u00fablico que reivindica la quema de un s\u00edmbolo de inclusi\u00f3n. Y que lo hace desde un partido que hoy gobierna la Argentina.<br><br>Resulta alarmante que este tipo de expresiones no sean repudiadas por la conducci\u00f3n nacional de La Libertad Avanza. Nadie, ni Javier Milei ni los principales voceros del espacio, se pronunci\u00f3 para desmarcarse. El silencio se transforma as\u00ed en complicidad. Un aval impl\u00edcito a una forma de hacer pol\u00edtica que desprecia la diversidad y promueve la exclusi\u00f3n.<br><br>Lo m\u00e1s grave es que este tipo de gestos son funcionales a un proyecto cultural m\u00e1s amplio: reinstalar la idea de que hay ciudadanos de primera y de segunda. Que la orientaci\u00f3n sexual o la identidad de g\u00e9nero pueden ser motivo de burla, de desprecio o de castigo. Y que quienes luchan por la igualdad son \u201cide\u00f3logos\u201d a los que hay que enfrentar con \u201cvalent\u00eda\u201d. Es el mismo razonamiento que justific\u00f3 durante d\u00e9cadas la violencia institucional contra las minor\u00edas, y que hoy resurge con ropaje de rebeld\u00eda libertaria.<br><br>El avance de estos discursos no es casual. Desde que Javier Milei lleg\u00f3 al poder, el Estado se ha replegado en materia de pol\u00edticas de g\u00e9nero y diversidad. Se desmantelaron programas, se desfinanciaron \u00e1reas y se promovi\u00f3 un relato donde toda demanda de reconocimiento es presentada como \u201cadoctrinamiento\u201d. Guzm\u00e1n no es una excepci\u00f3n: es el producto coherente de un gobierno que legitima la intolerancia mientras recorta derechos.<br><br>A diferencia de lo que pretende instalar, la libertad no consiste en imponer el desprecio propio al otro. La libertad no es prender fuego los s\u00edmbolos de quienes piensan distinto. La libertad no es la violencia simb\u00f3lica ni la humillaci\u00f3n p\u00fablica. Cuando un dirigente pol\u00edtico quema una bandera de un colectivo minoritario, no est\u00e1 \u201cexpresando una idea\u201d: est\u00e1 marcando un enemigo.<br><br>Detr\u00e1s de ese fuego hay un mensaje que excede lo personal. Es la traducci\u00f3n pol\u00edtica del odio como m\u00e9todo, de la intolerancia como bandera y del autoritarismo emocional que el mile\u00edsmo ha elevado a virtud. Guzm\u00e1n se ampara en la \u201cideolog\u00eda\u201d para justificar lo injustificable. Pero lo que en realidad hace es reafirmar el modelo de pa\u00eds que propone su espacio: uno donde las diferencias no se celebran, se eliminan.<br><br>Argentina, que fue pionera en la ampliaci\u00f3n de derechos con leyes como la de matrimonio igualitario y la de identidad de g\u00e9nero, atraviesa hoy un retroceso cultural sin precedentes. El hecho de que un candidato a diputado se sienta orgulloso de un acto de odio y que nadie en su partido lo cuestione muestra hasta qu\u00e9 punto se ha naturalizado la violencia simb\u00f3lica.<br><br>El gesto de Guzm\u00e1n es m\u00e1s que un posteo: es un s\u00edntoma. La demostraci\u00f3n de que los discursos de odio han dejado de ser un l\u00edmite para transformarse en estrategia electoral. Y la confirmaci\u00f3n de que, bajo el gobierno de Javier Milei, la palabra \u201clibertad\u201d ha sido vaciada de su contenido \u00e9tico para convertirse en un escudo del odio.<br><br>Fuentes:<br><br>P\u00e1gina|12 \u2013 \u201cEl candidato libertario por Santa Cruz defiende su posteo de una bandera LGBT+ quemada\u201d<br>https:\/\/www.pagina12.com.ar<\/p>\n\n\n\n<p><\/p>\n","protected":false},"excerpt":{"rendered":"<p>El primer candidato a diputado por La Libertad Avanza en Santa Cruz, Jairo Henoch Guzm\u00e1n, reivindic\u00f3 la publicaci\u00f3n en la que exhibi\u00f3 una bandera LGBT+ en llamas. Lejos de retractarse, asegur\u00f3 que se trat\u00f3 de \u201cun tema ideol\u00f3gico\u201d. El episodio revela el costado m\u00e1s violento del discurso libertario que, bajo la m\u00e1scara de la \u201clibertad\u201d,&#8230;<\/p>\n","protected":false},"author":9,"featured_media":10229,"comment_status":"open","ping_status":"open","sticky":false,"template":"","format":"standard","meta":{"_monsterinsights_skip_tracking":false,"_monsterinsights_sitenote_active":false,"_monsterinsights_sitenote_note":"","_monsterinsights_sitenote_category":0,"footnotes":"","jetpack_publicize_message":"","jetpack_publicize_feature_enabled":true,"jetpack_social_post_already_shared":true,"jetpack_social_options":{"image_generator_settings":{"template":"highway","default_image_id":0,"font":"","enabled":false},"version":2}},"categories":[3949,2],"tags":[],"class_list":["post-10230","post","type-post","status-publish","format-standard","has-post-thumbnail","hentry","category-elecciones","category-politica"],"jetpack_publicize_connections":[],"_links":{"self":[{"href":"https:\/\/www.enorsai.com\/noticias\/wp-json\/wp\/v2\/posts\/10230","targetHints":{"allow":["GET"]}}],"collection":[{"href":"https:\/\/www.enorsai.com\/noticias\/wp-json\/wp\/v2\/posts"}],"about":[{"href":"https:\/\/www.enorsai.com\/noticias\/wp-json\/wp\/v2\/types\/post"}],"author":[{"embeddable":true,"href":"https:\/\/www.enorsai.com\/noticias\/wp-json\/wp\/v2\/users\/9"}],"replies":[{"embeddable":true,"href":"https:\/\/www.enorsai.com\/noticias\/wp-json\/wp\/v2\/comments?post=10230"}],"version-history":[{"count":1,"href":"https:\/\/www.enorsai.com\/noticias\/wp-json\/wp\/v2\/posts\/10230\/revisions"}],"predecessor-version":[{"id":10231,"href":"https:\/\/www.enorsai.com\/noticias\/wp-json\/wp\/v2\/posts\/10230\/revisions\/10231"}],"wp:featuredmedia":[{"embeddable":true,"href":"https:\/\/www.enorsai.com\/noticias\/wp-json\/wp\/v2\/media\/10229"}],"wp:attachment":[{"href":"https:\/\/www.enorsai.com\/noticias\/wp-json\/wp\/v2\/media?parent=10230"}],"wp:term":[{"taxonomy":"category","embeddable":true,"href":"https:\/\/www.enorsai.com\/noticias\/wp-json\/wp\/v2\/categories?post=10230"},{"taxonomy":"post_tag","embeddable":true,"href":"https:\/\/www.enorsai.com\/noticias\/wp-json\/wp\/v2\/tags?post=10230"}],"curies":[{"name":"wp","href":"https:\/\/api.w.org\/{rel}","templated":true}]}}