{"id":10210,"date":"2025-10-23T14:00:44","date_gmt":"2025-10-23T17:00:44","guid":{"rendered":"https:\/\/www.enorsai.com\/noticias\/?p=10210"},"modified":"2025-10-23T15:45:58","modified_gmt":"2025-10-23T18:45:58","slug":"pullaro-es-milei","status":"publish","type":"post","link":"https:\/\/www.enorsai.com\/noticias\/politica\/pullaro-es-milei\/","title":{"rendered":"Pullaro es Milei"},"content":{"rendered":"\n<p>El gobernador de Santa Fe, Maximiliano Pullaro, termin\u00f3 de borrar cualquier l\u00ednea que separara a su espacio pol\u00edtico del oficialismo libertario. En una serie de declaraciones recientes, reconoci\u00f3 que acompa\u00f1ar\u00e1 las reformas que impulsa Javier Milei y que su alianza, Provincias Unidas, ser\u00e1 \u201cla garant\u00eda de gobernabilidad\u201d del proyecto presidencial. Una definici\u00f3n que, en t\u00e9rminos pol\u00edticos, equivale a la rendici\u00f3n anticipada: ni pasaron las elecciones y ya se vendieron.<br><br>Pullaro, que se presenta como un dirigente \u201cracional\u201d dentro del campo opositor, se muestra cada vez m\u00e1s alineado con el presidente en funciones. En una entrevista con P\u00e1gina\/12, admiti\u00f3 coincidir con las reformas laboral, previsional e impositiva que el gobierno pretende avanzar, aunque aclar\u00f3 que lo har\u00eda \u201ccon reparos\u201d. La f\u00f3rmula es conocida: acompa\u00f1ar con matices para legitimar un programa de ajuste brutal. En los hechos, el gobernador santafesino se convierte en uno de los sostenes provinciales m\u00e1s firmes de Milei, aun cuando la motosierra libertaria arrasa con el federalismo y el financiamiento de las provincias.<br><br>No es un lapsus ni una declaraci\u00f3n aislada. En Infobae, Pullaro profundiz\u00f3 su alineamiento al asegurar que Provincias Unidas, el nuevo sello que agrupa a referentes como Rogelio Frigerio, Ignacio Torres y el propio Pullaro, \u201cpretende construir poder para gobernar la Argentina en 2027\u201d. Traducido: cuidar a Milei hoy para heredar su electorado ma\u00f1ana. Lo que se presenta como \u201cresponsabilidad institucional\u201d es, en realidad, una estrategia de supervivencia pol\u00edtica a costa del pueblo trabajador y del Estado nacional.<br><br>En la misma l\u00ednea, el mandatario santafesino sostuvo en La Capital que \u201cno queremos que los errores de Milei hagan volver al kirchnerismo\u201d. El mensaje es claro: Pullaro se asume como garante de la continuidad del modelo libertario, incluso cuando el mismo gobierno destruye los salarios, congela la obra p\u00fablica y somete a las provincias al ahogo financiero. La defensa del ajuste se disfraza de \u201cresponsabilidad republicana\u201d, pero su contenido es profundamente conservador y funcional al poder econ\u00f3mico concentrado.<br><br>La frase \u201csomos la garant\u00eda de gobernabilidad\u201d deber\u00eda leerse como un acta de entrega. La gobernabilidad que Pullaro ofrece no es la de los pueblos del interior que sufren la falta de recursos, sino la que demandan los mercados y las embajadas. En lugar de exigir la coparticipaci\u00f3n justa, la defensa de la producci\u00f3n o la restituci\u00f3n del Fondo Nacional de Incentivo Docente, Pullaro se abraza al discurso de Milei que acusa a las provincias de \u201cgastadoras\u201d y al Estado de \u201cpar\u00e1sito\u201d. Santa Fe, hist\u00f3ricamente cuna de resistencia federal, hoy se convierte en laboratorio del libertarismo provincial.<br><br>Resulta parad\u00f3jico que un gobernador radical, heredero de la tradici\u00f3n alfonsinista y del ideario de autonom\u00eda provincial, se convierta en vocero del centralismo porte\u00f1o m\u00e1s feroz. El discurso de Pullaro intenta reconciliar lo irreconciliable: defender los intereses de su provincia mientras aplaude el ajuste que la asfixia. En nombre de la gobernabilidad, renuncia a toda disputa por los recursos que le corresponden a Santa Fe, al mismo tiempo que avala un modelo que concentra poder en la Casa Rosada y debilita el federalismo.<br><br>El experimento pol\u00edtico de Provincias Unidas, presentado como una \u201ctercera v\u00eda\u201d entre Milei y el kirchnerismo, se desmorona apenas inicia. Lejos de representar una opci\u00f3n aut\u00f3noma, act\u00faa como ap\u00e9ndice del gobierno libertario. La foto de Pullaro junto a Frigerio y Torres no expresa una renovaci\u00f3n pol\u00edtica, sino la continuidad del pacto conservador que pretende sostener el ajuste desde las provincias. No son la garant\u00eda de la gobernabilidad: son la garant\u00eda de la entrega.<br><br>La historia argentina ya conoci\u00f3 estos episodios. Cada vez que los gobernadores levantaron la bandera de la \u201cgobernabilidad\u201d, los sectores populares terminaron pagando el costo. La memoria de los a\u00f1os noventa deber\u00eda servir de advertencia: la docilidad provincial frente al poder central solo fortaleci\u00f3 la concentraci\u00f3n econ\u00f3mica y la dependencia externa. Pullaro parece no haber aprendido nada. O, peor, aprendi\u00f3 demasiado bien.<br><br>Mientras Santa Fe enfrenta recortes en la educaci\u00f3n, la salud y la obra p\u00fablica, su gobernador decide alinearse con quienes provocan ese desmantelamiento. Lo hace en nombre del \u201corden\u201d, pero el orden que defiende es el del mercado, no el de la justicia social. Habla de acompa\u00f1ar las reformas, pero esas reformas implican menos derechos laborales, jubilaciones m\u00e1s bajas y una estructura tributaria cada vez m\u00e1s regresiva. Habla de federalismo, pero su pr\u00e1ctica pol\u00edtica lo contradice.<br><br>\u201cPullaro es Milei\u201d no es una consigna exagerada, es una descripci\u00f3n pol\u00edtica precisa. Representa la fusi\u00f3n entre el conservadurismo tradicional y el proyecto libertario. Un gobernador que elige someterse a la l\u00f3gica del ajuste antes que defender a su pueblo. Un dirigente que, bajo el pretexto de evitar el regreso del kirchnerismo, entrega la soberan\u00eda provincial a un modelo econ\u00f3mico de miseria planificada.<br><br>Santa Fe, tierra de lucha y trabajo, merece m\u00e1s que un gerente del Mile\u00edsmo. Porque cuando los gobernadores se vuelven voceros del poder central, los pueblos quedan sin voz.<br><br><br>Fuentes:<br><br>P\u00e1gina\/12 \u2013 \u201cPullaro pide el voto y banca las reformas pendientes\u201d<br>https:\/\/www.pagina12.com.ar\/867317-pide-el-voto-y-banca-las-reformas-pendientes<br><br>Infobae \u2013 \u201cPullaro y Scaglia: \u2018Por los errores del gobierno, el kirchnerismo puede volver; por eso nace Provincias Unidas\u2019\u201d<br>https:\/\/www.infobae.com\/politica\/2025\/10\/22\/pullaro-y-scaglia-por-los-errores-del-gobierno-el-kirchnerismo-puede-volver-por-eso-nace-provincias-unidas\/<br><br>La Capital \u2013 \u201cPullaro: \u2018No nos negamos al debate, pero no nos vamos a someter al poder central\u2019\u201d<br>https:\/\/www.lacapital.com.ar\/politica\/pullaro-no-nos-negamos-al-debate-pero-no-nos-vamos-someter-al-poder-central-n10225662.html<br><\/p>\n","protected":false},"excerpt":{"rendered":"<p>El gobernador de Santa Fe, Maximiliano Pullaro, termin\u00f3 de borrar cualquier l\u00ednea que separara a su espacio pol\u00edtico del oficialismo libertario. En una serie de declaraciones recientes, reconoci\u00f3 que acompa\u00f1ar\u00e1 las reformas que impulsa Javier Milei y que su alianza, Provincias Unidas, ser\u00e1 \u201cla garant\u00eda de gobernabilidad\u201d del proyecto presidencial. Una definici\u00f3n que, en t\u00e9rminos&#8230;<\/p>\n","protected":false},"author":1,"featured_media":10208,"comment_status":"open","ping_status":"open","sticky":false,"template":"","format":"standard","meta":{"_monsterinsights_skip_tracking":false,"_monsterinsights_sitenote_active":false,"_monsterinsights_sitenote_note":"","_monsterinsights_sitenote_category":0,"footnotes":"","jetpack_publicize_message":"","jetpack_publicize_feature_enabled":true,"jetpack_social_post_already_shared":true,"jetpack_social_options":{"image_generator_settings":{"template":"highway","default_image_id":0,"font":"","enabled":false},"version":2}},"categories":[2],"tags":[],"class_list":["post-10210","post","type-post","status-publish","format-standard","has-post-thumbnail","hentry","category-politica"],"jetpack_publicize_connections":[],"_links":{"self":[{"href":"https:\/\/www.enorsai.com\/noticias\/wp-json\/wp\/v2\/posts\/10210","targetHints":{"allow":["GET"]}}],"collection":[{"href":"https:\/\/www.enorsai.com\/noticias\/wp-json\/wp\/v2\/posts"}],"about":[{"href":"https:\/\/www.enorsai.com\/noticias\/wp-json\/wp\/v2\/types\/post"}],"author":[{"embeddable":true,"href":"https:\/\/www.enorsai.com\/noticias\/wp-json\/wp\/v2\/users\/1"}],"replies":[{"embeddable":true,"href":"https:\/\/www.enorsai.com\/noticias\/wp-json\/wp\/v2\/comments?post=10210"}],"version-history":[{"count":3,"href":"https:\/\/www.enorsai.com\/noticias\/wp-json\/wp\/v2\/posts\/10210\/revisions"}],"predecessor-version":[{"id":10211,"href":"https:\/\/www.enorsai.com\/noticias\/wp-json\/wp\/v2\/posts\/10210\/revisions\/10211"}],"wp:featuredmedia":[{"embeddable":true,"href":"https:\/\/www.enorsai.com\/noticias\/wp-json\/wp\/v2\/media\/10208"}],"wp:attachment":[{"href":"https:\/\/www.enorsai.com\/noticias\/wp-json\/wp\/v2\/media?parent=10210"}],"wp:term":[{"taxonomy":"category","embeddable":true,"href":"https:\/\/www.enorsai.com\/noticias\/wp-json\/wp\/v2\/categories?post=10210"},{"taxonomy":"post_tag","embeddable":true,"href":"https:\/\/www.enorsai.com\/noticias\/wp-json\/wp\/v2\/tags?post=10210"}],"curies":[{"name":"wp","href":"https:\/\/api.w.org\/{rel}","templated":true}]}}