{"id":1021,"date":"2025-02-11T00:01:27","date_gmt":"2025-02-11T03:01:27","guid":{"rendered":"https:\/\/www.enorsai.com\/noticias\/?p=1021"},"modified":"2025-02-11T00:01:27","modified_gmt":"2025-02-11T03:01:27","slug":"karina-milei-la-mano-que-empuna-la-guillotina-del-poder","status":"publish","type":"post","link":"https:\/\/www.enorsai.com\/noticias\/politica\/karina-milei-la-mano-que-empuna-la-guillotina-del-poder\/","title":{"rendered":"Karina Milei, la mano que empu\u00f1a la guillotina del poder"},"content":{"rendered":"\n<p><\/p>\n\n\n\n<p><strong>La <a href=\"https:\/\/www.enorsai.com.ar\/sociedad\/41351-confirmado--karina-milei-manejo-una-sociedad-creada-en-florida--alkary-investments--que-compro-4-departamentos-en-miami-x-usd-2-7-millones.html\">hermana del presidente<\/a> Javier Milei no solo es la arquitecta de La Libertad Avanza, sino que tambi\u00e9n es quien decide qui\u00e9n entra y qui\u00e9n es \u00abejecutado\u00bb del c\u00edrculo de confianza. Su poder interno es absoluto y su influencia sobre el rumbo del gobierno, innegable.<\/strong><\/p>\n\n\n\n<p>Desde la asunci\u00f3n de Javier Milei como presidente, una figura ha emergido con un poder inusitado y sin contestaci\u00f3n: <a href=\"https:\/\/www.enorsai.com.ar\/politica\/41783-falsificacion-de-firmas--la-libertad-avanza-afilio-a-mas-de-200-docentes-sin-su-consentimiento.html\">Karina Milei<\/a>. Conocida en el entorno libertario como \u00abEl Jefe\u00bb, la hermana del mandatario ha consolidado su rol como la guardiana de la pureza ideol\u00f3gica del movimiento y como la decisora final en la pol\u00edtica interna del oficialismo. En palabras del propio Milei, ella tiene \u00abla guillotina\u00bb y la usa sin miramientos.<\/p>\n\n\n\n<p>En una reciente entrevista en Am\u00e9rica 24, el presidente no dej\u00f3 dudas sobre el papel que desempe\u00f1a su hermana. \u00abDicen que mi hermana tiene una guillotina. Bueno, s\u00ed, tiene una guillotina. \u00bfUsted hace cosas en contra de los par\u00e1metros que nosotros defendemos? Guillotina\u00bb. Y as\u00ed fue como Ramiro Marra, uno de los fundadores de La Libertad Avanza, fue expulsado de la estructura pol\u00edtica. Su pecado: haber votado a favor de un presupuesto que implicaba aumento de impuestos. \u00abLo ejecutaron\u00bb, sentenci\u00f3 Milei.<\/p>\n\n\n\n<p>Karina Milei no solo decide qui\u00e9n est\u00e1 dentro o fuera del partido, sino tambi\u00e9n qui\u00e9nes ocupar\u00e1n cargos de relevancia en el gobierno y en las listas de candidatos. Su veto es definitivo, su poder es absoluto. Funcionarios, ministros y aliados deben pasar su filtro, y el que no se ajusta a su visi\u00f3n de pureza pol\u00edtica es descartado sin contemplaciones.<\/p>\n\n\n\n<figure class=\"wp-block-embed is-type-wp-embed is-provider-incrustado wp-block-embed-incrustado\"><div class=\"wp-block-embed__wrapper\">\n<blockquote class=\"wp-embedded-content\" data-secret=\"Ld6IWTLSip\"><a href=\"https:\/\/www.enorsai.com\/noticias\/politica\/jaime-duran-barba-advierte-la-polarizacion-de-milei-es-la-receta-perfecta-para-su-propia-derrota\/\">Jaime Dur\u00e1n Barba advierte: la polarizaci\u00f3n de Milei es la receta perfecta para su propia derrota<\/a><\/blockquote><iframe loading=\"lazy\" class=\"wp-embedded-content\" sandbox=\"allow-scripts\" security=\"restricted\" style=\"position: absolute; visibility: hidden;\" title=\"\u00abJaime Dur\u00e1n Barba advierte: la polarizaci\u00f3n de Milei es la receta perfecta para su propia derrota\u00bb \u2014 \" src=\"https:\/\/www.enorsai.com\/noticias\/politica\/jaime-duran-barba-advierte-la-polarizacion-de-milei-es-la-receta-perfecta-para-su-propia-derrota\/embed\/#?secret=7bnKTN2Ahs#?secret=Ld6IWTLSip\" data-secret=\"Ld6IWTLSip\" width=\"600\" height=\"338\" frameborder=\"0\" marginwidth=\"0\" marginheight=\"0\" scrolling=\"no\"><\/iframe>\n<\/div><\/figure>\n\n\n\n<p>Uno de los casos m\u00e1s notorios de su intervenci\u00f3n fue la ca\u00edda de Guillermo Ferraro, el exministro de Infraestructura, a quien se\u00f1al\u00f3 como un \u00abtraidor\u00bb por revelar informaci\u00f3n sensible. Similar fue el destino de otros exfuncionarios, como el exdirector del INDEC Marco Lavagna y el exministro de Capital Humano, a quienes les hab\u00eda retirado la confianza.<\/p>\n\n\n\n<p>Pero el rol de Karina Milei no se detiene en el \u00e1mbito gubernamental. Su otra gran misi\u00f3n para este a\u00f1o es fortalecer la estructura pol\u00edtica de La Libertad Avanza a nivel nacional. Su ojo est\u00e1 puesto especialmente en la Ciudad de Buenos Aires, donde ha estado afiliando militantes en barrios hist\u00f3ricos de la familia Milei, como Villa del Parque y Recoleta. En ese armado, la Secretar\u00eda General de la Presidencia ha tejido alianzas con nombres como Manuel Adorni y ha dado luz verde a la candidatura de Jos\u00e9 Luis Espert en la provincia de Buenos Aires, pese a que en el pasado este hab\u00eda sido un cr\u00edtico ac\u00e9rrimo de Milei. Aun as\u00ed, la desconfianza persiste, y Espert debi\u00f3 sortear la suspicacia de la hermana presidencial para asegurarse un lugar en el espacio.<\/p>\n\n\n\n<p>Otro actor que entra en la ecuaci\u00f3n es <a href=\"https:\/\/www.enorsai.com.ar\/politica\/42305-senalan-a-diego-santilli-por-tener-14-empresas-en-paraisos-fiscales.html\">Diego Santilli<\/a>, exfuncionario del PRO y posible figura de negociaci\u00f3n con La Libertad Avanza. Sin embargo, su relaci\u00f3n con Jorge Macri no es bien vista dentro del gobierno, y su cercan\u00eda con ciertos sectores del PRO despierta recelos en la Casa Rosada. En definitiva, Karina Milei tiene la \u00faltima palabra y no est\u00e1 dispuesta a compartir su espacio con nadie que no considere \u00abpuro\u00bb.<\/p>\n\n\n\n<figure class=\"wp-block-embed is-type-wp-embed is-provider-incrustado wp-block-embed-incrustado\"><div class=\"wp-block-embed__wrapper\">\n<blockquote class=\"wp-embedded-content\" data-secret=\"tzUc0HneP1\"><a href=\"https:\/\/www.enorsai.com\/noticias\/politica\/carlos-maslaton-sobre-el-gobierno-de-milei-deuda-dolar-y-la-sombra-de-martinez-de-hoz\/\">Carlos Maslat\u00f3n sobre el gobierno de Milei: deuda, d\u00f3lar y la sombra de Mart\u00ednez de Hoz<\/a><\/blockquote><iframe loading=\"lazy\" class=\"wp-embedded-content\" sandbox=\"allow-scripts\" security=\"restricted\" style=\"position: absolute; visibility: hidden;\" title=\"\u00abCarlos Maslat\u00f3n sobre el gobierno de Milei: deuda, d\u00f3lar y la sombra de Mart\u00ednez de Hoz\u00bb \u2014 \" src=\"https:\/\/www.enorsai.com\/noticias\/politica\/carlos-maslaton-sobre-el-gobierno-de-milei-deuda-dolar-y-la-sombra-de-martinez-de-hoz\/embed\/#?secret=UaKKOd5x0A#?secret=tzUc0HneP1\" data-secret=\"tzUc0HneP1\" width=\"600\" height=\"338\" frameborder=\"0\" marginwidth=\"0\" marginheight=\"0\" scrolling=\"no\"><\/iframe>\n<\/div><\/figure>\n\n\n\n<p>La influencia de la \u00abhermana del presidente\u00bb tambi\u00e9n se ha hecho sentir en otros \u00e1mbitos menos pol\u00edticos pero igual de simb\u00f3licos. En los \u00faltimos d\u00edas, trascendi\u00f3 que orden\u00f3 una \u00ablimpieza energ\u00e9tica\u00bb en las oficinas de la Casa Rosada, utilizando vinagre y palo santo para \u00abahuyentar malas energ\u00edas\u00bb. Un ritual que deja en evidencia que su dominio va m\u00e1s all\u00e1 de la pol\u00edtica y se adentra en la m\u00edstica de la gesti\u00f3n del poder.<\/p>\n\n\n\n<p>Lo que queda claro es que Karina Milei no es simplemente la hermana del presidente, ni una asesora m\u00e1s en la estructura de gobierno. Es el cerebro pol\u00edtico de La Libertad Avanza, la guardiana de la doctrina libertaria y la ejecutora de la depuraci\u00f3n interna. Su poder est\u00e1 intacto, y con la guillotina en mano, no parece dispuesta a soltarla.<\/p>\n\n\n\n<p>Fuente: Gaby Vulcano &#8211; Radio Con vos &#8211; Pasaron Cosas<\/p>\n","protected":false},"excerpt":{"rendered":"<p>Lo que queda claro es que Karina Milei no es simplemente la hermana del presidente, ni una asesora m\u00e1s en la estructura de gobierno.<\/p>\n","protected":false},"author":4,"featured_media":1022,"comment_status":"open","ping_status":"open","sticky":false,"template":"","format":"standard","meta":{"_monsterinsights_skip_tracking":false,"_monsterinsights_sitenote_active":false,"_monsterinsights_sitenote_note":"","_monsterinsights_sitenote_category":0,"footnotes":"","jetpack_publicize_message":"","jetpack_publicize_feature_enabled":true,"jetpack_social_post_already_shared":true,"jetpack_social_options":{"image_generator_settings":{"template":"highway","default_image_id":0,"font":"","enabled":false},"version":2}},"categories":[2],"tags":[93,402,403,401,404,151,400],"class_list":["post-1021","post","type-post","status-publish","format-standard","has-post-thumbnail","hentry","category-politica","tag-argentina","tag-elecciones-2025-argentina","tag-expulsiones-en-la-libertad-avanza","tag-javier-milei-gobierno","tag-karina-milei-guillotina","tag-karina-milei-poder","tag-la-libertad-avanza-internas"],"jetpack_publicize_connections":[],"_links":{"self":[{"href":"https:\/\/www.enorsai.com\/noticias\/wp-json\/wp\/v2\/posts\/1021","targetHints":{"allow":["GET"]}}],"collection":[{"href":"https:\/\/www.enorsai.com\/noticias\/wp-json\/wp\/v2\/posts"}],"about":[{"href":"https:\/\/www.enorsai.com\/noticias\/wp-json\/wp\/v2\/types\/post"}],"author":[{"embeddable":true,"href":"https:\/\/www.enorsai.com\/noticias\/wp-json\/wp\/v2\/users\/4"}],"replies":[{"embeddable":true,"href":"https:\/\/www.enorsai.com\/noticias\/wp-json\/wp\/v2\/comments?post=1021"}],"version-history":[{"count":1,"href":"https:\/\/www.enorsai.com\/noticias\/wp-json\/wp\/v2\/posts\/1021\/revisions"}],"predecessor-version":[{"id":1023,"href":"https:\/\/www.enorsai.com\/noticias\/wp-json\/wp\/v2\/posts\/1021\/revisions\/1023"}],"wp:featuredmedia":[{"embeddable":true,"href":"https:\/\/www.enorsai.com\/noticias\/wp-json\/wp\/v2\/media\/1022"}],"wp:attachment":[{"href":"https:\/\/www.enorsai.com\/noticias\/wp-json\/wp\/v2\/media?parent=1021"}],"wp:term":[{"taxonomy":"category","embeddable":true,"href":"https:\/\/www.enorsai.com\/noticias\/wp-json\/wp\/v2\/categories?post=1021"},{"taxonomy":"post_tag","embeddable":true,"href":"https:\/\/www.enorsai.com\/noticias\/wp-json\/wp\/v2\/tags?post=1021"}],"curies":[{"name":"wp","href":"https:\/\/api.w.org\/{rel}","templated":true}]}}