{"id":10206,"date":"2025-10-23T12:37:49","date_gmt":"2025-10-23T15:37:49","guid":{"rendered":"https:\/\/www.enorsai.com\/noticias\/?p=10206"},"modified":"2025-10-23T12:42:45","modified_gmt":"2025-10-23T15:42:45","slug":"a-48-horas-de-las-elecciones-renuncio-mariano-cuneo-libarona-el-gobierno-empieza-a-hacer-agua","status":"publish","type":"post","link":"https:\/\/www.enorsai.com\/noticias\/politica\/a-48-horas-de-las-elecciones-renuncio-mariano-cuneo-libarona-el-gobierno-empieza-a-hacer-agua\/","title":{"rendered":"A 48 horas de las elecciones, renunci\u00f3 Mariano C\u00faneo Libarona: el Gobierno empieza a hacer agua"},"content":{"rendered":"\n<p>El gobierno de Javier Milei acaba de sufrir una baja pol\u00edtica de enorme peso simb\u00f3lico y estrat\u00e9gico. A apenas 48 horas de las elecciones nacionales, el ministro de Justicia, Mariano C\u00faneo Libarona, present\u00f3 su renuncia. La noticia fue confirmada por el canal C5N y, seg\u00fan trascendi\u00f3, se har\u00e1 efectiva el lunes posterior a los comicios. El momento elegido no podr\u00eda ser m\u00e1s delicado: el gobierno entra en la recta final hacia una votaci\u00f3n decisiva con el gabinete resquebrajado y el desconcierto creciendo en sus propias filas.<br><br>La salida de C\u00faneo Libarona no es un episodio aislado. Es el s\u00edntoma visible de una administraci\u00f3n que, en menos de dos a\u00f1os, ya acumula m\u00e1s renuncias, pol\u00e9micas y contradicciones que logros concretos. Su figura, desde el inicio, condens\u00f3 la doble cara del \u201cmodelo libertario\u201d: la promesa de un orden jur\u00eddico nuevo y el caos moral de un gabinete donde los l\u00edmites \u00e9ticos son difusos. Durante su gesti\u00f3n, el ministro qued\u00f3 envuelto en m\u00faltiples controversias \u2014acusaciones por conflictos de intereses, denuncias de amiguismo, v\u00ednculos empresariales opacos y hasta rumores de negociaciones paralelas con sectores judiciales\u2014. Todo eso fue erosionando su autoridad hasta volverla insostenible.<br><br>En la Casa Rosada, nadie se atreve a decirlo abiertamente, pero puertas adentro la lectura es clara: C\u00faneo Libarona no renuncia por motivos personales sino pol\u00edticos. Su nombre qued\u00f3 asociado al deterioro del frente judicial del gobierno, un \u00e1rea clave para blindar al Presidente y su entorno en medio de las investigaciones abiertas por la causa $Libra, las denuncias de espionaje y los conflictos con el Poder Judicial. Seg\u00fan trascendi\u00f3, el exministro podr\u00eda convertirse en abogado defensor del propio Milei en el expediente sobre criptoactivos, un gesto que desdibuja a\u00fan m\u00e1s la frontera entre Estado y negocios personales.<\/p>\n\n\n\n<figure class=\"wp-block-embed is-type-rich is-provider-twitter wp-block-embed-twitter\"><div class=\"wp-block-embed__wrapper\">\n<blockquote class=\"twitter-tweet\" data-width=\"550\" data-dnt=\"true\"><p lang=\"es\" dir=\"ltr\">Renunci\u00f3 el ministro de Justicia: C\u00faneo Libarona, tambi\u00e9n afuera <br><br>\u2139\ufe0f <a href=\"https:\/\/twitter.com\/rosarioa?ref_src=twsrc%5Etfw\">@rosarioa<\/a> <br><br>\ud83d\udcf2 <a href=\"https:\/\/twitter.com\/hashtag\/C5N?src=hash&amp;ref_src=twsrc%5Etfw\">#C5N<\/a> en vivo: <a href=\"https:\/\/t.co\/9fxDe5JViU\">https:\/\/t.co\/9fxDe5JViU<\/a> <a href=\"https:\/\/t.co\/QAb2IhthYY\">pic.twitter.com\/QAb2IhthYY<\/a><\/p>&mdash; C5N (@C5N) <a href=\"https:\/\/twitter.com\/C5N\/status\/1981360364890513577?ref_src=twsrc%5Etfw\">October 23, 2025<\/a><\/blockquote><script async src=\"https:\/\/platform.twitter.com\/widgets.js\" charset=\"utf-8\"><\/script>\n<\/div><\/figure>\n\n\n\n<p><br><br>El gobierno intenta transmitir normalidad, pero los hechos se le escapan. Cada d\u00eda se multiplica el ruido: la crisis con el ministro de Econom\u00eda Luis Caputo por la falta de d\u00f3lares, los roces entre Patricia Bullrich y Karina Milei, las denuncias de corrupci\u00f3n en torno a funcionarios designados sin t\u00edtulo universitario, y ahora la ca\u00edda del ministro de Justicia. Si el Ejecutivo fuera un barco, la imagen ser\u00eda inevitable: el Titanic antes del iceberg, con los m\u00fasicos a\u00fan tocando mientras los funcionarios se apuran a buscar su propio bote salvavidas.<br><br>La renuncia de C\u00faneo Libarona tambi\u00e9n golpea de lleno en la narrativa libertaria. Javier Milei lleg\u00f3 al poder prometiendo un gobierno \u201ct\u00e9cnico, honesto y sin privilegios\u201d. Hoy, esa ret\u00f3rica se estrella contra la realidad de un gabinete en fuga, plagado de figuras que abandonan el barco antes de asumir costos pol\u00edticos. Su salida no s\u00f3lo desarma el relato de la eficiencia, sino que instala la idea de un gobierno sin rumbo, donde nadie parece dispuesto a quedarse a apagar el incendio.<br><br>A dos d\u00edas de la elecci\u00f3n, el impacto es inmediato: la oposici\u00f3n lo lee como un signo de debilidad terminal; los mercados, como una se\u00f1al de incertidumbre institucional; y los aliados, como la antesala de un reacomodamiento interno que podr\u00eda incluir m\u00e1s cambios ministeriales. En los pasillos oficiales ya se menciona al intendente de General Pueyrred\u00f3n, Guillermo Montenegro, como posible reemplazo. Su eventual llegada marcar\u00eda un giro hacia un perfil m\u00e1s pol\u00edtico y menos medi\u00e1tico, aunque nada parece firme en un gobierno donde todo se decide de forma impulsiva.<br><br>El propio Milei, hasta el momento, se mantiene en silencio. Pero su estilo es conocido: cuando la presi\u00f3n sube, busca culpables afuera. No ser\u00eda extra\u00f1o que en los pr\u00f3ximos d\u00edas intente transformar esta renuncia en una demostraci\u00f3n de autoridad, acusando al \u201cr\u00e9gimen\u201d o a los \u201cmedios corruptos\u201d de haber desgastado a su ministro. Sin embargo, detr\u00e1s del show comunicacional, lo que se percibe es otra cosa: fracturas internas, desconfianza y un gabinete que se descompone antes de consolidarse.<br><br>Mariano C\u00faneo Libarona fue una pieza clave del c\u00edrculo de poder de Milei. No s\u00f3lo por su cargo formal, sino por su rol de articulador con la justicia federal, un territorio donde el gobierno libertario nunca logr\u00f3 hacerse fuerte. Su salida deja un vac\u00edo pol\u00edtico que nadie parece listo para ocupar. En t\u00e9rminos simb\u00f3licos, representa el final de una etapa: la del \u201clibertarismo jur\u00eddico\u201d que promet\u00eda desmantelar el sistema judicial kirchnerista y termin\u00f3 naufragando en sus propias contradicciones.<br><br>El gobierno llega as\u00ed a las urnas con una imagen de fractura y desorientaci\u00f3n. La sensaci\u00f3n generalizada, incluso entre sectores que lo apoyaron, es que el experimento libertario comenz\u00f3 a implosionar desde adentro. Lo que deb\u00eda ser una revoluci\u00f3n institucional se transform\u00f3 en un laboratorio improvisado, donde cada ministro compite por sobrevivir y cada decisi\u00f3n parece dictada por la urgencia o el capricho presidencial.<br><br>La pregunta que queda flotando es si esta renuncia ser\u00e1 apenas un episodio m\u00e1s en la larga lista de crisis ministeriales, o el inicio de un efecto domin\u00f3 que acelere el desgaste del gobierno. En cualquier caso, el mensaje pol\u00edtico ya est\u00e1 claro: a 48 horas de una elecci\u00f3n crucial, Javier Milei enfrenta su propio naufragio. Y aunque todav\u00eda suene la m\u00fasica de campa\u00f1a, varios ya est\u00e1n buscando la salida m\u00e1s cercana.<br><br><br>Fuentes:<br>C5N \u2013 \u201cM\u00e1s cambios en el gabinete: Mariano C\u00faneo Libarona deja el Ministerio de Justicia despu\u00e9s de las elecciones\u201d<br>https:\/\/www.c5n.com\/politica\/mas-cambios-el-gabinete-mariano-cuneo-libarona-deja-el-ministerio-justicia-despues-las-elecciones-n218498<br>Diagonales \u2013 \u201cC\u00faneo Libarona podr\u00eda renunciar al Ministerio de Justicia para convertirse en el abogado de Milei\u201d<br>https:\/\/www.diagonales.com\/nacion\/cuneo-libarona-podria-renunciar-al-ministerio-de-justicia-para-convertirse-en-el-abogado-de-milei_a67b72479c23de5695016d303<br>La Pol\u00edtica Online \u2013 \u201cMencionan a Guillermo Montenegro como reemplazante de C\u00faneo Libarona en Justicia\u201d<br>https:\/\/www.lapoliticaonline.com\/politica\/mencionan-a-guillermo-montenegro-como-reemplazante-de-cuneo-libarona-en-justicia<\/p>\n","protected":false},"excerpt":{"rendered":"<p>El gobierno de Javier Milei acaba de sufrir una baja pol\u00edtica de enorme peso simb\u00f3lico y estrat\u00e9gico. A apenas 48 horas de las elecciones nacionales, el ministro de Justicia, Mariano C\u00faneo Libarona, present\u00f3 su renuncia. La noticia fue confirmada por el canal C5N y, seg\u00fan trascendi\u00f3, se har\u00e1 efectiva el lunes posterior a los comicios&#8230;.<\/p>\n","protected":false},"author":1,"featured_media":10204,"comment_status":"open","ping_status":"open","sticky":false,"template":"","format":"standard","meta":{"_monsterinsights_skip_tracking":false,"_monsterinsights_sitenote_active":false,"_monsterinsights_sitenote_note":"","_monsterinsights_sitenote_category":0,"footnotes":"","jetpack_publicize_message":"","jetpack_publicize_feature_enabled":true,"jetpack_social_post_already_shared":true,"jetpack_social_options":{"image_generator_settings":{"template":"highway","default_image_id":0,"font":"","enabled":false},"version":2}},"categories":[2],"tags":[],"class_list":["post-10206","post","type-post","status-publish","format-standard","has-post-thumbnail","hentry","category-politica"],"jetpack_publicize_connections":[],"_links":{"self":[{"href":"https:\/\/www.enorsai.com\/noticias\/wp-json\/wp\/v2\/posts\/10206","targetHints":{"allow":["GET"]}}],"collection":[{"href":"https:\/\/www.enorsai.com\/noticias\/wp-json\/wp\/v2\/posts"}],"about":[{"href":"https:\/\/www.enorsai.com\/noticias\/wp-json\/wp\/v2\/types\/post"}],"author":[{"embeddable":true,"href":"https:\/\/www.enorsai.com\/noticias\/wp-json\/wp\/v2\/users\/1"}],"replies":[{"embeddable":true,"href":"https:\/\/www.enorsai.com\/noticias\/wp-json\/wp\/v2\/comments?post=10206"}],"version-history":[{"count":1,"href":"https:\/\/www.enorsai.com\/noticias\/wp-json\/wp\/v2\/posts\/10206\/revisions"}],"predecessor-version":[{"id":10207,"href":"https:\/\/www.enorsai.com\/noticias\/wp-json\/wp\/v2\/posts\/10206\/revisions\/10207"}],"wp:featuredmedia":[{"embeddable":true,"href":"https:\/\/www.enorsai.com\/noticias\/wp-json\/wp\/v2\/media\/10204"}],"wp:attachment":[{"href":"https:\/\/www.enorsai.com\/noticias\/wp-json\/wp\/v2\/media?parent=10206"}],"wp:term":[{"taxonomy":"category","embeddable":true,"href":"https:\/\/www.enorsai.com\/noticias\/wp-json\/wp\/v2\/categories?post=10206"},{"taxonomy":"post_tag","embeddable":true,"href":"https:\/\/www.enorsai.com\/noticias\/wp-json\/wp\/v2\/tags?post=10206"}],"curies":[{"name":"wp","href":"https:\/\/api.w.org\/{rel}","templated":true}]}}