{"id":10202,"date":"2025-10-23T12:24:07","date_gmt":"2025-10-23T15:24:07","guid":{"rendered":"https:\/\/www.enorsai.com\/noticias\/?p=10202"},"modified":"2025-10-25T10:34:12","modified_gmt":"2025-10-25T13:34:12","slug":"gravisimo-el-secretario-de-politicas-universitarias-de-milei-no-tiene-titulo-universitario","status":"publish","type":"post","link":"https:\/\/www.enorsai.com\/noticias\/politica\/gravisimo-el-secretario-de-politicas-universitarias-de-milei-no-tiene-titulo-universitario\/","title":{"rendered":"Grav\u00edsimo: el secretario de Pol\u00edticas Universitarias de Milei no tiene t\u00edtulo universitario"},"content":{"rendered":"\n<p>El esc\u00e1ndalo estall\u00f3 en pleno aire de Argenzuela, cuando el periodista Mauro Federico revel\u00f3 que Alejandro \u00c1lvarez, designado por Javier Milei como secretario de Pol\u00edticas Universitarias, no posee los t\u00edtulos acad\u00e9micos que asegur\u00f3 tener en entrevistas y documentos oficiales. El hombre que lidera el ajuste sobre la universidad p\u00fablica no ser\u00eda, parad\u00f3jicamente, universitario. La propia Universidad de Buenos Aires lo desminti\u00f3: no figura como profesor titular, ni su nombramiento fue por concurso, tal como hab\u00eda declarado.<br \/><br \/>\u00c1lvarez, uno de los funcionarios m\u00e1s influyentes del \u00e1rea educativa, ven\u00eda mostr\u00e1ndose como docente e investigador con vasta experiencia en la UBA. Sin embargo, un pedido de informes interno confirm\u00f3 que solo ocupa un cargo de adjunto interino en una c\u00e1tedra, sin t\u00edtulo habilitante de grado ni posgrado registrado. La revelaci\u00f3n no solo deja en evidencia un caso de falsedad institucional, sino que expone el doble discurso del gobierno libertario: quienes impulsan auditor\u00edas y recortes en las universidades p\u00fablicas, ni siquiera cumplen con los est\u00e1ndares m\u00ednimos del sistema que pretenden \u201creordenar\u201d.<br \/><br \/>El dato corri\u00f3 como reguero de p\u00f3lvora en redes sociales. Las cr\u00edticas apuntaron al coraz\u00f3n del relato mile\u00edsta sobre la \u201cmeritocracia\u201d y la supuesta \u201cexcelencia\u201d de su equipo. \u00bfC\u00f3mo puede un funcionario sin t\u00edtulo dirigir la pol\u00edtica universitaria nacional, decidir sobre presupuestos, programas de investigaci\u00f3n y becas de formaci\u00f3n acad\u00e9mica? La contradicci\u00f3n es brutal: un improvisado a cargo del futuro educativo de millones de estudiantes.<\/p>\n\n\n\n<p>Desde el entorno de \u00c1lvarez intentaron relativizar el hecho. Sostienen que \u201cno es un requisito excluyente\u201d tener t\u00edtulo para ocupar el cargo pol\u00edtico. Pero el problema va m\u00e1s all\u00e1 de la legalidad: se trata de la legitimidad \u00e9tica y acad\u00e9mica de quien, sin haber atravesado la vida universitaria completa, impone recortes, despidos y cierres de programas cient\u00edficos. Las universidades nacionales, que durante meses vienen denunciando el vaciamiento del sistema y la persecuci\u00f3n a docentes cr\u00edticos, hoy se enfrentan a la conducci\u00f3n de alguien cuya propia formaci\u00f3n es opaca.<\/p>\n\n\n\n<figure class=\"wp-block-embed is-type-rich is-provider-twitter wp-block-embed-twitter\"><div class=\"wp-block-embed__wrapper\">\n<blockquote class=\"twitter-tweet\" data-width=\"550\" data-dnt=\"true\"><p lang=\"es\" dir=\"ltr\">\ud83d\udea8 Otro esc\u00e1ndalo en el Gobierno: el funcionario universitario sin t\u00edtulo<br><br>\ud83d\udd25Grav\u00edsimo. La persona que Javier Milei design\u00f3 como Secretario de Pol\u00edticas Universitarias, Alejandro \u00c1lvarez, no tiene los t\u00edtulos correspondientes para ocupar el cargo. Lo desminti\u00f3 la propia UBA.<br>El\u2026 <a href=\"https:\/\/t.co\/ttKekcGolg\">pic.twitter.com\/ttKekcGolg<\/a><\/p>&mdash; El Prensero (@El_Prensero) <a href=\"https:\/\/twitter.com\/El_Prensero\/status\/1981375021122470304?ref_src=twsrc%5Etfw\">October 23, 2025<\/a><\/blockquote><script async src=\"https:\/\/platform.twitter.com\/widgets.js\" charset=\"utf-8\"><\/script>\n<\/div><\/figure>\n\n\n\n<p><br><br>El diputado Gabriel Solano ya present\u00f3 una denuncia penal contra \u00c1lvarez por falsificaci\u00f3n de informaci\u00f3n p\u00fablica, tras detectar inconsistencias en su curr\u00edculum. En paralelo, desde sectores docentes exigen su inmediata renuncia. \u201cEs inadmisible que quien niega los derechos de los trabajadores universitarios ni siquiera haya acreditado su propio paso por la universidad\u201d, expres\u00f3 un comunicado de la FEDUN. La Federaci\u00f3n tambi\u00e9n record\u00f3 que \u00c1lvarez es uno de los responsables de frenar la ejecuci\u00f3n del presupuesto universitario 2025 y de haber bloqueado la actualizaci\u00f3n de salarios docentes bajo el argumento de \u201cracionalizar gastos\u201d.<br><br>El esc\u00e1ndalo impacta directamente en la imagen del gobierno de Milei, que ya enfrentaba m\u00faltiples cuestionamientos por su pol\u00edtica educativa. Desde la suspensi\u00f3n de obras en universidades nacionales hasta el veto a la Ley de Financiamiento Universitario, el Ejecutivo acumula decisiones que configuran un ataque sistem\u00e1tico al sistema p\u00fablico. Con esta nueva denuncia, el relato de la \u201cgesti\u00f3n eficiente\u201d se derrumba en su propio campo: el de la educaci\u00f3n superior.<br><br>A medida que se conocen m\u00e1s detalles, crece el desconcierto entre funcionarios y rectores. Nadie entiende c\u00f3mo pudo pasar el filtro administrativo un nombramiento tan irregular. Ni siquiera el Ministerio de Capital Humano, del que depende la Secretar\u00eda, emiti\u00f3 un comunicado aclaratorio. El silencio oficial contrasta con el repudio p\u00fablico. En redes, estudiantes y docentes multiplicaron el hashtag #ElFuncionarioSinT\u00edtulo, mientras otros recordaron el antecedente del secretario de Trabajo, tambi\u00e9n cuestionado por irregularidades en su formaci\u00f3n profesional.<br><br>La crisis de credibilidad es profunda. Porque si el propio encargado de definir la pol\u00edtica universitaria miente sobre su trayectoria, \u00bfqu\u00e9 confianza puede generar en la comunidad acad\u00e9mica? La educaci\u00f3n no puede ser administrada como una empresa privada ni dirigida por improvisados que desconocen su valor social. Las universidades p\u00fablicas no solo forman profesionales: garantizan pensamiento cr\u00edtico, ciencia, innovaci\u00f3n y soberan\u00eda. Y ese tejido est\u00e1 hoy en manos de alguien que no puede acreditar ni su propio t\u00edtulo.<\/p>\n\n\n\n<figure class=\"wp-block-embed is-type-rich is-provider-twitter wp-block-embed-twitter\"><div class=\"wp-block-embed__wrapper\">\n<blockquote class=\"twitter-tweet\" data-width=\"550\" data-dnt=\"true\"><p lang=\"es\" dir=\"ltr\">El ministro de Milei, <a href=\"https:\/\/twitter.com\/AleCiroAlvarez?ref_src=twsrc%5Etfw\">@AleCiroAlvarez<\/a> falsifica p\u00fablicamente informaci\u00f3n de su propio curr\u00edculum.<br><br>\u00c1lvarez es el ministro de pol\u00edticas universitarias del gobierno nacional, uno de los responsables directos del ajuste brutal que estan sufriendo las universidades desde que asumi\u00f3\u2026 <a href=\"https:\/\/t.co\/v4veJdwvME\">pic.twitter.com\/v4veJdwvME<\/a><\/p>&mdash; Gabriel Solano (@Solanopo) <a href=\"https:\/\/twitter.com\/Solanopo\/status\/1841164626102280419?ref_src=twsrc%5Etfw\">October 1, 2024<\/a><\/blockquote><script async src=\"https:\/\/platform.twitter.com\/widgets.js\" charset=\"utf-8\"><\/script>\n<\/div><\/figure>\n\n\n\n<p><br><br>Lo de \u00c1lvarez no es un hecho aislado: es el reflejo de un gobierno que desprecia el conocimiento, vac\u00eda la educaci\u00f3n p\u00fablica y reivindica la ignorancia como bandera ideol\u00f3gica. Un gobierno que confunde autoridad con autoritarismo y gesti\u00f3n con marketing. Mientras Milei promete \u201crevolucionar la cultura\u201d desde su cruzada antiuniversitaria, sus propios funcionarios encarnan el fraude intelectual. No se trata solo de un error administrativo. Es la prueba concreta de que el Estado argentino est\u00e1 siendo dirigido por impostores que no creen en la educaci\u00f3n, la ciencia ni el m\u00e9rito real.<br><br>El esc\u00e1ndalo apenas comienza. Habr\u00e1 que ver si la Justicia y el Congreso avanzan en las investigaciones o si el tema se diluye en la agenda medi\u00e1tica. Pero el da\u00f1o ya est\u00e1 hecho: la credibilidad del gobierno ante el sistema universitario qued\u00f3 reducida a cenizas. Y una pregunta retumba en los claustros: \u00bfc\u00f3mo puede Milei hablar de \u201cexcelencia\u201d acad\u00e9mica si su secretario de Pol\u00edticas Universitarias ni siquiera tiene un t\u00edtulo que lo respalde?<br><br>Fuentes:<br>P\u00e1gina 12 \u2013 \u201cEl colmo del secretario de Pol\u00edticas Universitarias: mentir con su t\u00edtulo\u201d<br>https:\/\/www.pagina12.com.ar\/771617-el-colmo-del-secretario-de-politicas-universitarias-mentir-c<br>Tiempo Argentino \u2013 \u201cDenuncian al subsecretario de Pol\u00edticas Universitarias por falsificar informaci\u00f3n sobre su cargo en la UBA\u201d<br>https:\/\/www.tiempoar.com.ar\/ta_article\/denuncian-al-subsecretario-de-politicas-universitarias-por-falsificar-informacion-sobre-su-cargo-en-la-uba<br>ElDiarioAR \u2013 \u201cAlejandro \u00c1lvarez, el sinuoso funcionario detr\u00e1s de la batalla cultural del gobierno con las universidades\u201d<br>https:\/\/www.eldiarioar.com\/politica\/alejandro-alvarez-sinuoso-funcionario-detras-batalla-cultural-gobierno-universidades_1_11746041.html<\/p>\n","protected":false},"excerpt":{"rendered":"<p>El esc\u00e1ndalo estall\u00f3 en pleno aire de Argenzuela, cuando el periodista Mauro Federico revel\u00f3 que Alejandro \u00c1lvarez, designado por Javier Milei como secretario de Pol\u00edticas Universitarias, no posee los t\u00edtulos acad\u00e9micos que asegur\u00f3 tener en entrevistas y documentos oficiales. El hombre que lidera el ajuste sobre la universidad p\u00fablica no ser\u00eda, parad\u00f3jicamente, universitario. La propia&#8230;<\/p>\n","protected":false},"author":11,"featured_media":10261,"comment_status":"open","ping_status":"open","sticky":false,"template":"","format":"standard","meta":{"_monsterinsights_skip_tracking":false,"_monsterinsights_sitenote_active":false,"_monsterinsights_sitenote_note":"","_monsterinsights_sitenote_category":0,"footnotes":"","jetpack_publicize_message":"","jetpack_publicize_feature_enabled":true,"jetpack_social_post_already_shared":true,"jetpack_social_options":{"image_generator_settings":{"template":"highway","default_image_id":0,"font":"","enabled":false},"version":2}},"categories":[2],"tags":[],"class_list":["post-10202","post","type-post","status-publish","format-standard","has-post-thumbnail","hentry","category-politica"],"jetpack_publicize_connections":[],"_links":{"self":[{"href":"https:\/\/www.enorsai.com\/noticias\/wp-json\/wp\/v2\/posts\/10202","targetHints":{"allow":["GET"]}}],"collection":[{"href":"https:\/\/www.enorsai.com\/noticias\/wp-json\/wp\/v2\/posts"}],"about":[{"href":"https:\/\/www.enorsai.com\/noticias\/wp-json\/wp\/v2\/types\/post"}],"author":[{"embeddable":true,"href":"https:\/\/www.enorsai.com\/noticias\/wp-json\/wp\/v2\/users\/11"}],"replies":[{"embeddable":true,"href":"https:\/\/www.enorsai.com\/noticias\/wp-json\/wp\/v2\/comments?post=10202"}],"version-history":[{"count":2,"href":"https:\/\/www.enorsai.com\/noticias\/wp-json\/wp\/v2\/posts\/10202\/revisions"}],"predecessor-version":[{"id":10279,"href":"https:\/\/www.enorsai.com\/noticias\/wp-json\/wp\/v2\/posts\/10202\/revisions\/10279"}],"wp:featuredmedia":[{"embeddable":true,"href":"https:\/\/www.enorsai.com\/noticias\/wp-json\/wp\/v2\/media\/10261"}],"wp:attachment":[{"href":"https:\/\/www.enorsai.com\/noticias\/wp-json\/wp\/v2\/media?parent=10202"}],"wp:term":[{"taxonomy":"category","embeddable":true,"href":"https:\/\/www.enorsai.com\/noticias\/wp-json\/wp\/v2\/categories?post=10202"},{"taxonomy":"post_tag","embeddable":true,"href":"https:\/\/www.enorsai.com\/noticias\/wp-json\/wp\/v2\/tags?post=10202"}],"curies":[{"name":"wp","href":"https:\/\/api.w.org\/{rel}","templated":true}]}}