{"id":10179,"date":"2025-10-23T05:41:03","date_gmt":"2025-10-23T08:41:03","guid":{"rendered":"https:\/\/www.enorsai.com\/noticias\/?p=10179"},"modified":"2025-10-23T05:41:08","modified_gmt":"2025-10-23T08:41:08","slug":"la-fiscalizacion-libertaria-en-ruinas-como-javier-milei-pierde-control-de-su-alianza-en-buenos-aires","status":"publish","type":"post","link":"https:\/\/www.enorsai.com\/noticias\/politica\/la-fiscalizacion-libertaria-en-ruinas-como-javier-milei-pierde-control-de-su-alianza-en-buenos-aires\/","title":{"rendered":"La fiscalizaci\u00f3n libertaria en ruinas: c\u00f3mo Javier\u202fMilei pierde control de su alianza en Buenos Aires"},"content":{"rendered":"\n<p>La coalici\u00f3n que encabeza Javier Milei se desmorona por dentro: acusaciones cruzadas por fondos, territorios y cargos en la fiscalizaci\u00f3n en la provincia de Buenos Aires revelan una fractura profunda en la estrategia electoral de la alianza.<\/p>\n\n\n\n<p>En el distrito m\u00e1s poblado de la provincia de Buenos Aires, el operativo de fiscalizaci\u00f3n se convirti\u00f3 en un campo de batalla. Miembros del Propuesta\u202fRepublicana (PRO) y de La Libertad Avanza se acusan mutuamente de exclusi\u00f3n, negligencia y mala gesti\u00f3n. Con miles de fiscales faltantes, millones de pesos en juego y la disputa de territorios clave como s\u00edmbolo de poder, el plan libertario entra en el tramo decisivo de la campa\u00f1a debilitado y expuesto.<\/p>\n\n\n\n<p>La campa\u00f1a de la alianza entre el PRO y La Libertad Avanza (LLA), que aspira a capitalizar el impulso electoral de Javier\u202fMilei, est\u00e1 mostrando fisuras profundas y un grado de desorden que podr\u00eda costarle caro en las elecciones que se aproximan. Los focos del conflicto se concentran en la supervisi\u00f3n de las mesas de votaci\u00f3n \u2014la fiscalizaci\u00f3n\u2014, eje operativo esencial en cada elecci\u00f3n y laboratorio de poder territorial. Lo que inicialmente parec\u00eda un tr\u00e1mite t\u00e9cnico, ahora se revela como un s\u00edntoma de una crisis estructural: escasez de fiscales, lucha interna por recursos, disputa por escuelas, insuficiencia de log\u00edstica y una conducci\u00f3n que, seg\u00fan cr\u00edticos internos, \u201chizo la plancha\u201d.<\/p>\n\n\n\n<p>En el distrito de La\u202fMatanza \u2014m\u00e1s de un mill\u00f3n de electores habilitados, el m\u00e1s populoso de la provincia\u2014 se desat\u00f3 una pelea que trasciende el simple reparto de urnas: en el n\u00facleo de la operaci\u00f3n est\u00e1 el diputado electo Luis\u202fOntiveros, hombre clave del c\u00edrculo de confianza de Sebasti\u00e1n\u202fPareja, el operador de LLA en Buenos Aires. Ontiveros, seg\u00fan dirigentes del PRO y libertarios cr\u00edticos, habr\u00eda impuesto un criterio excluyente: \u201ccuanto m\u00e1s fiscales cede, m\u00e1s se reparte la torta\u201d, se quejaron desde la alianza. El discurso de unidad, que la alianza vend\u00eda hacia afuera, esboz\u00f3 hoy su primer gran quiebre.<\/p>\n\n\n\n<p>El escenario se agrava cuando se revela que para cubrir cerca de 4 000 fiscales en La Matanza, la alianza estim\u00f3 un presupuesto de <strong>300 millones de pesos<\/strong>. Y que, a\u00fan pagando \u201c15 mil pesos por fiscal\u201d en algunas zonas, la vianda que se entreg\u00f3 a los fiscales consist\u00eda en un pebete con una feta de jam\u00f3n y una de queso. Una parodia barata y una met\u00e1fora exacta de c\u00f3mo se gestiona lo estrat\u00e9gico como si fuera un tr\u00e1mite menor.<\/p>\n\n\n\n<p>El PRO, sinti\u00e9ndose relegado, respondi\u00f3 retirando sus fiscales del operativo en La Matanza y denunciando que LLA \u201cse quiere quedar con todo\u201d. As\u00ed lo relat\u00f3 un vocero: \u201cDespu\u00e9s del jueves pasado, hubo una reuni\u00f3n\u2026 salimos todos contentos. Pero el lunes Finocchiaro empez\u00f3 a llamar a los fiscales de Ontiveros y eso cay\u00f3 mal\u201d. Lo que parec\u00eda un acuerdo de campa\u00f1a degener\u00f3 en un portazo que deja a la alianza expuesta y fragmentada justo cuando la uni\u00f3n deber\u00eda mostrarse cohesionada.<\/p>\n\n\n\n<p>En la provincia de Buenos Aires el panorama tampoco resulta m\u00e1s tranquilizador. En la Sexta secci\u00f3n electoral, a seis d\u00edas de la elecci\u00f3n, se registraban faltantes de fiscales de mesa en los municipios m\u00e1s importantes: Bah\u00eda Blanca reportaba 502 faltantes, Tres Arroyos 119, Punta Alta 80. En Laprida y Salliquel\u00f3 no hab\u00eda fiscales generales. En total, el d\u00e9ficit rondaba los mil en esa secci\u00f3n. Esta falla estructural gener\u00f3 alarma entre los libertarios que ya hablaban de \u201ccat\u00e1strofe\u201d por delante si no se controlaba la operativa.<\/p>\n\n\n\n<p>Tras el batacazo electoral del 7 de septiembre \u2014cuando LLA sufri\u00f3 una derrota por m\u00e1s de 13 puntos en la provincia\u2014, la conducci\u00f3n de la fiscalizaci\u00f3n qued\u00f3 en manos del equipo de Pareja y con ello, seg\u00fan se denuncia, se profundiz\u00f3 la descoordinaci\u00f3n. Las acusaciones de parte del PRO se centraron en la falta de claridad en los recursos financieros, las asignaciones arbitrarias de escuelas y dirigentes que quedaron fuera del armado.<\/p>\n\n\n\n<p>El conflicto no es menor. Se trata de una coalici\u00f3n que no pudo disciplinarse, donde las ambiciones individuales, la l\u00f3gica partidaria de siempre y la tensi\u00f3n entre \u201carmadores\u201d se impusieron sobre la ejecuci\u00f3n de un plan com\u00fan. Los libertarios se\u00f1alan que el PRO siempre fue d\u00e9bil y que pod\u00edan fiscalizar solos. Pero ese mensaje suena m\u00e1s a justificaci\u00f3n que a autocr\u00edtica.<\/p>\n\n\n\n<p>En rigor, cargas m\u00e1s pesadas giran en torno a qu\u00e9 representa este caos: si el operativo de fiscalizaci\u00f3n funciona como s\u00edmbolo de unidad y m\u00fasculo pol\u00edtico, su desmoronamiento revela que la alianza \u2014tan promocionada por Milei como nuevo sujeto pol\u00edtico\u2014 no tiene engranaje interno confiable. Que la verticalidad libertaria, en pleno despliegue, colisiona con la territorialidad del PRO. Que los recursos no fluyen, las decisiones se adhieren al capo de turno, y los armadores de provincia caminan su propia carrera.<\/p>\n\n\n\n<p>Y en un contexto donde la densidad electoral y la presencia territorial lo son todo, la fiscalizaci\u00f3n deja de ser un tr\u00e1mite y se transforma en arma de poder. Si no hay fiscales suficientes, si no hay log\u00edstica, si no hay consenso interno, los votos pueden fluir hacia otro lado, y las instituciones se muestran fr\u00e1giles. Los efectos no son triviales: \u201cno pod\u00e9s poner a disposici\u00f3n un mont\u00f3n de gente si no sabes si van a cobrar o no\u201d, sostuvo un referente del PRO al describir la negociaci\u00f3n de fondos.<\/p>\n\n\n\n<p>La tensi\u00f3n revela adem\u00e1s un factor que suele ocultarse: el dinero circula como lubricante de estas operaciones. Otro dirigente libertario lo resumi\u00f3 crudamente: \u201cCada fiscal se traduce, literalmente, en recursos\u201d. No es s\u00f3lo presencia, es financiaci\u00f3n, es herramienta de campa\u00f1a y es tambi\u00e9n control. Y en La Matanza esa ecuaci\u00f3n se rompi\u00f3.<\/p>\n\n\n\n<p>Mientras tanto, Ontiveros y su equipo aseguran que \u201ctodo marcha muy bien\u201d y que no habr\u00e1 problemas para fiscalizar. Pero la declaraci\u00f3n carece de credibilidad cuando quienes eran socios ahora se bajan del operativo, cuando la acusaci\u00f3n de malos manejos y exclusi\u00f3n se repite y cuando los n\u00fameros cantan por s\u00ed solos: miles de fiscales faltantes, escuelas sin control, tensi\u00f3n interna. Un coro de advertencias que no puede ser silenciado con declaraciones formales.<\/p>\n\n\n\n<p>El riesgo para el gobierno de Javier Milei es evidente. En su discurso de renovaci\u00f3n y limpieza de la pol\u00edtica, este episodio coloca una sombra inc\u00f3moda: la incapacidad de su alianza para gestionar un operativo clave, la falta de coherencia entre fracci\u00f3n nacional y aparato territorial, la exhibici\u00f3n de viejas pr\u00e1cticas \u2014disputa territorial, control interno, exclusi\u00f3n de socios\u2014 que \u00e9l dec\u00eda querer erradicar. Lograr una victoria va m\u00e1s all\u00e1 del discurso de ruptura: requiere de orden, log\u00edstica, coalici\u00f3n s\u00f3lida y resultados operativos. Y por ahora, la fiscalizaci\u00f3n muestra que la teor\u00eda y la pr\u00e1ctica difieren.<\/p>\n\n\n\n<p>La campa\u00f1a entra en su fase final con una alianza que parece menos un frente unido y m\u00e1s un conjunto de facciones que sobreviven con un m\u00ednimo de acuerdo formal. El cron\u00f3metro electoral apremia, y cada desliz, cada fiscal sin mesa, cada queja que trasciende los pasillos, suma incertidumbre. Y cuando la pol\u00edtica se reduce a territorio y log\u00edstica, los errores de la \u201cbase\u201d ya no son nimios: pueden inclinar una elecci\u00f3n.<\/p>\n\n\n\n<p>En conclusi\u00f3n, la fiscalizaci\u00f3n en la provincia de Buenos Aires se ha convertido en el espejo donde se refleja la salud real de la alianza PRO-LLA. Y lo que muestra es un cuerpo fracturado, con heridas abiertas y sin se\u00f1ales claras de curaci\u00f3n. Si Milei pretende gobernar con eficacia, deber\u00e1 primero asegurar que sus aliados sepan coordinar, pagar, organizar y, sobre todo, respetar. Porque si no lo hacen ahora, cuando no est\u00e1 en juego una elecci\u00f3n cualquiera sino su capital pol\u00edtico, \u00bfc\u00f3mo lo har\u00e1n en la gobernabilidad? Y si el lunes posterior a la elecci\u00f3n alguien dice que todo sali\u00f3 bien, lo har\u00e1 en un universo paralelo, desconectado de la bronca que hoy se siente detr\u00e1s de escena.<\/p>\n\n\n\n<p><strong>Fuentes<\/strong><br>Belastegui, Dami\u00e1n \u2013 \u201cAlertan sobre un caos total en la fiscalizaci\u00f3n libertaria y crece la bronca con Pareja\u201d <a>https:\/\/www.lapoliticaonline.com\/nota\/alertan-sobre-un-caos-total-en-la-fiscalizacion-libertaria-y-crece-la-bronca-con-pareja\/20\/10\/2025<\/a><br>Gonz\u00e1lez, Nicol\u00e1s \u2013 \u201cEl PRO retir\u00f3 sus fiscales de La Matanza y estall\u00f3 la tensi\u00f3n con La Libertad Avanza\u201d <a>https:\/\/www.perfil.com\/noticias\/politica\/el-pro-retiro-sus-fiscales-de-la-matanza-y-estallo-la-tension-con-la-libertad-avanza.phtml<\/a><br>Rubinacci, Juan \u2013 \u201cCruje La Libertad Avanza: el PRO y Las Fuerzas del Cielo se bajan de la fiscalizaci\u00f3n en La Matanza\u201d <a>https:\/\/www.letrap.com.ar\/nota\/2025-10-cruje-la-libertad-avanza-el-pro-y-las-fuerzas-del-cielo-se-bajan-de-la-fiscalizacion-en-la-matanza<\/a><\/p>\n","protected":false},"excerpt":{"rendered":"<p>La coalici\u00f3n que encabeza Javier Milei se desmorona por dentro: acusaciones cruzadas por fondos, territorios y cargos en la fiscalizaci\u00f3n en la provincia de Buenos Aires revelan una fractura profunda en la estrategia electoral de la alianza. En el distrito m\u00e1s poblado de la provincia de Buenos Aires, el operativo de fiscalizaci\u00f3n se convirti\u00f3 en&#8230;<\/p>\n","protected":false},"author":12,"featured_media":10180,"comment_status":"open","ping_status":"open","sticky":false,"template":"","format":"standard","meta":{"_monsterinsights_skip_tracking":false,"_monsterinsights_sitenote_active":false,"_monsterinsights_sitenote_note":"","_monsterinsights_sitenote_category":0,"footnotes":"","jetpack_publicize_message":"","jetpack_publicize_feature_enabled":true,"jetpack_social_post_already_shared":true,"jetpack_social_options":{"image_generator_settings":{"template":"highway","default_image_id":0,"font":"","enabled":false},"version":2}},"categories":[3949,2],"tags":[],"class_list":["post-10179","post","type-post","status-publish","format-standard","has-post-thumbnail","hentry","category-elecciones","category-politica"],"jetpack_publicize_connections":[],"_links":{"self":[{"href":"https:\/\/www.enorsai.com\/noticias\/wp-json\/wp\/v2\/posts\/10179","targetHints":{"allow":["GET"]}}],"collection":[{"href":"https:\/\/www.enorsai.com\/noticias\/wp-json\/wp\/v2\/posts"}],"about":[{"href":"https:\/\/www.enorsai.com\/noticias\/wp-json\/wp\/v2\/types\/post"}],"author":[{"embeddable":true,"href":"https:\/\/www.enorsai.com\/noticias\/wp-json\/wp\/v2\/users\/12"}],"replies":[{"embeddable":true,"href":"https:\/\/www.enorsai.com\/noticias\/wp-json\/wp\/v2\/comments?post=10179"}],"version-history":[{"count":1,"href":"https:\/\/www.enorsai.com\/noticias\/wp-json\/wp\/v2\/posts\/10179\/revisions"}],"predecessor-version":[{"id":10181,"href":"https:\/\/www.enorsai.com\/noticias\/wp-json\/wp\/v2\/posts\/10179\/revisions\/10181"}],"wp:featuredmedia":[{"embeddable":true,"href":"https:\/\/www.enorsai.com\/noticias\/wp-json\/wp\/v2\/media\/10180"}],"wp:attachment":[{"href":"https:\/\/www.enorsai.com\/noticias\/wp-json\/wp\/v2\/media?parent=10179"}],"wp:term":[{"taxonomy":"category","embeddable":true,"href":"https:\/\/www.enorsai.com\/noticias\/wp-json\/wp\/v2\/categories?post=10179"},{"taxonomy":"post_tag","embeddable":true,"href":"https:\/\/www.enorsai.com\/noticias\/wp-json\/wp\/v2\/tags?post=10179"}],"curies":[{"name":"wp","href":"https:\/\/api.w.org\/{rel}","templated":true}]}}