{"id":10176,"date":"2025-10-23T05:24:19","date_gmt":"2025-10-23T08:24:19","guid":{"rendered":"https:\/\/www.enorsai.com\/noticias\/?p=10176"},"modified":"2025-10-23T05:24:24","modified_gmt":"2025-10-23T08:24:24","slug":"la-justicia-cerco-a-espert-por-lavado-dinero-narco-aviones-privados-y-vinculos-con-fred-machado","status":"publish","type":"post","link":"https:\/\/www.enorsai.com\/noticias\/politica\/la-justicia-cerco-a-espert-por-lavado-dinero-narco-aviones-privados-y-vinculos-con-fred-machado\/","title":{"rendered":"La Justicia cerc\u00f3 a Espert por lavado: dinero narco, aviones privados y v\u00ednculos con Fred Machado"},"content":{"rendered":"\n<p>La Justicia Federal de San Isidro avanza contra el diputado Jos\u00e9\u202fLuis\u202fEspert por presunto lavado de dinero, tras recibir 200.000 d\u00f3lares del empresario Fred\u202fMachado -acusado de narcotr\u00e1fico- y utilizar bienes que podr\u00edan comprometer tambi\u00e9n al Gobierno de Javier\u202fMilei.<\/p>\n\n\n\n<p>Cuando un candidato libertario que campeaba con la promesa de \u201cnuevo rumbo\u201d queda expuesto por supuestas operaciones financieras opacas con figuras cuestionadas, se abre una grieta que no s\u00f3lo lo complica a \u00e9l, sino que pone bajo lupa al proyecto pol\u00edtico que lo impuls\u00f3. Esta es la historia que se despliega tras los allanamientos en Pergamino y San Isidro.<\/p>\n\n\n\n<p>El esc\u00e1ndalo que ahora sacude al legislador Jos\u00e9 Luis Espert no es un error menor o una simple torpeza: es un aviso de que el sistema de partidos y alianzas pol\u00edticas en la Argentina sigue operando con zonas grises, donde el \u201clibertarismo\u201d pregonado puede convivir con redes de dinero dif\u00edcil de trazar. Las medidas tomadas por el gobierno de Javier Milei, que presumen una agenda radicalmente distinta, parecen chocar de frente con esta realidad: cuando uno de sus cuadros cercanos aparece implicado en presuntas maniobras de lavado de activos, no s\u00f3lo se deteriora su imagen personal, sino que se debilita la coherencia del proyecto.<\/p>\n\n\n\n<p>El detonante es claro: seg\u00fan la investigaci\u00f3n de la Fiscal\u00eda Federal de San Isidro, a cargo del fiscal Fernando Dom\u00ednguez, Espert habr\u00eda recibido al menos <strong>US$ 200.000<\/strong> del empresario Fred Machado \u2014vinculado a causas de narcotr\u00e1fico en Estados Unidos\u2014 durante su campa\u00f1a presidencial de 2019. La indagaci\u00f3n no se queda all\u00ed: se estima que ese desembolso podr\u00eda formar parte de un acuerdo mayor, por <strong>US$ 1.000.000<\/strong>, que a\u00fan requiere clarificaci\u00f3n. (<a href=\"https:\/\/www.ambito.com\/politica\/avanza-la-causa-contra-jose-luis-espert-ordenaron-allanar-un-estudio-contable-vinculado-al-diputado-n6205187?utm_source=chatgpt.com\">Ambito<\/a>)<\/p>\n\n\n\n<p>El escenario se visualiza con mayor crudeza cuando se recuerda que Machado no s\u00f3lo habr\u00eda transferido dinero, sino tambi\u00e9n puesto a disposici\u00f3n de Espert bienes de alto costo: una camioneta blindada y un avi\u00f3n privado, en el cual el diputado admiti\u00f3 haber viajado al menos 35 veces. (<a href=\"https:\/\/elciudadanoweb.com\/avanza-la-causa-contra-espert-por-lavado-de-dinero-hubo-allanamientos-en-pergamino-por-vinculos-con-fred-machado\/?utm_source=chatgpt.com\">El Ciudadano<\/a>)<\/p>\n\n\n\n<p>Estos datos generan escalofr\u00edos en materia de transparencia y \u00e9tica p\u00fablica: si un dirigente que propon\u00eda \u201cromper los moldes\u201d acepta aportes de un empresario vigente en causas de narcotr\u00e1fico y lavado, el mensaje para la ciudadan\u00eda es devastador: promesas de cambio pueden estar cimentadas sobre la poca claridad financiera.<\/p>\n\n\n\n<p>Los allanamientos ordenados por la Fiscal\u00eda en un estudio contable vinculado al diputado \u2014ubicado en Merced al 1200, Pergamino, propiedad de un amigo suyo, el contador Fernando Escobar\u2014 elevan el nivel del conflicto. All\u00ed se buscaba \u201cinformaci\u00f3n relacionada a Fred Machado\u201d, seg\u00fan testigos. El cartel de \u201choy cerrado\u201d que encontraron los efectivos de Gendarmer\u00eda en la puerta del local no invita a la transparencia. (<a href=\"https:\/\/www.baenegocios.com\/politica\/Avanza-la-causa-contra-Espert-por-lavado-de-dinero-con-allanamientos-en-Pergamino-20251022-0151.html?utm_source=chatgpt.com\">Baenegocios<\/a>)<\/p>\n\n\n\n<p>El hecho de que la casa de Espert en San Isidro ya hubiera sido allanada el 9 de octubre demuestra que la investigaci\u00f3n no es una encerrona medi\u00e1tica sino un proceso serio con ramificaciones que podr\u00edan tocar fuertemente su trayectoria pol\u00edtica. (<a href=\"https:\/\/www.ambito.com\/politica\/avanza-la-causa-contra-jose-luis-espert-ordenaron-allanar-un-estudio-contable-vinculado-al-diputado-n6205187?utm_source=chatgpt.com\">Ambito<\/a>)<\/p>\n\n\n\n<p>Es importante que se reconozca la incertidumbre: la causa, por el momento, investiga, no hay todav\u00eda una condena firme. Espert sostiene que el dinero se trat\u00f3 de una asesor\u00eda l\u00edcita a una empresa minera guatemalteca y que \u00e9l ignoraba los v\u00ednculos de Machado. (<a href=\"https:\/\/www.lanacion.com.ar\/politica\/imputaron-a-jose-luis-espert-por-lavado-de-dinero-en-la-causa-abierta-por-la-denuncia-de-juan-nid07102025\/?utm_source=chatgpt.com\">LA NACION<\/a>) Pero admitir que recibi\u00f3 el monto y utiliz\u00f3 bienes facilitados por alguien investigado por narcotr\u00e1fico no es exactamente una coartada que tranquilice al electorado.<\/p>\n\n\n\n<p>Desde el punto de vista pol\u00edtico, la secuencia es demoledora: Espert renunci\u00f3 a encabezar la lista de La\u202fLibertad\u202fAvanza en la provincia de Buenos Aires y pidi\u00f3 licencia como diputado, tras perder el respaldo interno y externo que su figura hab\u00eda logrado construir gracias al discurso liberador. (<a href=\"https:\/\/elciudadanoweb.com\/avanza-la-causa-contra-espert-por-lavado-de-dinero-hubo-allanamientos-en-pergamino-por-vinculos-con-fred-machado\/?utm_source=chatgpt.com\">El Ciudadano<\/a>) Esta repercusi\u00f3n se da en paralelo al ascenso del presidente Milei, cuyo proyecto pol\u00edtico aspiraba a borrar la vieja casta y abrir una nueva \u00e9tica p\u00fablica basada en la transparencia y la ruptura. \u00bfY ahora qu\u00e9?<\/p>\n\n\n\n<p>M\u00e1s all\u00e1 del sometimiento judicial, lo que este caso pone de manifiesto es un problema estructural: el sistema pol\u00edtico argentino sigue mezclando dinero de origen oscuro, intereses de campa\u00f1a, y un despliegue de bienes que no concuerdan con la imagen de austeridad que muchos candidatos pregonan. En este sentido, la vigencia de las medidas del gobierno Milei \u2014que prometieron dar vuelta todo\u2014 se ve empa\u00f1ada si situaciones como la de Espert no son abordadas con rigor y sin excepciones.<\/p>\n\n\n\n<p>Porque no se trata solo de un \u201cerror pol\u00edtico\u201d: es una herida en la credibilidad. Cuando los ciudadanos escuchan que un dirigente libertario manej\u00f3 un avi\u00f3n privado pagado por un empresario acusado de narcotr\u00e1fico, no solo se preguntan si es legal o no, sino si es \u00e9tico y si representa los valores que se ofrecieron. Las campa\u00f1as, los discursos de \u201cmenos estado, m\u00e1s libertad\u201d, quedan desdibujados cuando se financian con dinero que proviene del sector que uno dec\u00eda combatir.<\/p>\n\n\n\n<p>La repercusi\u00f3n para el Ejecutivo de Milei no puede subestimarse. Su gobierno se presenta como el ant\u00eddoto a meses de pol\u00edticas clientelares, financiamientos ocultos y complicidades difusas. Pero si uno de sus partidos aliados se ve envuelto en esta trama, la narrativa se debilita. Y la ciudadan\u00eda reacciona: \u201c\u00bfDe qu\u00e9 laburo de asesor\u00eda estamos hablando? \u00bfQui\u00e9n revisa estos contratos? \u00bfQui\u00e9n audita el uso del avi\u00f3n?\u201d. Estas preguntas comienzan a asomar y a erosionar la confianza.<\/p>\n\n\n\n<p>Por otro lado, la investigaci\u00f3n abre un interrogante clave sobre la transparencia de los aportes de campa\u00f1a. Si se revela que el pago de US$ 200.000 fue solo el primer tramo de un acuerdo mayor y que otros montos podr\u00edan estar ocultos, el escenario se torna aun m\u00e1s grave. Los documentos que cita la causa permiten rastrear desde cuentas en el banco Morgan Stanley hasta la utilizaci\u00f3n de aviones registrados con c\u00f3digo que coincide con el documento financiero. (<a href=\"https:\/\/www.lanacion.com.ar\/politica\/imputaron-a-jose-luis-espert-por-lavado-de-dinero-en-la-causa-abierta-por-la-denuncia-de-juan-nid07102025\/?utm_source=chatgpt.com\">LA NACION<\/a>)<\/p>\n\n\n\n<p>Un dato que inquieta especialmente: la cuenta a nombre de Espert en el banco Morgan Stanley y la menci\u00f3n de que el contrato podr\u00eda ascender a US$ 1.000.000 hacen que la simplificaci\u00f3n de \u201casesor\u00eda informal\u201d deje de ser cre\u00edble sin una investigaci\u00f3n profunda y p\u00fablica que la sustente. (<a href=\"https:\/\/elciudadanoweb.com\/avanza-la-causa-contra-espert-por-lavado-de-dinero-hubo-allanamientos-en-pergamino-por-vinculos-con-fred-machado\/?utm_source=chatgpt.com\">El Ciudadano<\/a>)<\/p>\n\n\n\n<p>Mientras tanto, la justicia avanza y el escrutinio medi\u00e1tico se intensifica. Pero en el terreno pol\u00edtico la sanci\u00f3n ya lleg\u00f3: la renuncia de Espert, el golpe a su carrera, la interrupci\u00f3n de su candidatura, todo eso forma parte de la factura que paga cuando se mezcla lo electoral con lo financiero turbio.<\/p>\n\n\n\n<p>Y el gobierno, que dec\u00eda romper con la vieja pol\u00edtica, est\u00e1 obligado a demostrar que no operar\u00e1 con doble est\u00e1ndar. No basta con repetir \u201ctransparencia\u201d y \u201cnuevos tiempos\u201d si eventos como este no se enfrentan con mano firme, sin protecciones internas, sin excusas. Porque mientras la gente ve deslaves econ\u00f3micos, evasi\u00f3n, financiamiento opaco y campa\u00f1as blindadas, la promesa se vuelve humo.<\/p>\n\n\n\n<p>Tambi\u00e9n hay que se\u00f1alar que la complejidad del caso exige un equilibrio cr\u00edtico: no se trata de se\u00f1alar a Espert como culpable sin que haya sentencia firme, pero s\u00ed exigir que explique hasta el \u00faltimo centavo, que muestre contratos, que revele la cadena de bienes y vuelos, que permita que la Justicia profundice sin interferencias pol\u00edticas. Y que el gobierno de Milei no se esconda detr\u00e1s de un candidato desvinculado: es responsable del entorno que impuls\u00f3.<\/p>\n\n\n\n<p>En definitiva, este caso debe marcar un antes y un despu\u00e9s. Si no se aprovecha para revisar los mecanismos de financiamiento pol\u00edtico, para revisar qu\u00e9 sucede cuando un candidato utiliza bienes de un empresario acusado de narcotr\u00e1fico y para renovar las reglas de juego, entonces estamos ante otro ep\u00edlogo de la vieja pol\u00edtica, maquillado con traje nuevo.<\/p>\n\n\n\n<p>La ciudadan\u00eda demanda m\u00e1s que discursos: exige convicci\u00f3n, medidas reales y sanciones si corresponde. Porque no se trata solo de un diputado o un empresario: se trata del contrato social que ofrece una campa\u00f1a, la promesa de cambio, y la realidad de los fondos que la sustentan. Y si esos fondos son oscuros, la promesa se convierte en c\u00e1scara.<\/p>\n\n\n\n<p><strong>Fuentes:<\/strong><br>\u00c1mbito \u2013 \u201cAvanza la causa contra Jos\u00e9 Luis Espert: ordenaron allanar un estudio contable vinculado al diputado\u201d 22 de octubre de 2025<br><a href=\"https:\/\/www.ambito.com\/politica\/avanza-la-causa-contra-jose-luis-espert-ordenaron-allanar-un-estudio-contable-vinculado-al-diputado-n6205187\">https:\/\/www.ambito.com\/politica\/avanza-la-causa-contra-jose-luis-espert-ordenaron-allanar-un-estudio-contable-vinculado-al-diputado-n6205187<\/a> (<a href=\"https:\/\/www.ambito.com\/politica\/avanza-la-causa-contra-jose-luis-espert-ordenaron-allanar-un-estudio-contable-vinculado-al-diputado-n6205187?utm_source=chatgpt.com\">Ambito<\/a>)<br>P\u00e1gina\/12 \u2013 \u201cImputaron a Jos\u00e9 Luis Espert por lavado de dinero\u201d 7 de octubre de 2025<br><a href=\"https:\/\/www.pagina12.com.ar\/863842-imputaron-a-jose-luis-espert-por-lavado-de-dinero\">https:\/\/www.pagina12.com.ar\/863842-imputaron-a-jose-luis-espert-por-lavado-de-dinero<\/a> (<a href=\"https:\/\/www.pagina12.com.ar\/863842-imputaron-a-jose-luis-espert-por-lavado-de-dinero?utm_source=chatgpt.com\">PAGINA12<\/a>)<br>La Naci\u00f3n \u2013 \u201cImputaron a Jos\u00e9 Luis Espert por lavado de dinero en la causa abierta por la denuncia de Juan Grabois\u201d 7 de octubre de 2025<br><a href=\"https:\/\/www.lanacion.com.ar\/politica\/imputaron-a-jose-luis-espert-por-lavado-de-dinero-en-la-causa-abierta-por-la-denuncia-de-juan-nid07102025\/\">https:\/\/www.lanacion.com.ar\/politica\/imputaron-a-jose-luis-espert-por-lavado-de-dinero-en-la-causa-abierta-por-la-denuncia-de-juan-nid07102025\/<\/a> (<a href=\"https:\/\/www.lanacion.com.ar\/politica\/imputaron-a-jose-luis-espert-por-lavado-de-dinero-en-la-causa-abierta-por-la-denuncia-de-juan-nid07102025\/?utm_source=chatgpt.com\">LA NACION<\/a>)<br>El Ciudadano Web \u2013 \u201cAvanza la causa contra Espert por lavado de dinero: hubo allanamientos en Pergamino por v\u00ednculos con Fred Machado\u201d 22 de octubre de 2025<br><a href=\"https:\/\/elciudadanoweb.com\/avanza-la-causa-contra-espert-por-lavado-de-dinero-hubo-allanamientos-en-pergamino-por-vinculos-con-fred-machado\/\">https:\/\/elciudadanoweb.com\/avanza-la-causa-contra-espert-por-lavado-de-dinero-hubo-allanamientos-en-pergamino-por-vinculos-con-fred-machado\/<\/a> (<a href=\"https:\/\/elciudadanoweb.com\/avanza-la-causa-contra-espert-por-lavado-de-dinero-hubo-allanamientos-en-pergamino-por-vinculos-con-fred-machado\/?utm_source=chatgpt.com\">El Ciudadano<\/a>)<br>Perfil \u2013 \u201cAvanza la causa contra Jos\u00e9 Luis Espert por presunto lavado de dinero vinculado al empresario Fred Machado\u201d 23 de octubre de 2025<br><a href=\"https:\/\/www.perfil.com\/noticias\/bravotv\/avanza-la-causa-contra-jose-luis-espert-por-presunto-lavado-de-dinero-vinculado-al-empresario-fred-machado.phtml\">https:\/\/www.perfil.com\/noticias\/bravotv\/avanza-la-causa-contra-jose-luis-espert-por-presunto-lavado-de-dinero-vinculado-al-empresario-fred-machado.phtml<\/a> (<a href=\"https:\/\/www.perfil.com\/noticias\/bravotv\/avanza-la-causa-contra-jose-luis-espert-por-presunto-lavado-de-dinero-vinculado-al-empresario-fred-machado.phtml?utm_source=chatgpt.com\">Perfil<\/a>)<\/p>\n","protected":false},"excerpt":{"rendered":"<p>La Justicia Federal de San Isidro avanza contra el diputado Jos\u00e9\u202fLuis\u202fEspert por presunto lavado de dinero, tras recibir 200.000 d\u00f3lares del empresario Fred\u202fMachado -acusado de narcotr\u00e1fico- y utilizar bienes que podr\u00edan comprometer tambi\u00e9n al Gobierno de Javier\u202fMilei. Cuando un candidato libertario que campeaba con la promesa de \u201cnuevo rumbo\u201d queda expuesto por supuestas operaciones financieras&#8230;<\/p>\n","protected":false},"author":9,"featured_media":10177,"comment_status":"open","ping_status":"open","sticky":false,"template":"","format":"standard","meta":{"_monsterinsights_skip_tracking":false,"_monsterinsights_sitenote_active":false,"_monsterinsights_sitenote_note":"","_monsterinsights_sitenote_category":0,"footnotes":"","jetpack_publicize_message":"","jetpack_publicize_feature_enabled":true,"jetpack_social_post_already_shared":true,"jetpack_social_options":{"image_generator_settings":{"template":"highway","default_image_id":0,"font":"","enabled":false},"version":2}},"categories":[3947,2],"tags":[],"class_list":["post-10176","post","type-post","status-publish","format-standard","has-post-thumbnail","hentry","category-corrupcion","category-politica"],"jetpack_publicize_connections":[],"_links":{"self":[{"href":"https:\/\/www.enorsai.com\/noticias\/wp-json\/wp\/v2\/posts\/10176","targetHints":{"allow":["GET"]}}],"collection":[{"href":"https:\/\/www.enorsai.com\/noticias\/wp-json\/wp\/v2\/posts"}],"about":[{"href":"https:\/\/www.enorsai.com\/noticias\/wp-json\/wp\/v2\/types\/post"}],"author":[{"embeddable":true,"href":"https:\/\/www.enorsai.com\/noticias\/wp-json\/wp\/v2\/users\/9"}],"replies":[{"embeddable":true,"href":"https:\/\/www.enorsai.com\/noticias\/wp-json\/wp\/v2\/comments?post=10176"}],"version-history":[{"count":1,"href":"https:\/\/www.enorsai.com\/noticias\/wp-json\/wp\/v2\/posts\/10176\/revisions"}],"predecessor-version":[{"id":10178,"href":"https:\/\/www.enorsai.com\/noticias\/wp-json\/wp\/v2\/posts\/10176\/revisions\/10178"}],"wp:featuredmedia":[{"embeddable":true,"href":"https:\/\/www.enorsai.com\/noticias\/wp-json\/wp\/v2\/media\/10177"}],"wp:attachment":[{"href":"https:\/\/www.enorsai.com\/noticias\/wp-json\/wp\/v2\/media?parent=10176"}],"wp:term":[{"taxonomy":"category","embeddable":true,"href":"https:\/\/www.enorsai.com\/noticias\/wp-json\/wp\/v2\/categories?post=10176"},{"taxonomy":"post_tag","embeddable":true,"href":"https:\/\/www.enorsai.com\/noticias\/wp-json\/wp\/v2\/tags?post=10176"}],"curies":[{"name":"wp","href":"https:\/\/api.w.org\/{rel}","templated":true}]}}