{"id":10170,"date":"2025-10-22T20:54:54","date_gmt":"2025-10-22T23:54:54","guid":{"rendered":"https:\/\/www.enorsai.com\/noticias\/?p=10170"},"modified":"2025-10-22T20:58:45","modified_gmt":"2025-10-22T23:58:45","slug":"el-juez-que-censuro-los-audios-de-karina-milei-ahora-pidio-bloquear-informacion-sobre-sus-causas","status":"publish","type":"post","link":"https:\/\/www.enorsai.com\/noticias\/politica\/el-juez-que-censuro-los-audios-de-karina-milei-ahora-pidio-bloquear-informacion-sobre-sus-causas\/","title":{"rendered":"El juez que censur\u00f3 los audios de Karina Milei ahora pidi\u00f3 bloquear informaci\u00f3n sobre sus causas"},"content":{"rendered":"\n<p>Alejandro Maraniello, el juez civil y comercial federal que semanas atr\u00e1s hab\u00eda ordenado la censura de los audios de Karina Milei, volvi\u00f3 a ser noticia por una decisi\u00f3n que expone la doble vara con la que ciertos sectores del poder judicial intentan blindarse ante la opini\u00f3n p\u00fablica. Esta vez, el magistrado solicit\u00f3 que la Justicia proh\u00edba difundir informaci\u00f3n sobre las denuncias por acoso sexual, maltrato laboral y abuso de poder que enfrenta en el Consejo de la Magistratura, alegando ser v\u00edctima de una supuesta \u201ccampa\u00f1a difamatoria\u201d que \u2014seg\u00fan \u00e9l\u2014 afecta su honor y el ejercicio de la magistratura.<br><br>El pedido de Maraniello no fue una mera expresi\u00f3n de malestar: se trat\u00f3 de una presentaci\u00f3n formal ante los tribunales para intentar bloquear toda informaci\u00f3n relacionada con las cinco causas que lo investigan por conductas inapropiadas en el ejercicio de su cargo. Sin embargo, la C\u00e1mara Nacional de Apelaciones en lo Civil rechaz\u00f3 su planteo de manera categ\u00f3rica. En un fallo contundente, los camaristas Gabriel Rolleri, Maximiliano Caia y Juan Manuel Converset recordaron que \u201cno puede discutirse que la libertad de expresi\u00f3n es la piedra angular de la existencia misma de una sociedad democr\u00e1tica\u201d. La resoluci\u00f3n, lejos de pasar desapercibida, reafirm\u00f3 un principio b\u00e1sico: los jueces, como cualquier otro funcionario p\u00fablico, est\u00e1n sujetos al escrutinio ciudadano y a la mirada cr\u00edtica de la prensa.<br><br>La decisi\u00f3n del tribunal cobra un significado a\u00fan mayor si se recuerda que fue el propio Maraniello quien, hace apenas unas semanas, hab\u00eda dictado una medida cautelar para impedir la difusi\u00f3n de los audios atribuidos a Karina Milei. En aquel momento, su fallo fue duramente cuestionado por especialistas en derecho constitucional, periodistas y organizaciones defensoras de la libertad de prensa, que lo calificaron como un claro acto de censura previa. El juez orden\u00f3 frenar la publicaci\u00f3n del material sin haber escuchado su contenido, bas\u00e1ndose \u00fanicamente en la presentaci\u00f3n de la hermana del presidente, que argumentaba la violaci\u00f3n de su intimidad. La decisi\u00f3n provoc\u00f3 un repudio generalizado porque reinstalaba una pr\u00e1ctica incompatible con los principios democr\u00e1ticos: impedir a la prensa informar sobre asuntos de inter\u00e9s p\u00fablico.<br><br>Ahora, Maraniello intenta usar el mismo tipo de argumento que benefici\u00f3 a la funcionaria m\u00e1s poderosa del entorno presidencial para protegerse a s\u00ed mismo. El paralelismo es inevitable: el juez que limit\u00f3 el acceso a la informaci\u00f3n sobre la familia Milei busca, a su vez, silenciar las investigaciones que lo comprometen. Detr\u00e1s del relato de la \u201ccampa\u00f1a difamatoria\u201d se esconde el intento de blindarse frente a denuncias graves que, seg\u00fan los registros del Consejo de la Magistratura, se acumulan en su contra desde hace a\u00f1os.<br><br>Los expedientes revelan al menos cinco causas activas por acoso sexual y laboral, abuso de poder y mal desempe\u00f1o. Una de ellas fue impulsada por una exempleada de su juzgado, que relat\u00f3 p\u00fablicamente episodios de hostigamiento y persecuci\u00f3n. Otra denuncia describe un patr\u00f3n de comportamiento autoritario y degradante con el personal administrativo, junto con presuntas maniobras irregulares en el manejo de recursos. Lejos de ser un caso aislado, el expediente de Maraniello forma parte de una serie de presentaciones que, hasta ahora, el Consejo de la Magistratura mantiene bajo an\u00e1lisis.<br><br>El intento de censurar esas causas abre un debate de fondo sobre la transparencia judicial y el derecho a la informaci\u00f3n. No se trata de un conflicto privado, sino de un asunto de inter\u00e9s p\u00fablico: el comportamiento de un juez federal que toma decisiones sobre los derechos de los ciudadanos. En ese contexto, pretender ocultar las denuncias que lo involucran constituye una amenaza directa al principio de rendici\u00f3n de cuentas que deber\u00eda regir para todos los funcionarios del Estado.<br><br>La C\u00e1mara Civil, al rechazar el pedido, no solo defendi\u00f3 la libertad de prensa, sino tambi\u00e9n la integridad institucional del sistema democr\u00e1tico. La decisi\u00f3n recuerda que ning\u00fan juez puede invocar el derecho al honor para suprimir la circulaci\u00f3n de informaci\u00f3n veraz o de inter\u00e9s p\u00fablico. En otras palabras, el fallo marca un l\u00edmite: la Justicia no puede ser utilizada como escudo personal por quienes forman parte de ella.<br><br>La figura de Maraniello se ha vuelto, en las \u00faltimas semanas, un s\u00edmbolo de c\u00f3mo el poder judicial puede actuar con una l\u00f3gica corporativa para protegerse a s\u00ed mismo mientras ejerce una autoridad restrictiva sobre los dem\u00e1s. En la causa de los audios de Karina Milei, el juez actu\u00f3 con rapidez para garantizar el silencio medi\u00e1tico; en las denuncias que lo alcanzan, pretende ahora ampararse en la misma justicia para borrar rastros y evitar el escrutinio p\u00fablico. Este doble est\u00e1ndar revela una preocupaci\u00f3n m\u00e1s profunda: la existencia de un poder que se cree por encima de la ley y del derecho ciudadano a saber.<br><br>El caso, adem\u00e1s, vuelve a poner sobre la mesa la relaci\u00f3n entre el gobierno de Javier Milei y el Poder Judicial. Desde que el libertario lleg\u00f3 a la Casa Rosada, se ha consolidado un entramado de favores y afinidades entre funcionarios judiciales y el Ejecutivo, muchas veces bajo el manto de la \u201clucha contra la casta\u201d. En ese marco, la figura de Maraniello parece representar el reverso perfecto de la narrativa oficial: un juez que censura, se victimiza y busca acallar las voces que lo cuestionan.<br><br>La decisi\u00f3n de la C\u00e1mara Civil de desestimar su reclamo es, en ese sentido, una bocanada de aire para el periodismo y un recordatorio de que el silencio judicial no puede imponerse sobre el derecho a la verdad. Pero tambi\u00e9n deja una advertencia: los intentos de restringir la informaci\u00f3n p\u00fablica no son hechos aislados, sino parte de una tendencia preocupante que atraviesa el actual clima pol\u00edtico.<br><br>La transparencia, la rendici\u00f3n de cuentas y la libertad de expresi\u00f3n son principios inseparables. Cuando un juez busca restringirlos en nombre de su \u201chonor\u201d, lo que est\u00e1 en juego no es solo su reputaci\u00f3n, sino la salud misma de la democracia. En tiempos en que la censura se disfraza de legalidad y los discursos oficiales promueven la opacidad, defender el derecho a informar se vuelve una tarea urgente y esencial.<br><br>La historia reciente demuestra que toda forma de censura, tarde o temprano, se derrumba frente a la fuerza de los hechos y la memoria p\u00fablica. Por eso, el intento de Maraniello no solo fracasa en lo jur\u00eddico, sino que tambi\u00e9n lo condena en el terreno simb\u00f3lico: el juez que quiso callar a la prensa ahora debe enfrentar la voz de una sociedad que no est\u00e1 dispuesta a ser silenciada.<br><br><br>Fuentes:<br><br>Clar\u00edn \u2013 \u201cEl juez que prohibi\u00f3 difundir los audios de Karina Milei ahora pidi\u00f3 que no se hable de sus causas\u201d<br>https:\/\/www.clarin.com\/politica\/juez-prohibio-difundir-audios-karina-milei-pidio-hable-causas_0_baPExaxivZ.html<br><br>La Voz de Tandil \u2013 \u201cEl juez que acept\u00f3 censurar los audios de Karina Milei ahora pide bloquear informaci\u00f3n sobre sus causas\u201d<br>https:\/\/www.lavozdetandil.com.ar\/nota-juez-que-acepto-censurar-audios-de-karina-milei-ahora-pide-prohibir-la-difusion-de-datos-sobre-causas-en-su-contra&#8211;119990<br><br>Infobae \u2013 \u201cCr\u00edticas al fallo del juez Maraniello por censura previa\u201d<br>https:\/\/www.infobae.com\/politica\/2025\/09\/01\/la-oposicion-critico-el-fallo-del-juez-maraniello-que-prohibio-publicar-audios-de-karina-milei<br><br>La Naci\u00f3n \u2013 \u201cEl juez que prohibi\u00f3 publicar los audios de Karina Milei tiene nueve denuncias en su contra, cinco por acoso sexual\u201d<br>https:\/\/www.lanacion.com.ar\/politica\/el-juez-que-prohibio-publicar-los-audios-de-karina-milei-tiene-nueve-denuncias-en-su-contra-cinco-nid01092025<br><br>ElDiarioAR \u2013 \u201cVas a llegar: carta p\u00fablica de una denunciante del juez que prohibi\u00f3 publicar los audios de Karina Milei\u201d<br>https:\/\/www.eldiarioar.com\/politica\/vas-llegar-carta-publica-denunciante-juez-prohibio-publicar-audios-karina_1_12582315.html<\/p>\n","protected":false},"excerpt":{"rendered":"<p>Alejandro Maraniello, el juez civil y comercial federal que semanas atr\u00e1s hab\u00eda ordenado la censura de los audios de Karina Milei, volvi\u00f3 a ser noticia por una decisi\u00f3n que expone la doble vara con la que ciertos sectores del poder judicial intentan blindarse ante la opini\u00f3n p\u00fablica. Esta vez, el magistrado solicit\u00f3 que la Justicia&#8230;<\/p>\n","protected":false},"author":11,"featured_media":10169,"comment_status":"open","ping_status":"open","sticky":false,"template":"","format":"standard","meta":{"_monsterinsights_skip_tracking":false,"_monsterinsights_sitenote_active":false,"_monsterinsights_sitenote_note":"","_monsterinsights_sitenote_category":0,"footnotes":"","jetpack_publicize_message":"","jetpack_publicize_feature_enabled":true,"jetpack_social_post_already_shared":true,"jetpack_social_options":{"image_generator_settings":{"template":"highway","default_image_id":0,"font":"","enabled":false},"version":2}},"categories":[3950,2],"tags":[],"class_list":["post-10170","post","type-post","status-publish","format-standard","has-post-thumbnail","hentry","category-justicia","category-politica"],"jetpack_publicize_connections":[],"_links":{"self":[{"href":"https:\/\/www.enorsai.com\/noticias\/wp-json\/wp\/v2\/posts\/10170","targetHints":{"allow":["GET"]}}],"collection":[{"href":"https:\/\/www.enorsai.com\/noticias\/wp-json\/wp\/v2\/posts"}],"about":[{"href":"https:\/\/www.enorsai.com\/noticias\/wp-json\/wp\/v2\/types\/post"}],"author":[{"embeddable":true,"href":"https:\/\/www.enorsai.com\/noticias\/wp-json\/wp\/v2\/users\/11"}],"replies":[{"embeddable":true,"href":"https:\/\/www.enorsai.com\/noticias\/wp-json\/wp\/v2\/comments?post=10170"}],"version-history":[{"count":1,"href":"https:\/\/www.enorsai.com\/noticias\/wp-json\/wp\/v2\/posts\/10170\/revisions"}],"predecessor-version":[{"id":10171,"href":"https:\/\/www.enorsai.com\/noticias\/wp-json\/wp\/v2\/posts\/10170\/revisions\/10171"}],"wp:featuredmedia":[{"embeddable":true,"href":"https:\/\/www.enorsai.com\/noticias\/wp-json\/wp\/v2\/media\/10169"}],"wp:attachment":[{"href":"https:\/\/www.enorsai.com\/noticias\/wp-json\/wp\/v2\/media?parent=10170"}],"wp:term":[{"taxonomy":"category","embeddable":true,"href":"https:\/\/www.enorsai.com\/noticias\/wp-json\/wp\/v2\/categories?post=10170"},{"taxonomy":"post_tag","embeddable":true,"href":"https:\/\/www.enorsai.com\/noticias\/wp-json\/wp\/v2\/tags?post=10170"}],"curies":[{"name":"wp","href":"https:\/\/api.w.org\/{rel}","templated":true}]}}