{"id":10157,"date":"2025-10-22T17:18:17","date_gmt":"2025-10-22T20:18:17","guid":{"rendered":"https:\/\/www.enorsai.com\/noticias\/?p=10157"},"modified":"2025-10-22T17:33:42","modified_gmt":"2025-10-22T20:33:42","slug":"majul-acuso-a-la-madre-muerta-de-recalde-de-manejar-el-fuero-laboral-el-papelon-de-un-periodista-sin-escrupulos","status":"publish","type":"post","link":"https:\/\/www.enorsai.com\/noticias\/politica\/majul-acuso-a-la-madre-muerta-de-recalde-de-manejar-el-fuero-laboral-el-papelon-de-un-periodista-sin-escrupulos\/","title":{"rendered":"Majul acus\u00f3 a la madre muerta de Recalde de manejar el fuero laboral: el papel\u00f3n de un periodista sin escr\u00fapulos"},"content":{"rendered":"\n<p>En una nueva muestra del deterioro del periodismo argentino, Luis Majul protagoniz\u00f3 un episodio grotesco que lo expone una vez m\u00e1s como un operador sin rigor ni \u00e9tica. En su programa, repiti\u00f3 sin chequear una noticia falsa y esta fue difundida por el portal ultraderechista Agarra La Pala, un sitio conocido por su sistem\u00e1tica producci\u00f3n de fake news contra dirigentes opositores al gobierno de Javier Milei. En su comentario, Majul asegur\u00f3 que \u201cla madre de Mariano Recalde maneja el fuero laboral de la Rep\u00fablica Argentina\u201d. El detalle que destruye el relato es que la madre de Recalde est\u00e1 muerta.<br><br>El video, difundido por Agarra La Pala en redes sociales con el tono provocador habitual, mostraba a Majul atacando al senador kirchnerista con frases cargadas de odio y desprecio. \u201cEntongado con todos los jueces y fiscales, dar trabajo no le das trabajo a nadie, Mariano Recalde. La madre de Recalde maneja el fuero laboral del pa\u00eds\u201d, lanz\u00f3 sin titubear, en una escena que podr\u00eda confundirse con una parodia si no fuera tan tr\u00e1gica. La mentira se derrumb\u00f3 en cuesti\u00f3n de minutos: usuarios de redes sociales recordaron que la madre del legislador, Susana Garc\u00eda, falleci\u00f3 en 2024, hecho confirmado p\u00fablicamente por mensajes de condolencia del propio bloque de senadores de Uni\u00f3n por la Patria y por diversas publicaciones period\u00edsticas. Pero el da\u00f1o ya estaba hecho.<br><br>La falsedad no fue un error aislado ni un simple desliz informativo: forma parte de una maquinaria perfectamente aceitada de desinformaci\u00f3n. Agarra La Pala opera como usina digital de la ultraderecha, fabricando bulos dise\u00f1ados para atacar a dirigentes opositores y sembrar odio contra el kirchnerismo. Luego, esos contenidos son amplificados por periodistas como Majul, que los legitiman desde los grandes medios. As\u00ed funciona la cadena de la mentira: el portal inventa, Majul repite y el p\u00fablico termina consumiendo basura informativa con apariencia de noticia. El resultado es un ecosistema medi\u00e1tico que ya no busca informar, sino manipular.<br><br>El caso revela algo m\u00e1s profundo: el desprecio absoluto por la verdad y por la dignidad de las personas. No hay l\u00edmite \u00e9tico, ni respeto por los muertos, ni compromiso con la realidad. En la narrativa de Majul, cualquier recurso es v\u00e1lido para golpear a los enemigos del poder. Lo mismo da si el blanco es un pol\u00edtico, un sindicato, un juez o, como en este caso, una persona fallecida. El objetivo es el escarnio, no la verdad. Y ese es el signo m\u00e1s claro de un periodismo degradado que hace tiempo dej\u00f3 de ser un servicio p\u00fablico para convertirse en un brazo del aparato de propaganda oficialista.<\/p>\n\n\n\n<figure class=\"wp-block-embed is-type-rich is-provider-twitter wp-block-embed-twitter\"><div class=\"wp-block-embed__wrapper\">\n<blockquote class=\"twitter-tweet\" data-width=\"550\" data-dnt=\"true\"><p lang=\"es\" dir=\"ltr\">En su org\u00e1smico af\u00e1n por sobarle la chota al presidente hablando pestes de los dem\u00e1s, esta vez Majul apunt\u00f3 contra la familia de Mariano Recalde.<br><br>Dijo que \u201cla madre de Mariano maneja el fuero laboral de la Argentina\u201d.<br>Lo que no sabe, adem\u00e1s de ser un mentiroso serial, es que la\u2026 <a href=\"https:\/\/t.co\/PVi6tW5jec\">https:\/\/t.co\/PVi6tW5jec<\/a> <a href=\"https:\/\/t.co\/JFUoB5La72\">pic.twitter.com\/JFUoB5La72<\/a><\/p>&mdash; PAMPA \ud83d\udc99\ud83d\udc9b\ud83d\udc99 (@Pampa139) <a href=\"https:\/\/twitter.com\/Pampa139\/status\/1980970174216901077?ref_src=twsrc%5Etfw\">October 22, 2025<\/a><\/blockquote><script async src=\"https:\/\/platform.twitter.com\/widgets.js\" charset=\"utf-8\"><\/script>\n<\/div><\/figure>\n\n\n\n<p><br><br>No es casual que el ataque haya apuntado al fuero laboral. Ese espacio de la Justicia \u2014uno de los pocos que todav\u00eda defiende los derechos de los trabajadores frente al avance del capital financiero y la precarizaci\u00f3n promovida por el gobierno libertario\u2014 es visto como un enemigo a destruir. Al instalar la idea de que el fuero laboral est\u00e1 \u201ccopado\u201d por el kirchnerismo, Majul y Agarra La Pala repiten el libreto de Milei: demonizar a los jueces del trabajo para justificar la desregulaci\u00f3n total del sistema laboral argentino. La mentira sirve, en \u00faltima instancia, a un objetivo pol\u00edtico: debilitar las instituciones que protegen a los trabajadores.<br><br>Majul, que alguna vez se present\u00f3 como periodista de investigaci\u00f3n, hoy encarna el rostro m\u00e1s obsceno del periodismo de operaciones. Su programa no informa: hostiga. No analiza: acusa. No busca la verdad: repite lo que le dictan los despachos del poder. Es el eco de una \u00e9poca donde la provocaci\u00f3n vale m\u00e1s que la evidencia y donde el rating se alimenta del odio. Que haya ca\u00eddo tan bajo como para acusar a una persona muerta de manipular la Justicia muestra hasta qu\u00e9 punto el cinismo se volvi\u00f3 m\u00e9todo.<br><br>Mientras tanto, Mariano Recalde eligi\u00f3 no responder a la agresi\u00f3n. Su silencio contrasta con el griter\u00edo medi\u00e1tico. En lugar de sumarse al barro, dej\u00f3 que la mentira se desmoronara sola. Las redes sociales hicieron el resto: en pocas horas, cientos de usuarios recordaron el fallecimiento de su madre y expresaron su repudio al nivel de bajeza alcanzado por Majul. Lo que pretend\u00eda ser una operaci\u00f3n contra el senador termin\u00f3 convirti\u00e9ndose en una humillaci\u00f3n para quien la ejecut\u00f3.<br><br>El episodio deja una lecci\u00f3n: cuando la mentira se convierte en herramienta pol\u00edtica y el periodismo en cloaca, la sociedad pierde su br\u00fajula moral. Majul no solo minti\u00f3: profan\u00f3 la memoria de una persona fallecida con fines partidarios. Lo hizo con la impunidad de quien se sabe protegido por los medios concentrados y por un gobierno que premia la desinformaci\u00f3n. Pero cada vez que una de sus operaciones se desarma, tambi\u00e9n se desnuda la estructura que lo sostiene. Detr\u00e1s del show y del falso esc\u00e1ndalo, solo queda la evidencia de que el poder medi\u00e1tico en la Argentina ha tocado fondo.<br><br><br>&#8212;<br><br>Fuentes verificadas:<br><br>Periodistas en la Red \u2013 \u201cFalleci\u00f3 la madre de Mariano Recalde mientras \u00e9l estaba en San Luis\u201d<br>https:\/\/periodistasenlared.info\/agosto24-23\/NotaNac4.html<br><br>Senadores de Uni\u00f3n por la Patria \u2013 \u201cNuestras condolencias al compa\u00f1ero @marianorecalde por el fallecimiento de su madre\u201d<br>https:\/\/twitter.com\/Senadores_UxP\/status\/1826731639218557212<br><br>Agarra La Pala \u2013 Publicaci\u00f3n original del video con declaraciones de Majul (X, octubre de 2025)<br><br>En Orsai \u2013 Archivo editorial sobre desinformaci\u00f3n medi\u00e1tica y operaciones pol\u00edticas.<\/p>\n","protected":false},"excerpt":{"rendered":"<p>En una nueva muestra del deterioro del periodismo argentino, Luis Majul protagoniz\u00f3 un episodio grotesco que lo expone una vez m\u00e1s como un operador sin rigor ni \u00e9tica. En su programa, repiti\u00f3 sin chequear una noticia falsa y esta fue difundida por el portal ultraderechista Agarra La Pala, un sitio conocido por su sistem\u00e1tica producci\u00f3n&#8230;<\/p>\n","protected":false},"author":9,"featured_media":10158,"comment_status":"open","ping_status":"open","sticky":false,"template":"","format":"standard","meta":{"_monsterinsights_skip_tracking":false,"_monsterinsights_sitenote_active":false,"_monsterinsights_sitenote_note":"","_monsterinsights_sitenote_category":0,"footnotes":"","jetpack_publicize_message":"","jetpack_publicize_feature_enabled":true,"jetpack_social_post_already_shared":true,"jetpack_social_options":{"image_generator_settings":{"template":"highway","default_image_id":0,"font":"","enabled":false},"version":2}},"categories":[2],"tags":[],"class_list":["post-10157","post","type-post","status-publish","format-standard","has-post-thumbnail","hentry","category-politica"],"jetpack_publicize_connections":[],"_links":{"self":[{"href":"https:\/\/www.enorsai.com\/noticias\/wp-json\/wp\/v2\/posts\/10157","targetHints":{"allow":["GET"]}}],"collection":[{"href":"https:\/\/www.enorsai.com\/noticias\/wp-json\/wp\/v2\/posts"}],"about":[{"href":"https:\/\/www.enorsai.com\/noticias\/wp-json\/wp\/v2\/types\/post"}],"author":[{"embeddable":true,"href":"https:\/\/www.enorsai.com\/noticias\/wp-json\/wp\/v2\/users\/9"}],"replies":[{"embeddable":true,"href":"https:\/\/www.enorsai.com\/noticias\/wp-json\/wp\/v2\/comments?post=10157"}],"version-history":[{"count":1,"href":"https:\/\/www.enorsai.com\/noticias\/wp-json\/wp\/v2\/posts\/10157\/revisions"}],"predecessor-version":[{"id":10162,"href":"https:\/\/www.enorsai.com\/noticias\/wp-json\/wp\/v2\/posts\/10157\/revisions\/10162"}],"wp:featuredmedia":[{"embeddable":true,"href":"https:\/\/www.enorsai.com\/noticias\/wp-json\/wp\/v2\/media\/10158"}],"wp:attachment":[{"href":"https:\/\/www.enorsai.com\/noticias\/wp-json\/wp\/v2\/media?parent=10157"}],"wp:term":[{"taxonomy":"category","embeddable":true,"href":"https:\/\/www.enorsai.com\/noticias\/wp-json\/wp\/v2\/categories?post=10157"},{"taxonomy":"post_tag","embeddable":true,"href":"https:\/\/www.enorsai.com\/noticias\/wp-json\/wp\/v2\/tags?post=10157"}],"curies":[{"name":"wp","href":"https:\/\/api.w.org\/{rel}","templated":true}]}}