{"id":10141,"date":"2025-10-22T12:25:10","date_gmt":"2025-10-22T15:25:10","guid":{"rendered":"https:\/\/www.enorsai.com\/noticias\/?p=10141"},"modified":"2025-10-22T22:31:16","modified_gmt":"2025-10-23T01:31:16","slug":"familiares-de-personas-con-discapacidad-acusan-a-emilia-orozco-de-traicionar-la-causa-que-antes-defendia","status":"publish","type":"post","link":"https:\/\/www.enorsai.com\/noticias\/sociedad\/familiares-de-personas-con-discapacidad-acusan-a-emilia-orozco-de-traicionar-la-causa-que-antes-defendia\/","title":{"rendered":"Familiares de personas con discapacidad acusan a Emilia Orozco de traicionar la causa que antes defend\u00eda"},"content":{"rendered":"\n<h3 class=\"wp-block-heading\"><strong>De compa\u00f1era de lucha a aliada del ajuste: los familiares de personas con discapacidad acusan a la candidata de La Libertad Avanza de \u201cmercenaria\u201d por votar contra los mismos derechos que antes defend\u00eda<\/strong><\/h3>\n\n\n\n<p>La escena es elocuente y dolorosa. Un grupo de madres, padres y cuidadores de personas con discapacidad se agrupan frente a \u201cLa Casa de la Libertad\u201d, la sede salte\u00f1a de La Libertad Avanza. No hay banderas partidarias, solo carteles escritos con bronca: \u201cEmilia, \u00bfd\u00f3nde est\u00e1 tu hermana discapacitada ahora?\u201d, \u201cDe llorar con nosotros a traicionarnos\u201d. Las c\u00e1maras de celulares registran cada palabra, cada sollozo, cada reclamo. Detr\u00e1s de esas pancartas hay a\u00f1os de marchas, de pedidos, de esperanzas. Y tambi\u00e9n una herida abierta: la de sentirse traicionados por quien alguna vez march\u00f3 a su lado. Esa persona es <strong>Mar\u00eda Emilia Orozco<\/strong>, diputada nacional y candidata a senadora por el espacio de Javier Milei, se\u00f1alada por sus antiguos compa\u00f1eros de lucha como \u201cuna mercenaria que us\u00f3 la causa de la discapacidad para hacer carrera pol\u00edtica\u201d.<\/p>\n\n\n\n<p>El episodio ocurri\u00f3 en agosto de 2025, en Salta, y no tard\u00f3 en viralizarse. Los videos circularon con los hashtags <strong>#EmiliaOrozcoTraiciona<\/strong> y <strong>#NoAlVetoDiscapacidad<\/strong>, convirti\u00e9ndose en tendencia nacional. El reclamo fue directo: que la legisladora libertaria diera explicaciones por su voto a favor del <strong>veto presidencial a la Ley de Emergencia en Discapacidad<\/strong>, un proyecto que buscaba garantizar fondos para terapias, medicamentos y prestaciones suspendidas desde el inicio del gobierno de Milei. La ley hab\u00eda sido aprobada por ampl\u00edsima mayor\u00eda en el Congreso, pero el Ejecutivo la bloque\u00f3 argumentando \u201cfalta de recursos\u201d y \u201criesgo de abuso en la certificaci\u00f3n de discapacidades\u201d. Orozco, lejos de oponerse al veto, lo justific\u00f3 p\u00fablicamente, se\u00f1alando que \u201cesa ley no era la salida\u201d y que \u201cla crisis del sistema era culpa de los gobiernos anteriores\u201d.<\/p>\n\n\n\n<figure class=\"wp-block-embed is-type-rich is-provider-twitter wp-block-embed-twitter\"><div class=\"wp-block-embed__wrapper\">\n<blockquote class=\"twitter-tweet\" data-width=\"550\" data-dnt=\"true\"><p lang=\"es\" dir=\"ltr\">Familiares de discapacitados fueron a buscar a Emilia Orozco, candidata de La Libertad Avanza, para sorpresa de nadie es una MERCENARIA<br><br>&quot;Hace a\u00f1os ven\u00eda a reclamar con nosotros y LLORABA. Hoy que es oficialista NOS VOTA EN CONTRA olvid\u00e1ndose incluso de SU HERMANA discapacitada&quot; <a href=\"https:\/\/t.co\/dg3Kz7g1aM\">pic.twitter.com\/dg3Kz7g1aM<\/a><\/p>&mdash; Arrepentidos de Milei (@ArrepentidosLLA) <a href=\"https:\/\/twitter.com\/ArrepentidosLLA\/status\/1981014395175211087?ref_src=twsrc%5Etfw\">October 22, 2025<\/a><\/blockquote><script async src=\"https:\/\/platform.twitter.com\/widgets.js\" charset=\"utf-8\"><\/script>\n<\/div><\/figure>\n\n\n\n<p>La reacci\u00f3n fue inmediata. \u201cHace a\u00f1os ven\u00eda a reclamar con nosotros y lloraba. Hoy que es oficialista nos vota en contra, olvid\u00e1ndose incluso de su hermana discapacitada\u201d, relat\u00f3 una manifestante frente a las c\u00e1maras. Esa frase, repetida hasta el cansancio en redes, sintetiza el cambio de rumbo de una figura que pas\u00f3 de ser s\u00edmbolo de empat\u00eda a emblema de la indiferencia libertaria.<\/p>\n\n\n\n<p>Durante su etapa como concejal en Salta, entre 2019 y 2023, Orozco particip\u00f3 activamente en las marchas por los derechos de las personas con discapacidad. En 2022 se la vio abrazando a madres y terapeutas en plena protesta contra los recortes del entonces gobierno de Alberto Fern\u00e1ndez. En aquel momento, denunci\u00f3 con l\u00e1grimas en los ojos que el Estado \u201cle daba la espalda a los m\u00e1s vulnerables\u201d. En cada entrevista recordaba su historia personal, la de una hermana con discapacidad que, seg\u00fan dec\u00eda, la inspiraba a \u201cno rendirse en la lucha por los derechos de todos\u201d. Esa imagen sensible y comprometida la catapult\u00f3 como figura local, hasta que Javier Milei la convoc\u00f3 para integrar la lista de La Libertad Avanza.<\/p>\n\n\n\n<figure class=\"wp-block-embed is-type-rich is-provider-twitter wp-block-embed-twitter\"><div class=\"wp-block-embed__wrapper\">\n<blockquote class=\"twitter-tweet\" data-width=\"550\" data-dnt=\"true\"><p lang=\"es\" dir=\"ltr\">Mir\u00e1 lo que publicaba Emilia Orozco hace 3 a\u00f1os: &quot;No al recorte en Discapacidad&quot;. Reclamaba por su hermana junto a las dem\u00e1s familias. Hoy es diputada libertaria por Salta, se olvid\u00f3 de todo y vota en contra en el Congreso. De las peores traiciones. <a href=\"https:\/\/t.co\/K5eRNWZXhz\">https:\/\/t.co\/K5eRNWZXhz<\/a> <a href=\"https:\/\/t.co\/CB6mXXapJh\">pic.twitter.com\/CB6mXXapJh<\/a><\/p>&mdash; Editor\u270d (@Editor_76) <a href=\"https:\/\/twitter.com\/Editor_76\/status\/1981166974354018765?ref_src=twsrc%5Etfw\">October 23, 2025<\/a><\/blockquote><script async src=\"https:\/\/platform.twitter.com\/widgets.js\" charset=\"utf-8\"><\/script>\n<\/div><\/figure>\n\n\n\n<p>El giro comenz\u00f3 cuando lleg\u00f3 al Congreso. Ya como diputada nacional, Orozco no solo respald\u00f3 las pol\u00edticas de ajuste fiscal del presidente, sino que se convirti\u00f3 en una de las voceras m\u00e1s vehementes de la \u201causteridad sin privilegios\u201d. En su discurso, desaparecieron las palabras \u201cempat\u00eda\u201d y \u201cdiscapacidad\u201d para dar paso a conceptos como \u201ceficiencia\u201d, \u201cracionalizaci\u00f3n\u201d y \u201corden presupuestario\u201d. En lugar de cuestionar los recortes, los justific\u00f3 como un paso necesario hacia \u201cun sistema m\u00e1s justo y transparente\u201d. Pero los hechos la contradicen: miles de familias quedaron sin cobertura de terapias, sin medicamentos, sin transporte adaptado, y sin acompa\u00f1antes terap\u00e9uticos.<\/p>\n\n\n\n<p>El <strong>veto a la Ley de Emergencia en Discapacidad<\/strong>, firmado por Milei en agosto de 2025, fue la gota que rebals\u00f3 el vaso. Esa norma hab\u00eda sido impulsada por organizaciones y profesionales del sector luego de meses de desfinanciamiento y denuncias contra la Agencia Nacional de Discapacidad (ANDIS). Orozco no solo apoy\u00f3 el veto: defendi\u00f3 la decisi\u00f3n en medios salte\u00f1os y vot\u00f3 en bloque con el oficialismo cuando se trat\u00f3 de insistir con la ley en Diputados. \u201cNo podemos seguir gastando sin control\u201d, dijo en declaraciones radiales. Sus palabras sonaron como una burla para quienes la vieron llorar a\u00f1os atr\u00e1s en las calles pidiendo lo contrario.<\/p>\n\n\n\n<p>El 6 de agosto, familiares y activistas marcharon hacia la sede de LLA en Salta, conocida como \u201cLa Casa de la Libertad\u201d. La esperaron durante horas, pero la diputada nunca sali\u00f3 a recibirlos. En cambio, trascendi\u00f3 que ese mismo d\u00eda estaba grabando un spot de campa\u00f1a. La indiferencia fue interpretada como una se\u00f1al de desprecio. \u201cNos ignor\u00f3. Ella sabe qui\u00e9nes somos, nos conoce por nombre. Comparti\u00f3 mates, abrazos, l\u00e1grimas. Y ahora ni siquiera da la cara\u201d, cont\u00f3 una de las madres presentes.<\/p>\n\n\n\n<p>El esc\u00e1ndalo no qued\u00f3 ah\u00ed. En junio del mismo a\u00f1o, Orozco hab\u00eda viajado a Israel y Dub\u00e1i junto a una comitiva de doce funcionarios libertarios. El viaje fue financiado parcialmente por la Agencia Nacional de Discapacidad, bajo el pretexto de una \u201ccapacitaci\u00f3n en accesibilidad\u201d. Sin embargo, las escalas en hoteles de lujo y los gastos en compras personales encendieron las alarmas. En ese contexto, el periodista Juan Alonso revel\u00f3 que los fondos proven\u00edan de partidas originalmente destinadas a la compra de insumos m\u00e9dicos y sillas de ruedas. La presencia de Orozco en ese viaje agrav\u00f3 las sospechas de \u201cuso indebido de recursos p\u00fablicos destinados a personas con discapacidad\u201d.<\/p>\n\n\n\n<p>A ese esc\u00e1ndalo se suman otras denuncias. Seg\u00fan una investigaci\u00f3n de medios locales, varios exasesores de la diputada declararon haber sido presionados para aportar entre el 5% y el 10% de sus sueldos a una \u201ccaja partidaria\u201d de La Libertad Avanza. Adem\u00e1s, Orozco preside la Comisi\u00f3n de Libertad de Expresi\u00f3n del Congreso, pero desde su asunci\u00f3n no convoc\u00f3 ni una sola sesi\u00f3n, lo que le vali\u00f3 cr\u00edticas incluso dentro del bloque oficialista.<\/p>\n\n\n\n<p>La combinaci\u00f3n de silencio, privilegio y oportunismo termin\u00f3 por consolidar la imagen que hoy pesa sobre ella: la de una funcionaria que us\u00f3 el dolor ajeno como trampol\u00edn pol\u00edtico. Por eso la palabra \u201cmercenaria\u201d aparece una y otra vez en los testimonios de quienes la acompa\u00f1aron en el pasado. No es un insulto improvisado: es una acusaci\u00f3n cargada de memoria.<\/p>\n\n\n\n<p>Orozco, por su parte, se defiende asegurando que \u201cla pol\u00edtica no puede basarse en el sentimentalismo\u201d y que busca \u201csoluciones estructurales\u201d para el sector. Afirma que las protestas son \u201coperaciones de la oposici\u00f3n\u201d y acusa a los medios de \u201cexplotar la discapacidad para hacer pol\u00edtica\u201d. Sin embargo, nunca rectific\u00f3 su voto ni recibi\u00f3 a los familiares. Tampoco mostr\u00f3 pruebas de haber impulsado una alternativa legislativa que supla la ley vetada.<\/p>\n\n\n\n<p>El caso de Emilia Orozco no es un hecho aislado. Es el reflejo de un gobierno que ha hecho del ajuste una bandera ideol\u00f3gica, incluso a costa de los sectores m\u00e1s indefensos. Desde que Milei asumi\u00f3 la presidencia, se acumulan denuncias por desfinanciamiento de programas sociales, recorte de pensiones, suspensi\u00f3n de tratamientos y cierre de centros de d\u00eda. La situaci\u00f3n de las personas con discapacidad se volvi\u00f3 un s\u00edmbolo de la crueldad administrativa del modelo libertario. En ese contexto, la figura de Orozco concentra una doble indignaci\u00f3n: por ser parte del ajuste y por haber traicionado una causa que alguna vez encarn\u00f3.<\/p>\n\n\n\n<p>El impacto pol\u00edtico del episodio en Salta fue inmediato. Diversas agrupaciones locales, desde sindicatos docentes hasta colectivos de salud, se solidarizaron con los manifestantes. Incluso dentro del propio espacio libertario hubo voces disonantes que consideraron \u201cinnecesario\u201d su enfrentamiento con las familias. En redes, su imagen p\u00fablica se desplom\u00f3: pas\u00f3 de ser presentada como \u201cla joven sensible que desafiaba al sistema\u201d a ser descrita como \u201cel rostro del cinismo oficialista\u201d.<\/p>\n\n\n\n<p>Mientras tanto, los videos de la protesta siguen circulando. En uno de ellos, una madre sostiene una foto de su hijo y grita entre l\u00e1grimas: \u201c\u00a1Vos prometiste que ibas a defender a los nuestros! \u00a1No te olvides de tu hermana!\u201d. Esa frase, tan simple y tan devastadora, resume el drama humano detr\u00e1s del c\u00e1lculo pol\u00edtico. Porque cuando la empat\u00eda se convierte en marketing, el dolor ajeno deja de ser causa y se vuelve recurso. Y en ese espejo, la historia de Emilia Orozco es el retrato m\u00e1s n\u00edtido de un tiempo donde la lealtad pesa menos que un voto.<\/p>\n","protected":false},"excerpt":{"rendered":"<p>De compa\u00f1era de lucha a aliada del ajuste: los familiares de personas con discapacidad acusan a la candidata de La Libertad Avanza de \u201cmercenaria\u201d por votar contra los mismos derechos que antes defend\u00eda La escena es elocuente y dolorosa. Un grupo de madres, padres y cuidadores de personas con discapacidad se agrupan frente a \u201cLa&#8230;<\/p>\n","protected":false},"author":12,"featured_media":10142,"comment_status":"open","ping_status":"open","sticky":false,"template":"","format":"standard","meta":{"_monsterinsights_skip_tracking":false,"_monsterinsights_sitenote_active":false,"_monsterinsights_sitenote_note":"","_monsterinsights_sitenote_category":0,"footnotes":"","jetpack_publicize_message":"","jetpack_publicize_feature_enabled":true,"jetpack_social_post_already_shared":true,"jetpack_social_options":{"image_generator_settings":{"template":"highway","default_image_id":0,"font":"","enabled":false},"version":2}},"categories":[4],"tags":[],"class_list":["post-10141","post","type-post","status-publish","format-standard","has-post-thumbnail","hentry","category-sociedad"],"jetpack_publicize_connections":[],"_links":{"self":[{"href":"https:\/\/www.enorsai.com\/noticias\/wp-json\/wp\/v2\/posts\/10141","targetHints":{"allow":["GET"]}}],"collection":[{"href":"https:\/\/www.enorsai.com\/noticias\/wp-json\/wp\/v2\/posts"}],"about":[{"href":"https:\/\/www.enorsai.com\/noticias\/wp-json\/wp\/v2\/types\/post"}],"author":[{"embeddable":true,"href":"https:\/\/www.enorsai.com\/noticias\/wp-json\/wp\/v2\/users\/12"}],"replies":[{"embeddable":true,"href":"https:\/\/www.enorsai.com\/noticias\/wp-json\/wp\/v2\/comments?post=10141"}],"version-history":[{"count":2,"href":"https:\/\/www.enorsai.com\/noticias\/wp-json\/wp\/v2\/posts\/10141\/revisions"}],"predecessor-version":[{"id":10172,"href":"https:\/\/www.enorsai.com\/noticias\/wp-json\/wp\/v2\/posts\/10141\/revisions\/10172"}],"wp:featuredmedia":[{"embeddable":true,"href":"https:\/\/www.enorsai.com\/noticias\/wp-json\/wp\/v2\/media\/10142"}],"wp:attachment":[{"href":"https:\/\/www.enorsai.com\/noticias\/wp-json\/wp\/v2\/media?parent=10141"}],"wp:term":[{"taxonomy":"category","embeddable":true,"href":"https:\/\/www.enorsai.com\/noticias\/wp-json\/wp\/v2\/categories?post=10141"},{"taxonomy":"post_tag","embeddable":true,"href":"https:\/\/www.enorsai.com\/noticias\/wp-json\/wp\/v2\/tags?post=10141"}],"curies":[{"name":"wp","href":"https:\/\/api.w.org\/{rel}","templated":true}]}}