{"id":1014,"date":"2025-02-10T19:04:14","date_gmt":"2025-02-10T22:04:14","guid":{"rendered":"https:\/\/www.enorsai.com\/noticias\/?p=1014"},"modified":"2025-02-10T19:04:14","modified_gmt":"2025-02-10T22:04:14","slug":"el-economista-orlando-ferreres-analiza-la-situacion-economica-y-advierte-sobre-el-riesgo-de-una-nueva-crisis","status":"publish","type":"post","link":"https:\/\/www.enorsai.com\/noticias\/politica\/el-economista-orlando-ferreres-analiza-la-situacion-economica-y-advierte-sobre-el-riesgo-de-una-nueva-crisis\/","title":{"rendered":"El economista Orlando Ferreres analiza la situaci\u00f3n econ\u00f3mica y advierte sobre el riesgo de una nueva crisis"},"content":{"rendered":"\n<p>El economista Orlando Ferreres analiza la situaci\u00f3n econ\u00f3mica y advierte sobre la fragilidad del equilibrio fiscal, la inflaci\u00f3n persistente y la incertidumbre pol\u00edtica.<\/p>\n\n\n\n<p>La econom\u00eda argentina se encuentra en un momento delicado. El gobierno de Javier Milei busca mantener el equilibrio fiscal y controlar la inflaci\u00f3n, pero enfrenta desaf\u00edos como la escasez de d\u00f3lares, la subida de precios y la presi\u00f3n pol\u00edtica. El economista Orlando Ferreres analiza la situaci\u00f3n y advierte sobre los riesgos de una nueva crisis.<\/p>\n\n\n\n<p><a href=\"https:\/\/www.enorsai.com\/noticias\/economia\/el-falso-milagro-de-los-superavits-gemelos-un-espejismo-de-ajuste-y-recesion\/\">El falso milagro de los \u201csuper\u00e1vits gemelos\u201d: un espejismo de ajuste y recesi\u00f3n<\/a><\/p>\n\n\n\n<p>La econom\u00eda argentina sigue siendo un tema de debate y preocupaci\u00f3n. A pesar de los esfuerzos del gobierno por mostrar una imagen de estabilidad, persisten las dudas sobre la sostenibilidad del modelo econ\u00f3mico y la capacidad para evitar una nueva crisis.<\/p>\n\n\n\n<p>En di\u00e1logo con Radio 10, el economista Orlando Ferreres analiz\u00f3 la situaci\u00f3n econ\u00f3mica y advirti\u00f3 sobre la fragilidad del equilibrio fiscal, la persistencia de la inflaci\u00f3n y la incertidumbre pol\u00edtica. \u00abHay un equilibrio fiscal, pero no hay un equilibrio comercial\u00bb, afirm\u00f3 Ferreres, \u00aby nosotros estamos ante una econom\u00eda bimonetaria\u00bb.<\/p>\n\n\n\n<p><a href=\"https:\/\/www.enorsai.com\/noticias\/politica\/jaime-duran-barba-advierte-la-polarizacion-de-milei-es-la-receta-perfecta-para-su-propia-derrota\/\">Jaime Dur\u00e1n Barba advierte: la polarizaci\u00f3n de Milei es la receta perfecta para su propia derrota<\/a><\/p>\n\n\n\n<p>Ferreres se\u00f1al\u00f3 que la falta de d\u00f3lares es uno de los principales problemas que enfrenta la econom\u00eda argentina. \u00abNecesitamos los d\u00f3lares, es fundamental eso\u00bb, expres\u00f3 el economista, \u00aby por eso es que hay dos posiciones respecto del tipo de cambio\u00bb.<\/p>\n\n\n\n<p>El economista tambi\u00e9n se refiri\u00f3 a la pol\u00edtica econ\u00f3mica del gobierno de Javier Milei, se\u00f1alando que \u00abest\u00e1 regulando precios\u00bb y que \u00abtiene como objetivo \u00fanico o principal bajar la inflaci\u00f3n\u00bb. \u00abNo creo que vaya a cambiar nada de ac\u00e1 hasta las elecciones\u00bb, afirm\u00f3 Ferreres, \u00abva a seguir igual porque eso es lo que m\u00e1s le conviene\u00bb.<\/p>\n\n\n\n<figure class=\"wp-block-embed is-type-wp-embed is-provider-incrustado wp-block-embed-incrustado\"><div class=\"wp-block-embed__wrapper\">\n<blockquote class=\"wp-embedded-content\" data-secret=\"6JYVDnfyun\"><a href=\"https:\/\/www.enorsai.com\/noticias\/politica\/carlos-maslaton-sobre-el-gobierno-de-milei-deuda-dolar-y-la-sombra-de-martinez-de-hoz\/\">Carlos Maslat\u00f3n sobre el gobierno de Milei: deuda, d\u00f3lar y la sombra de Mart\u00ednez de Hoz<\/a><\/blockquote><iframe loading=\"lazy\" class=\"wp-embedded-content\" sandbox=\"allow-scripts\" security=\"restricted\" style=\"position: absolute; visibility: hidden;\" title=\"\u00abCarlos Maslat\u00f3n sobre el gobierno de Milei: deuda, d\u00f3lar y la sombra de Mart\u00ednez de Hoz\u00bb \u2014 \" src=\"https:\/\/www.enorsai.com\/noticias\/politica\/carlos-maslaton-sobre-el-gobierno-de-milei-deuda-dolar-y-la-sombra-de-martinez-de-hoz\/embed\/#?secret=NkFbo5huYs#?secret=6JYVDnfyun\" data-secret=\"6JYVDnfyun\" width=\"600\" height=\"338\" frameborder=\"0\" marginwidth=\"0\" marginheight=\"0\" scrolling=\"no\"><\/iframe>\n<\/div><\/figure>\n\n\n\n<p>Ferreres advirti\u00f3 que la inflaci\u00f3n podr\u00eda bajar hasta el 25% o incluso menos, pero que esto depender\u00e1 de la evoluci\u00f3n de la actividad econ\u00f3mica y del salario real. \u00abEse es el gran problema que tengo\u00bb, expres\u00f3 el economista, \u00abtener claro c\u00f3mo termina la actividad econ\u00f3mica y c\u00f3mo termina la inflaci\u00f3n\u00bb.<\/p>\n\n\n\n<p>El economista tambi\u00e9n se refiri\u00f3 a la pol\u00e9mica en torno a la recaudaci\u00f3n impositiva, se\u00f1alando que \u00abaument\u00f3 por impuestos que aumentaron\u00bb y que \u00abla recaudaci\u00f3n del IVA no es lineal\u00bb. \u00abSi despu\u00e9s de un a\u00f1o de ajuste estamos en un nivel de consumo tan bajo como el enero del a\u00f1o pasado, \u00bfd\u00f3nde est\u00e1 esto de que estamos bien o estamos yendo bien?\u00bb, cuestion\u00f3 Ferreres.<\/p>\n\n\n\n<p>Ferreres tambi\u00e9n analiz\u00f3 la relaci\u00f3n de Milei con Cavallo, se\u00f1alando que \u00abes algo incre\u00edble\u00bb y que \u00abla ech\u00f3 por culpa del padre\u00bb. \u00abNo creo que sea por capacidad que la saca\u00bb, afirm\u00f3 Ferreres, \u00absino un poco como vos dec\u00eds, porque se pele\u00f3 con el padre\u00bb.<\/p>\n\n\n\n<figure class=\"wp-block-embed is-type-wp-embed is-provider-incrustado wp-block-embed-incrustado\"><div class=\"wp-block-embed__wrapper\">\n<blockquote class=\"wp-embedded-content\" data-secret=\"GHgF9MwHEY\"><a href=\"https:\/\/www.enorsai.com\/noticias\/economia\/milei-echo-a-sonia-cavallo-despues-que-su-padre-le-pidiera-que-devaluara-para-no-tener-un-2001\/\">Milei ech\u00f3 a Sonia Cavallo despu\u00e9s que su padre le pidiera que devaluara para no tener un 2001<\/a><\/blockquote><iframe loading=\"lazy\" class=\"wp-embedded-content\" sandbox=\"allow-scripts\" security=\"restricted\" style=\"position: absolute; visibility: hidden;\" title=\"\u00abMilei ech\u00f3 a Sonia Cavallo despu\u00e9s que su padre le pidiera que devaluara para no tener un 2001\u00bb \u2014 \" src=\"https:\/\/www.enorsai.com\/noticias\/economia\/milei-echo-a-sonia-cavallo-despues-que-su-padre-le-pidiera-que-devaluara-para-no-tener-un-2001\/embed\/#?secret=p0WEmEUXfN#?secret=GHgF9MwHEY\" data-secret=\"GHgF9MwHEY\" width=\"600\" height=\"338\" frameborder=\"0\" marginwidth=\"0\" marginheight=\"0\" scrolling=\"no\"><\/iframe>\n<\/div><\/figure>\n\n\n\n<p>Finalmente, Ferreres expres\u00f3 su preocupaci\u00f3n por la situaci\u00f3n de las pymes, se\u00f1alando que \u00abhan cerrado muchas\u00bb y que \u00abotras est\u00e1n peleando\u00bb. \u00ab<a href=\"https:\/\/www.enorsai.com\/noticias\/uncategorized\/mercedes-benz-abandona-argentina-vendieron-la-planta-a-un-grupo-empresarial-local-alerta-por-posibles-despidos\/\">La industria automotriz<\/a> est\u00e1 realmente en un momento ins\u00f3lito\u00bb, agreg\u00f3 el economista, \u00abpero no creo que pase nada, solamente se va a dejar de pagar el impuesto y nada m\u00e1s\u00bb.<\/p>\n\n\n\n<p><strong>La econom\u00eda argentina enfrenta desaf\u00edos importantes. El gobierno de Javier Milei busca mantener el equilibrio fiscal y controlar la inflaci\u00f3n, pero persisten las dudas sobre la sostenibilidad del modelo y la capacidad para evitar una nueva crisis. La incertidumbre pol\u00edtica y la presi\u00f3n social son factores que pueden incidir en el rumbo de la econom\u00eda.<\/strong><\/p>\n\n\n\n<p><\/p>\n","protected":false},"excerpt":{"rendered":"<p>\u00abPersisten las dudas sobre la sostenibilidad del modelo y la capacidad para evitar una nueva crisis. La incertidumbre pol\u00edtica y la presi\u00f3n social son factores que pueden incidir en el rumbo de la econom\u00eda.\u00bb<\/p>\n","protected":false},"author":4,"featured_media":1016,"comment_status":"open","ping_status":"open","sticky":false,"template":"","format":"standard","meta":{"_monsterinsights_skip_tracking":false,"_monsterinsights_sitenote_active":false,"_monsterinsights_sitenote_note":"","_monsterinsights_sitenote_category":0,"footnotes":"","jetpack_publicize_message":"","jetpack_publicize_feature_enabled":true,"jetpack_social_post_already_shared":true,"jetpack_social_options":{"image_generator_settings":{"template":"highway","default_image_id":0,"font":"","enabled":false},"version":2}},"categories":[3,2],"tags":[58,93,133,282,15,227,301],"class_list":["post-1014","post","type-post","status-publish","format-standard","has-post-thumbnail","hentry","category-economia","category-politica","tag-ajuste","tag-argentina","tag-buenosaires","tag-dolar","tag-economia","tag-inflacion","tag-pymes"],"jetpack_publicize_connections":[],"_links":{"self":[{"href":"https:\/\/www.enorsai.com\/noticias\/wp-json\/wp\/v2\/posts\/1014","targetHints":{"allow":["GET"]}}],"collection":[{"href":"https:\/\/www.enorsai.com\/noticias\/wp-json\/wp\/v2\/posts"}],"about":[{"href":"https:\/\/www.enorsai.com\/noticias\/wp-json\/wp\/v2\/types\/post"}],"author":[{"embeddable":true,"href":"https:\/\/www.enorsai.com\/noticias\/wp-json\/wp\/v2\/users\/4"}],"replies":[{"embeddable":true,"href":"https:\/\/www.enorsai.com\/noticias\/wp-json\/wp\/v2\/comments?post=1014"}],"version-history":[{"count":1,"href":"https:\/\/www.enorsai.com\/noticias\/wp-json\/wp\/v2\/posts\/1014\/revisions"}],"predecessor-version":[{"id":1018,"href":"https:\/\/www.enorsai.com\/noticias\/wp-json\/wp\/v2\/posts\/1014\/revisions\/1018"}],"wp:featuredmedia":[{"embeddable":true,"href":"https:\/\/www.enorsai.com\/noticias\/wp-json\/wp\/v2\/media\/1016"}],"wp:attachment":[{"href":"https:\/\/www.enorsai.com\/noticias\/wp-json\/wp\/v2\/media?parent=1014"}],"wp:term":[{"taxonomy":"category","embeddable":true,"href":"https:\/\/www.enorsai.com\/noticias\/wp-json\/wp\/v2\/categories?post=1014"},{"taxonomy":"post_tag","embeddable":true,"href":"https:\/\/www.enorsai.com\/noticias\/wp-json\/wp\/v2\/tags?post=1014"}],"curies":[{"name":"wp","href":"https:\/\/api.w.org\/{rel}","templated":true}]}}