{"id":1013,"date":"2025-02-10T17:16:26","date_gmt":"2025-02-10T20:16:26","guid":{"rendered":"https:\/\/www.enorsai.com\/noticias\/?p=1013"},"modified":"2025-02-10T18:58:43","modified_gmt":"2025-02-10T21:58:43","slug":"mercedes-benz-abandona-argentina-vendieron-la-planta-a-un-grupo-empresarial-local-alerta-por-posibles-despidos","status":"publish","type":"post","link":"https:\/\/www.enorsai.com\/noticias\/uncategorized\/mercedes-benz-abandona-argentina-vendieron-la-planta-a-un-grupo-empresarial-local-alerta-por-posibles-despidos\/","title":{"rendered":"Mercedes-Benz abandona Argentina: Vendieron la planta a un grupo empresarial local, alerta por posibles despidos"},"content":{"rendered":"\n<p><strong><em>Mercedes-Benz abandona Argentina: Vendieron la planta a un grupo empresarial local, alerta por posibles despidos. En un movimiento que sacude al sector automotriz, Mercedes-Benz deja de ser fabricante directo en el pa\u00eds. Mientras el gobierno celebra la \u00abargentinizaci\u00f3n\u00bb de la empresa, trabajadores y analistas advierten sobre el riesgo de despidos y el impacto en la ya golpeada econom\u00eda.<\/em><\/strong><\/p>\n\n\n\n<hr class=\"wp-block-separator has-alpha-channel-opacity\"\/>\n\n\n\n<p>El anuncio de la venta de la planta de Mercedes-Benz en Virrey del Pino, Buenos Aires, a un grupo empresarial argentino marca un punto de inflexi\u00f3n en la historia industrial del pa\u00eds. Los alemanes, que por d\u00e9cadas fueron sin\u00f3nimo de calidad y empleo estable, dejan de ser los fabricantes directos en Argentina. Este hecho no solo refleja la crisis del sector automotriz, sino que tambi\u00e9n pone en evidencia las tensiones econ\u00f3micas y pol\u00edticas que atraviesa el pa\u00eds bajo el gobierno de Javier Milei.<\/p>\n\n\n\n<p>Seg\u00fan informaron fuentes cercanas a la operaci\u00f3n, el grupo local involucrado en la compra promete mantener la producci\u00f3n y los puestos de trabajo. Sin embargo, los sindicatos ya han levantado la voz, advirtiendo que este tipo de transacciones suelen ser el preludio de reestructuraciones y despidos masivos. \u00abNo nos vamos a quedar de brazos cruzados mientras nos dejan en la calle\u00bb, declar\u00f3 un representante de los trabajadores en una entrevista para <em>P\u00e1gina 12<\/em>.<\/p>\n\n\n\n<p>El gobierno de Milei, por su parte, ha intentado presentar la venta como una victoria de su pol\u00edtica de \u00abargentinizaci\u00f3n\u00bb de la econom\u00eda. En un comunicado oficial, el Ministerio de Econom\u00eda destac\u00f3 que la operaci\u00f3n \u00abdemuestra la confianza de los empresarios locales en el futuro del pa\u00eds\u00bb. No obstante, cr\u00edticos como el analista econ\u00f3mico Jos\u00e9 Natanson, en una columna para <em>Infobae<\/em>, cuestionan esta narrativa: \u00abLo que estamos viendo no es una muestra de confianza, sino el resultado de una econom\u00eda que ahuyenta a las inversiones extranjeras\u00bb.<\/p>\n\n\n\n<p>Las redes sociales no tardaron en reaccionar. Bajo el hashtag #MercedesSeVa, usuarios expresaron su preocupaci\u00f3n por el futuro de los trabajadores y criticaron la falta de pol\u00edticas claras para proteger el empleo. \u00abMilei habla de libertad, pero la \u00fanica libertad que veo es la de las empresas para irse cuando quieran\u00bb, escribi\u00f3 un usuario en Twitter.<\/p>\n\n\n\n<p>El caso de Mercedes-Benz no es aislado. En los \u00faltimos a\u00f1os, varias multinacionales han reducido su presencia en Argentina, citando la inestabilidad econ\u00f3mica y las dificultades para importar insumos. Seg\u00fan un informe de <em>Clar\u00edn<\/em>, el sector automotriz ha perdido m\u00e1s de 20.000 puestos de trabajo desde 2019. La pregunta que muchos se hacen es si esta venta es el principio del fin para la industria automotriz argentina o si, por el contrario, podr\u00eda abrir una nueva etapa bajo gesti\u00f3n local.<\/p>\n\n\n\n<p>Sin embargo, los antecedentes no son alentadores. Como record\u00f3 <em>La Naci\u00f3n<\/em> en un editorial reciente, experiencias similares en otros sectores han terminado en cierres masivos y despidos. \u00abLa historia nos ense\u00f1a que cuando una multinacional se va, rara vez es reemplazada por algo mejor\u00bb, se\u00f1al\u00f3 el medio.<\/p>\n\n\n\n<p>En este contexto, el gobierno de Milei enfrenta un doble desaf\u00edo: por un lado, debe convencer a la ciudadan\u00eda de que esta operaci\u00f3n no es un retroceso, sino un avance; por otro, debe demostrar que tiene un plan concreto para evitar que la crisis se profundice. Hasta ahora, sin embargo, las medidas anunciadas parecen insuficientes.<\/p>\n\n\n\n<p>Mientras tanto, los trabajadores de Mercedes-Benz esperan. Con la incertidumbre como \u00fanica certeza, muchos temen que este sea el principio de un nuevo cap\u00edtulo de desempleo y precarizaci\u00f3n laboral. Y en las redes sociales, el debate contin\u00faa: \u00bfEs esta la Argentina que queremos?<\/p>\n\n\n\n<hr class=\"wp-block-separator has-alpha-channel-opacity\"\/>\n\n\n\n<p><\/p>\n\n\n","protected":false},"excerpt":{"rendered":"<p>Mercedes-Benz abandona Argentina: Vendieron la planta a un grupo empresarial local, alerta por posibles despidos. En un movimiento que sacude al sector automotriz, Mercedes-Benz deja de ser fabricante directo en el pa\u00eds. Mientras el gobierno celebra la \u00abargentinizaci\u00f3n\u00bb de la empresa, trabajadores y analistas advierten sobre el riesgo de despidos y el impacto en la&#8230;<\/p>\n","protected":false},"author":1,"featured_media":1015,"comment_status":"open","ping_status":"open","sticky":false,"template":"","format":"standard","meta":{"_monsterinsights_skip_tracking":false,"_monsterinsights_sitenote_active":false,"_monsterinsights_sitenote_note":"","_monsterinsights_sitenote_category":0,"footnotes":"","jetpack_publicize_message":"","jetpack_publicize_feature_enabled":true,"jetpack_social_post_already_shared":true,"jetpack_social_options":{"image_generator_settings":{"template":"highway","default_image_id":0,"font":"","enabled":false},"version":2}},"categories":[],"tags":[15,243,399,45],"class_list":["post-1013","post","type-post","status-publish","format-standard","has-post-thumbnail","hentry","tag-economia","tag-industria-automotriz","tag-mercedes-benz","tag-milei"],"jetpack_publicize_connections":[],"_links":{"self":[{"href":"https:\/\/www.enorsai.com\/noticias\/wp-json\/wp\/v2\/posts\/1013","targetHints":{"allow":["GET"]}}],"collection":[{"href":"https:\/\/www.enorsai.com\/noticias\/wp-json\/wp\/v2\/posts"}],"about":[{"href":"https:\/\/www.enorsai.com\/noticias\/wp-json\/wp\/v2\/types\/post"}],"author":[{"embeddable":true,"href":"https:\/\/www.enorsai.com\/noticias\/wp-json\/wp\/v2\/users\/1"}],"replies":[{"embeddable":true,"href":"https:\/\/www.enorsai.com\/noticias\/wp-json\/wp\/v2\/comments?post=1013"}],"version-history":[{"count":1,"href":"https:\/\/www.enorsai.com\/noticias\/wp-json\/wp\/v2\/posts\/1013\/revisions"}],"predecessor-version":[{"id":1017,"href":"https:\/\/www.enorsai.com\/noticias\/wp-json\/wp\/v2\/posts\/1013\/revisions\/1017"}],"wp:featuredmedia":[{"embeddable":true,"href":"https:\/\/www.enorsai.com\/noticias\/wp-json\/wp\/v2\/media\/1015"}],"wp:attachment":[{"href":"https:\/\/www.enorsai.com\/noticias\/wp-json\/wp\/v2\/media?parent=1013"}],"wp:term":[{"taxonomy":"category","embeddable":true,"href":"https:\/\/www.enorsai.com\/noticias\/wp-json\/wp\/v2\/categories?post=1013"},{"taxonomy":"post_tag","embeddable":true,"href":"https:\/\/www.enorsai.com\/noticias\/wp-json\/wp\/v2\/tags?post=1013"}],"curies":[{"name":"wp","href":"https:\/\/api.w.org\/{rel}","templated":true}]}}