{"id":10129,"date":"2025-10-22T08:37:00","date_gmt":"2025-10-22T11:37:00","guid":{"rendered":"https:\/\/www.enorsai.com\/noticias\/?p=10129"},"modified":"2025-10-22T08:37:19","modified_gmt":"2025-10-22T11:37:19","slug":"javier-milei-debera-declarar-ante-la-comision-libra-tras-evadir-las-preguntas-oficiales","status":"publish","type":"post","link":"https:\/\/www.enorsai.com\/noticias\/politica\/javier-milei-debera-declarar-ante-la-comision-libra-tras-evadir-las-preguntas-oficiales\/","title":{"rendered":"Javier Milei deber\u00e1 declarar ante la Comisi\u00f3n $Libra tras evadir las preguntas oficiales"},"content":{"rendered":"\n<p>El Congreso aprob\u00f3 citar al presidente Javier Milei para que declare en persona ante la Comisi\u00f3n $Libra, luego de su silencio frente al pedido de explicaciones sobre su presunto rol en la trama de la criptomoneda. Tambi\u00e9n podr\u00edan ser citados Karina Milei y varios empresarios vinculados al caso.<\/p>\n\n\n\n<p>La decisi\u00f3n marca un punto de inflexi\u00f3n en una causa que crece en complejidad y pone al jefe de Estado en el centro de una investigaci\u00f3n con ramificaciones pol\u00edticas y financieras. El titular de la Comisi\u00f3n, Maximiliano Ferraro, reclam\u00f3 que Milei aclare sus declaraciones p\u00fablicas y las contradicciones detectadas en la plataforma Ripio, mientras crece la presi\u00f3n por conocer el verdadero alcance del negocio cripto y los v\u00ednculos con funcionarios libertarios.<\/p>\n\n\n\n<p>La Comisi\u00f3n $Libra decidi\u00f3 avanzar un paso m\u00e1s all\u00e1. En un hecho de enorme repercusi\u00f3n institucional, los diputados que integran el cuerpo aprobaron convocar al presidente Javier Milei para que declare en persona. La resoluci\u00f3n se adopt\u00f3 luego de que el mandatario no respondiera las preguntas escritas que se le hab\u00edan enviado el mes pasado, en el marco de las indagaciones sobre su presunto rol en el caso de la criptomoneda falsa conocida como $Libra.<\/p>\n\n\n\n<p>La medida, impulsada por el titular de la Comisi\u00f3n, Maximiliano Ferraro, fue respaldada por una mayor\u00eda que consider\u00f3 que el silencio presidencial constituye un agravio al Congreso y una obstrucci\u00f3n al trabajo de control parlamentario. \u201cEl presidente debe ratificar o ampliar sus dichos p\u00fablicos\u201d, sostuvo Ferraro, al recordar que las versiones oficiales y los registros de la plataforma Ripio presentan serias inconsistencias. Seg\u00fan trascendi\u00f3 en el \u00e1mbito legislativo, el pedido apunta a confrontar los movimientos detectados en las cuentas asociadas al proyecto $Libra con las declaraciones p\u00fablicas de Milei y su entorno m\u00e1s cercano.<\/p>\n\n\n\n<p>La decisi\u00f3n de convocar al jefe de Estado genera un impacto pol\u00edtico inmediato. No solo implica un llamado in\u00e9dito a un presidente en ejercicio por parte de una comisi\u00f3n legislativa que investiga un presunto fraude financiero, sino que tambi\u00e9n abre un debate sobre la transparencia del actual gobierno frente a los negocios digitales y el uso de criptomonedas. En los pasillos del Congreso, algunos legisladores no dudan en se\u00f1alar que el caso $Libra podr\u00eda transformarse en el \u201cWatergate\u201d de la era libertaria.<\/p>\n\n\n\n<p>Ferraro, con un tono firme, insisti\u00f3 en la necesidad de que el mandatario se presente \u201cen persona\u201d ante la Comisi\u00f3n. \u201cEl Congreso no puede tolerar el desd\u00e9n del Ejecutivo ante una investigaci\u00f3n de semejante gravedad\u201d, advirti\u00f3. Seg\u00fan la resoluci\u00f3n aprobada, se facult\u00f3 adem\u00e1s a la Comisi\u00f3n para requerir el uso de la fuerza p\u00fablica en caso de que Karina Milei, Dami\u00e1n Reidel o los empresarios Mauricio Novelli, Manuel Terrones Godoy y Pablo Morales no comparezcan voluntariamente. Todos ellos figuran como personas de inter\u00e9s dentro de la causa, se\u00f1alados por su posible participaci\u00f3n en maniobras financieras vinculadas al token $Libra.<\/p>\n\n\n\n<p>La causa $Libra, que estall\u00f3 inicialmente en tribunales de Estados Unidos, se ha convertido en un s\u00edmbolo de las sombras que rodean al discurso de transparencia del gobierno. Mientras Milei proclama en sus giras internacionales la pureza del libre mercado y la desregulaci\u00f3n total, los documentos judiciales apuntan a una trama de operaciones sospechosas, con transferencias trianguladas y beneficiarios a\u00fan no identificados. La menci\u00f3n del propio presidente en el expediente estadounidense y las sospechas de que tanto \u00e9l como su hermana Karina podr\u00edan ser beneficiarios indirectos de los fondos, profundizan la crisis pol\u00edtica.<\/p>\n\n\n\n<p>El hermetismo del Ejecutivo frente a las preguntas de la Comisi\u00f3n no hizo m\u00e1s que alimentar la desconfianza. Seg\u00fan se supo, la presidencia recibi\u00f3 el cuestionario oficial hace m\u00e1s de un mes, pero no dio respuesta alguna. En la pr\u00e1ctica, el silencio funcion\u00f3 como una negativa a colaborar. Este gesto, le\u00eddo por la oposici\u00f3n como un intento de encubrimiento, tens\u00f3 a\u00fan m\u00e1s la relaci\u00f3n entre el Congreso y la Casa Rosada.<\/p>\n\n\n\n<p>La convocatoria aprobada implica que Milei podr\u00eda ser citado a declarar en los pr\u00f3ximos d\u00edas. La sesi\u00f3n en la que se tom\u00f3 la decisi\u00f3n fue calificada por varios diputados como \u201chist\u00f3rica\u201d. Algunos incluso remarcaron que nunca antes un presidente argentino en funciones hab\u00eda sido convocado para rendir cuentas sobre un posible fraude financiero bajo investigaci\u00f3n parlamentaria.<\/p>\n\n\n\n<p>El caso $Libra se instal\u00f3 en el centro del debate p\u00fablico no solo por su dimensi\u00f3n judicial sino tambi\u00e9n por su significado pol\u00edtico. Representa un choque frontal entre el discurso antisistema que llev\u00f3 a Milei al poder y la realidad de un gobierno salpicado por sospechas de corrupci\u00f3n. El presidente, que prometi\u00f3 terminar con \u201cla casta\u201d y los privilegios del Estado, enfrenta ahora acusaciones que lo ubican en el lado opuesto: el de los beneficiarios ocultos de un esquema financiero opaco.<\/p>\n\n\n\n<p>El uso de la fuerza p\u00fablica para garantizar la comparecencia de Karina Milei o de los empresarios involucrados a\u00f1ade un componente explosivo. La posibilidad de que la hermana del presidente sea llevada a declarar compulsivamente marca un punto de no retorno en la tensi\u00f3n entre los poderes del Estado. Incluso en el oficialismo hay preocupaci\u00f3n por las consecuencias pol\u00edticas que podr\u00eda tener la negativa del presidente a presentarse ante el Congreso.<\/p>\n\n\n\n<p>La figura de Dami\u00e1n Reidel, uno de los primeros asesores econ\u00f3micos de Milei y exfuncionario del Banco Central, tambi\u00e9n aparece en la lista de citados. Su nombre se asocia a la etapa inicial del proyecto $Libra, cuando el gobierno alentaba p\u00fablicamente la \u201crevoluci\u00f3n cripto\u201d como s\u00edmbolo de libertad financiera. La ca\u00edda de ese proyecto, y las denuncias de estafa asociadas a su desplome, golpearon de lleno en la credibilidad de los funcionarios libertarios que lo promovieron.<\/p>\n\n\n\n<p>El contexto pol\u00edtico agrava el cuadro. Con una econom\u00eda que no logra estabilizarse, un d\u00f3lar en ascenso y una inflaci\u00f3n que carcome los salarios, el esc\u00e1ndalo de $Libra funciona como una met\u00e1fora de la distancia entre el relato y la realidad del gobierno. Mientras Milei insiste en que su administraci\u00f3n es \u201cla m\u00e1s transparente de la historia\u201d, los hechos muestran un entramado de silencios, contradicciones y v\u00ednculos turbios que despiertan sospechas dentro y fuera del pa\u00eds.<\/p>\n\n\n\n<p>La pr\u00f3xima sesi\u00f3n de la Comisi\u00f3n ser\u00e1 determinante. Si Milei no acude, el Congreso podr\u00eda avanzar con una citaci\u00f3n formal y, eventualmente, con un pedido judicial. El enfrentamiento entre el Ejecutivo y el Legislativo por el caso $Libra podr\u00eda escalar hasta niveles sin precedentes. En los sectores m\u00e1s cr\u00edticos del Parlamento se habla ya de una \u201ccrisis de legitimidad\u201d si el presidente contin\u00faa neg\u00e1ndose a rendir cuentas.<\/p>\n\n\n\n<p>M\u00e1s all\u00e1 del desenlace judicial, lo cierto es que el caso expone un rasgo estructural del gobierno libertario: su intolerancia a los controles institucionales y su desprecio por la rendici\u00f3n de cuentas. Lo que comenz\u00f3 como una investigaci\u00f3n t\u00e9cnica sobre una criptomoneda se transform\u00f3 en un espejo del modelo pol\u00edtico que impulsa Javier Milei: un poder concentrado, opaco y hostil frente a cualquier forma de fiscalizaci\u00f3n democr\u00e1tica.<\/p>\n\n\n\n<p>El pa\u00eds asiste, una vez m\u00e1s, al choque entre la ret\u00f3rica de la libertad y las pr\u00e1cticas del autoritarismo financiero. En esa contradicci\u00f3n se juega no solo el futuro del caso $Libra, sino tambi\u00e9n la credibilidad del propio presidente.<\/p>\n\n\n\n<p><\/p>\n","protected":false},"excerpt":{"rendered":"<p>El Congreso aprob\u00f3 citar al presidente Javier Milei para que declare en persona ante la Comisi\u00f3n $Libra, luego de su silencio frente al pedido de explicaciones sobre su presunto rol en la trama de la criptomoneda. Tambi\u00e9n podr\u00edan ser citados Karina Milei y varios empresarios vinculados al caso. La decisi\u00f3n marca un punto de inflexi\u00f3n&#8230;<\/p>\n","protected":false},"author":9,"featured_media":10130,"comment_status":"open","ping_status":"open","sticky":false,"template":"","format":"standard","meta":{"_monsterinsights_skip_tracking":false,"_monsterinsights_sitenote_active":false,"_monsterinsights_sitenote_note":"","_monsterinsights_sitenote_category":0,"footnotes":"","jetpack_publicize_message":"","jetpack_publicize_feature_enabled":true,"jetpack_social_post_already_shared":true,"jetpack_social_options":{"image_generator_settings":{"template":"highway","default_image_id":0,"font":"","enabled":false},"version":2}},"categories":[1956,2],"tags":[],"class_list":["post-10129","post","type-post","status-publish","format-standard","has-post-thumbnail","hentry","category-libra","category-politica"],"jetpack_publicize_connections":[],"_links":{"self":[{"href":"https:\/\/www.enorsai.com\/noticias\/wp-json\/wp\/v2\/posts\/10129","targetHints":{"allow":["GET"]}}],"collection":[{"href":"https:\/\/www.enorsai.com\/noticias\/wp-json\/wp\/v2\/posts"}],"about":[{"href":"https:\/\/www.enorsai.com\/noticias\/wp-json\/wp\/v2\/types\/post"}],"author":[{"embeddable":true,"href":"https:\/\/www.enorsai.com\/noticias\/wp-json\/wp\/v2\/users\/9"}],"replies":[{"embeddable":true,"href":"https:\/\/www.enorsai.com\/noticias\/wp-json\/wp\/v2\/comments?post=10129"}],"version-history":[{"count":1,"href":"https:\/\/www.enorsai.com\/noticias\/wp-json\/wp\/v2\/posts\/10129\/revisions"}],"predecessor-version":[{"id":10131,"href":"https:\/\/www.enorsai.com\/noticias\/wp-json\/wp\/v2\/posts\/10129\/revisions\/10131"}],"wp:featuredmedia":[{"embeddable":true,"href":"https:\/\/www.enorsai.com\/noticias\/wp-json\/wp\/v2\/media\/10130"}],"wp:attachment":[{"href":"https:\/\/www.enorsai.com\/noticias\/wp-json\/wp\/v2\/media?parent=10129"}],"wp:term":[{"taxonomy":"category","embeddable":true,"href":"https:\/\/www.enorsai.com\/noticias\/wp-json\/wp\/v2\/categories?post=10129"},{"taxonomy":"post_tag","embeddable":true,"href":"https:\/\/www.enorsai.com\/noticias\/wp-json\/wp\/v2\/tags?post=10129"}],"curies":[{"name":"wp","href":"https:\/\/api.w.org\/{rel}","templated":true}]}}