{"id":10117,"date":"2025-10-22T07:47:31","date_gmt":"2025-10-22T10:47:31","guid":{"rendered":"https:\/\/www.enorsai.com\/noticias\/?p=10117"},"modified":"2025-10-22T07:47:34","modified_gmt":"2025-10-22T10:47:34","slug":"milei-va-por-mas-se-viene-una-segunda-ley-bases-con-nuevas-embestidas-contra-derechos-laborales-y-jubilatorios","status":"publish","type":"post","link":"https:\/\/www.enorsai.com\/noticias\/politica\/milei-va-por-mas-se-viene-una-segunda-ley-bases-con-nuevas-embestidas-contra-derechos-laborales-y-jubilatorios\/","title":{"rendered":"Milei va por m\u00e1s: se viene una segunda Ley Bases con nuevas embestidas contra derechos laborales y jubilatorios"},"content":{"rendered":"\n<p>Alejandro Cacace, mano derecha de Federico Sturzenegger, confirm\u00f3 que el Gobierno trabaja en una nueva versi\u00f3n del proyecto que habilit\u00f3 privatizaciones, despidos y desregulaci\u00f3n econ\u00f3mica. La llamada \u201cLey Bases II\u201d incluir\u00e1 reformas laborales y previsionales que quedaron fuera del primer paquete. El oficialismo buscar\u00e1 aprobarla tras el recambio legislativo de diciembre.<\/p>\n\n\n\n<p>El Gobierno de Javier Milei prepara una segunda ofensiva legislativa para consolidar su programa de reformas estructurales. La nueva \u201cLey Bases II\u201d, confirmada por el secretario Alejandro Cacace, pretende reinstalar los cap\u00edtulos que el Congreso rechaz\u00f3 en la primera Ley Bases \u2014entre ellos, las reformas laboral, previsional y tributaria\u2014 y sumar otras medidas debatidas en el Consejo de Mayo. La iniciativa busca reforzar el ajuste fiscal, debilitar la intervenci\u00f3n estatal y avanzar sobre derechos sociales conquistados durante d\u00e9cadas.<\/p>\n\n\n\n<p>El laboratorio econ\u00f3mico del gobierno libertario no descansa. Con la primera Ley Bases a\u00fan generando secuelas en el tejido social, la Casa Rosada ya tiene lista una segunda embestida legislativa. Alejandro Cacace, segundo de Federico Sturzenegger en el Ministerio de Desregulaci\u00f3n y Transformaci\u00f3n del Estado, confirm\u00f3 que el Ejecutivo enviar\u00e1 una nueva versi\u00f3n del proyecto al Congreso. \u201cLo que qued\u00f3 afuera volver\u00e1 a ser discutido\u201d, adelant\u00f3 el funcionario, dejando en claro que Javier Milei no se conforma con haber impuesto un primer paquete de desregulaci\u00f3n que ya implic\u00f3 despidos masivos, privatizaciones encubiertas y el desmantelamiento de \u00e1reas clave del Estado.<\/p>\n\n\n\n<p>El plan oficial apunta a que la llamada <em>Ley Bases II<\/em> se trate despu\u00e9s del 15 de diciembre, una vez que se renueven las bancas legislativas. El c\u00e1lculo es pol\u00edtico: el Gobierno conf\u00eda en que el nuevo Congreso, con una mayor presencia de aliados provinciales y sectores conservadores, permitir\u00e1 aprobar sin grandes modificaciones las reformas que antes fueron rechazadas. La estrategia reproduce un m\u00e9todo ya ensayado por el oficialismo: insistir hasta lograr una victoria parlamentaria, aunque sea a costa del debate p\u00fablico o de la institucionalidad.<\/p>\n\n\n\n<p>La nueva Ley Bases incluir\u00e1 cap\u00edtulos que fueron suprimidos del texto original en 2024, cuando el Ejecutivo debi\u00f3 resignar buena parte de sus pretensiones para lograr la sanci\u00f3n. En esa oportunidad, el proyecto pas\u00f3 de m\u00e1s de 660 art\u00edculos a poco m\u00e1s de 230. Pero Milei nunca se dio por vencido: ahora quiere recuperar el terreno perdido, empujando nuevamente las reformas estructurales que su propio bloque no logr\u00f3 sostener el a\u00f1o pasado.<\/p>\n\n\n\n<p>Seg\u00fan la informaci\u00f3n confirmada por los principales medios nacionales, la Ley Bases II incorporar\u00e1 medidas de alto impacto econ\u00f3mico y social. En primer lugar, una <strong>reforma laboral<\/strong> que flexibilice condiciones de contrataci\u00f3n, elimine indemnizaciones obligatorias y habilite acuerdos individuales por sobre los convenios colectivos. En segundo t\u00e9rmino, una <strong>reforma previsional<\/strong> que eleve la edad jubilatoria, modifique los \u00edndices de actualizaci\u00f3n y habilite reg\u00edmenes privados de capitalizaci\u00f3n. Tambi\u00e9n se sumar\u00e1n cap\u00edtulos sobre <strong>reforma tributaria<\/strong>, <strong>educaci\u00f3n \u201cmoderna\u201d<\/strong> y un programa de reducci\u00f3n del gasto p\u00fablico hasta alcanzar metas de d\u00e9ficit cero. Todo bajo la l\u00f3gica del \u201csinceramiento econ\u00f3mico\u201d que el Gobierno repite como mantra.<\/p>\n\n\n\n<p>La Casa Rosada pretende adem\u00e1s incorporar una bater\u00eda de disposiciones que formaron parte del llamado <em>Consejo de Mayo<\/em>, un organismo que Sturzenegger present\u00f3 como espacio de \u201cconsenso nacional\u201d pero que en los hechos funcion\u00f3 como usina ideol\u00f3gica del plan de ajuste. All\u00ed se debatieron, entre otras cosas, la apertura comercial irrestricta, la reducci\u00f3n del rol estatal en la obra p\u00fablica, la \u201cinviolabilidad\u201d de la propiedad privada, la libre explotaci\u00f3n de los recursos naturales y la revisi\u00f3n de la coparticipaci\u00f3n federal. Todas medidas que, en conjunto, implican una <strong>profundizaci\u00f3n del modelo neoliberal<\/strong> iniciado en 2023 y que ya ha demostrado su impacto regresivo en la econom\u00eda real.<\/p>\n\n\n\n<p>El Gobierno presenta la Ley Bases II como una \u201ccontinuidad natural\u201d de la primera, pero su alcance va mucho m\u00e1s all\u00e1. La nueva versi\u00f3n busca <strong>institucionalizar el ajuste<\/strong> y blindar jur\u00eddicamente el programa econ\u00f3mico de Milei, asegurando que futuras gestiones no puedan revertir los cambios. Detr\u00e1s de ese objetivo se esconde la intenci\u00f3n de desarticular cualquier forma de resistencia sindical o social. No es casual que entre los ejes centrales aparezca nuevamente la flexibilizaci\u00f3n laboral, una demanda hist\u00f3rica del empresariado concentrado y los organismos financieros internacionales.<\/p>\n\n\n\n<p>Alejandro Cacace, principal vocero t\u00e9cnico del proyecto, defiende la iniciativa bajo el argumento de que \u201cla econom\u00eda argentina necesita reformas estructurales para crecer\u201d. Pero detr\u00e1s de ese eufemismo se esconde una realidad m\u00e1s cruda: crecimiento para unos pocos, precarizaci\u00f3n para la mayor\u00eda. Las experiencias previas de desregulaci\u00f3n en los a\u00f1os 90, que el propio Milei reivindica, demostraron que la supuesta \u201clibertad de mercado\u201d suele traducirse en ca\u00edda del salario real, concentraci\u00f3n de la riqueza y destrucci\u00f3n del entramado productivo nacional.<\/p>\n\n\n\n<p>En el plano pol\u00edtico, el env\u00edo del nuevo proyecto busca tambi\u00e9n <strong>reactivar la agenda parlamentaria<\/strong> de un gobierno desgastado, que necesita mostrar \u201cactividad\u201d tras una gesti\u00f3n marcada por el ajuste permanente y el estancamiento social. La apuesta de Milei es doble: disciplinar a los gobernadores mediante la promesa de recursos federales y condicionar a la oposici\u00f3n moderada, que teme quedar fuera del reparto si bloquea las reformas. La ecuaci\u00f3n no es nueva: presi\u00f3n econ\u00f3mica, chantaje fiscal y un discurso de \u201cmodernizaci\u00f3n\u201d que oculta la transferencia de poder hacia los grupos econ\u00f3micos.<\/p>\n\n\n\n<p>El contexto social, sin embargo, es cada vez m\u00e1s tenso. La aplicaci\u00f3n de la primera Ley Bases implic\u00f3 una ola de despidos en el sector p\u00fablico, el cierre de programas sociales y el congelamiento de la inversi\u00f3n educativa. Los sindicatos denuncian que las reformas que se vienen podr\u00edan empeorar dr\u00e1sticamente las condiciones de los trabajadores y poner en riesgo el sistema previsional. Mientras tanto, el Ejecutivo celebra la reducci\u00f3n del d\u00e9ficit, pero el costo se mide en desempleo, pobreza y desprotecci\u00f3n.<\/p>\n\n\n\n<p>Lo que est\u00e1 en juego con la Ley Bases II no es solo un nuevo paquete normativo, sino el modelo de pa\u00eds. La iniciativa consolida la idea de un Estado m\u00ednimo subordinado al mercado, donde la rentabilidad define la vida social. En lugar de fortalecer la producci\u00f3n y el trabajo, el gobierno de Milei redobla la apuesta por un capitalismo financiero de corto plazo. Y lo hace sin disimulo, presentando cada ajuste como \u201cuna batalla por la libertad\u201d.<\/p>\n\n\n\n<p>La paradoja es evidente: un gobierno que se autoproclama libertario impulsa un sistema que restringe derechos, concentra poder y subordina la pol\u00edtica a la l\u00f3gica empresarial. Al promover una segunda Ley Bases, Milei no busca \u201cprofundizar el cambio\u201d, sino consolidar un r\u00e9gimen econ\u00f3mico sin contrapesos democr\u00e1ticos. Es el intento de blindar institucionalmente un modelo excluyente, en el que el Estado solo interviene para garantizar negocios privados.<\/p>\n\n\n\n<p>En \u00faltima instancia, el debate sobre la Ley Bases II ser\u00e1 un term\u00f3metro del rumbo pol\u00edtico del pa\u00eds. Si el Congreso aprueba esta nueva ofensiva, se habr\u00e1 dado un paso m\u00e1s hacia la <strong>desnacionalizaci\u00f3n de la econom\u00eda<\/strong> y la p\u00e9rdida de soberan\u00eda regulatoria. Si la rechaza, el Gobierno quedar\u00e1 expuesto en su propio l\u00edmite: un programa econ\u00f3mico que, sin represi\u00f3n ni propaganda, dif\u00edcilmente podr\u00eda sostenerse. Lo que est\u00e1 en disputa es el futuro del trabajo, las jubilaciones y el rol del Estado en la vida cotidiana. Y aunque el oficialismo intenta venderlo como una \u201cmodernizaci\u00f3n\u201d, la historia argentina ense\u00f1a que detr\u00e1s de cada reforma de este tipo hay una factura social que siempre paga el mismo sector: los que menos tienen.<\/p>\n\n\n\n<hr class=\"wp-block-separator has-alpha-channel-opacity\"\/>\n\n\n\n<p><strong>Fuentes:<\/strong><br>P\u00e1gina 12 \u2013 \u201cNo le alcanz\u00f3 con una, el Gobierno va por la segunda Ley Bases\u201d<br><a href=\"https:\/\/www.pagina12.com.ar\/867645-no-le-alcanzo-con-una-el-gobierno-va-por-la-segunda-ley-base?utm_source=chatgpt.com\">https:\/\/www.pagina12.com.ar\/867645-no-le-alcanzo-con-una-el-gobierno-va-por-la-segunda-ley-base<\/a><\/p>\n\n\n\n<p>\u00c1mbito Financiero \u2013 \u201cEl Gobierno confirm\u00f3 que se encuentra trabajando en la Ley Bases II para enviar al Congreso\u201d<br><a href=\"https:\/\/www.ambito.com\/politica\/el-gobierno-confirmo-que-se-encuentra-trabajando-la-ley-bases-ii-enviar-al-congreso-n6204676?utm_source=chatgpt.com\">https:\/\/www.ambito.com\/politica\/el-gobierno-confirmo-que-se-encuentra-trabajando-la-ley-bases-ii-enviar-al-congreso-n6204676<\/a><\/p>\n\n\n\n<p>La Naci\u00f3n \u2013 \u201cEl Gobierno promete presentar una nueva Ley Bases y los proyectos del Pacto de Mayo despu\u00e9s de las elecciones\u201d<br><a href=\"https:\/\/www.lanacion.com.ar\/politica\/el-gobierno-promete-presentar-una-nueva-ley-bases-y-los-proyectos-del-pacto-de-mayo-despues-de-las-nid21102025?utm_source=chatgpt.com\">https:\/\/www.lanacion.com.ar\/politica\/el-gobierno-promete-presentar-una-nueva-ley-bases-y-los-proyectos-del-pacto-de-mayo-despues-de-las-nid21102025<\/a><\/p>\n\n\n\n<p>Tiempo Argentino \u2013 \u201cEl Ministerio de Sturzenegger avanza con la Ley Bases 2\u201d<br><a href=\"https:\/\/www.tiempoar.com.ar\/ta_article\/ministerio-sturzenegger-ley-bases-2?utm_source=chatgpt.com\">https:\/\/www.tiempoar.com.ar\/ta_article\/ministerio-sturzenegger-ley-bases-2<\/a><\/p>\n\n\n\n<p><\/p>\n","protected":false},"excerpt":{"rendered":"<p>Alejandro Cacace, mano derecha de Federico Sturzenegger, confirm\u00f3 que el Gobierno trabaja en una nueva versi\u00f3n del proyecto que habilit\u00f3 privatizaciones, despidos y desregulaci\u00f3n econ\u00f3mica. La llamada \u201cLey Bases II\u201d incluir\u00e1 reformas laborales y previsionales que quedaron fuera del primer paquete. El oficialismo buscar\u00e1 aprobarla tras el recambio legislativo de diciembre. El Gobierno de Javier&#8230;<\/p>\n","protected":false},"author":9,"featured_media":10118,"comment_status":"open","ping_status":"open","sticky":false,"template":"","format":"standard","meta":{"_monsterinsights_skip_tracking":false,"_monsterinsights_sitenote_active":false,"_monsterinsights_sitenote_note":"","_monsterinsights_sitenote_category":0,"footnotes":"","jetpack_publicize_message":"","jetpack_publicize_feature_enabled":true,"jetpack_social_post_already_shared":true,"jetpack_social_options":{"image_generator_settings":{"template":"highway","default_image_id":0,"font":"","enabled":false},"version":2}},"categories":[3951,2,4],"tags":[],"class_list":["post-10117","post","type-post","status-publish","format-standard","has-post-thumbnail","hentry","category-jubilados","category-politica","category-sociedad"],"jetpack_publicize_connections":[],"_links":{"self":[{"href":"https:\/\/www.enorsai.com\/noticias\/wp-json\/wp\/v2\/posts\/10117","targetHints":{"allow":["GET"]}}],"collection":[{"href":"https:\/\/www.enorsai.com\/noticias\/wp-json\/wp\/v2\/posts"}],"about":[{"href":"https:\/\/www.enorsai.com\/noticias\/wp-json\/wp\/v2\/types\/post"}],"author":[{"embeddable":true,"href":"https:\/\/www.enorsai.com\/noticias\/wp-json\/wp\/v2\/users\/9"}],"replies":[{"embeddable":true,"href":"https:\/\/www.enorsai.com\/noticias\/wp-json\/wp\/v2\/comments?post=10117"}],"version-history":[{"count":1,"href":"https:\/\/www.enorsai.com\/noticias\/wp-json\/wp\/v2\/posts\/10117\/revisions"}],"predecessor-version":[{"id":10119,"href":"https:\/\/www.enorsai.com\/noticias\/wp-json\/wp\/v2\/posts\/10117\/revisions\/10119"}],"wp:featuredmedia":[{"embeddable":true,"href":"https:\/\/www.enorsai.com\/noticias\/wp-json\/wp\/v2\/media\/10118"}],"wp:attachment":[{"href":"https:\/\/www.enorsai.com\/noticias\/wp-json\/wp\/v2\/media?parent=10117"}],"wp:term":[{"taxonomy":"category","embeddable":true,"href":"https:\/\/www.enorsai.com\/noticias\/wp-json\/wp\/v2\/categories?post=10117"},{"taxonomy":"post_tag","embeddable":true,"href":"https:\/\/www.enorsai.com\/noticias\/wp-json\/wp\/v2\/tags?post=10117"}],"curies":[{"name":"wp","href":"https:\/\/api.w.org\/{rel}","templated":true}]}}