{"id":10103,"date":"2025-10-21T21:08:22","date_gmt":"2025-10-22T00:08:22","guid":{"rendered":"https:\/\/www.enorsai.com\/noticias\/?p=10103"},"modified":"2025-10-21T21:17:34","modified_gmt":"2025-10-22T00:17:34","slug":"radiografia-de-una-guerra-silenciosa-en-la-justicia-cordobesa","status":"publish","type":"post","link":"https:\/\/www.enorsai.com\/noticias\/politica\/radiografia-de-una-guerra-silenciosa-en-la-justicia-cordobesa\/","title":{"rendered":"Radiograf\u00eda de una guerra silenciosa en la Justicia cordobesa"},"content":{"rendered":"\n<p>La Justicia cordobesa atraviesa un conflicto que mezcla pol\u00edtica, intereses econ\u00f3micos y denuncias cruzadas. Lo que comenz\u00f3 como una discusi\u00f3n t\u00e9cnica sobre el uso de la figura de asociaci\u00f3n il\u00edcita termin\u00f3 derivando en una interna feroz en el Ministerio P\u00fablico Fiscal (MPF), con el fiscal general Juan Manuel Delgado en el centro de la tormenta.<\/p>\n\n\n\n<p><br>El episodio p\u00fablico que encendi\u00f3 la chispa fue la disertaci\u00f3n del fiscal adjunto Alejandro P\u00e9rez Moreno, quien calific\u00f3 de \u201cabsurdo\u201d aplicar el agravante de asociaci\u00f3n il\u00edcita a delitos menores, como robos cometidos por motochorros. Sus palabras desataron una reacci\u00f3n inmediata de los fiscales Enrique Gavier y Juan Pablo Klinger, que lo denunciaron por intromisi\u00f3n ante el Tribunal de \u00c9tica. Detr\u00e1s de ese enfrentamiento, sin embargo, se esconde una guerra m\u00e1s profunda por el control del aparato judicial cordob\u00e9s.<\/p>\n\n\n\n<p><br>Delgado respald\u00f3 p\u00fablicamente a los denunciantes y marc\u00f3 distancia de su adjunto. Su intervenci\u00f3n en aquel momento reaviv\u00f3 la tensi\u00f3n entre las facciones internas del peronismo y volvi\u00f3 a poner en debate la sucesi\u00f3n dentro del MPF: Delgado dejar\u00e1 su cargo en marzo de 2026 y P\u00e9rez Moreno, con mandato indefinido, aparece como el principal candidato para sucederlo.<br>Pero mientras la pelea institucional ganaba espacio medi\u00e1tico, salieron a la luz viejas denuncias contra Delgado. En marzo pasado, el abogado Facundo Garade Panetta present\u00f3 un escrito que hoy retumba en los tribunales: lo acusa de mal desempe\u00f1o, violencia institucional y tr\u00e1fico de influencias, solicitando su juicio pol\u00edtico ante la Legislatura provincial.<\/p>\n\n\n\n<p><br>El documento describe maniobras que habr\u00edan tenido como objetivo intervenir, a trav\u00e9s de sus socios en el estudio, de p\u00fablico conocimiento, y abogados allegados, en la causa civil \u201cGonz\u00e1lez Luis Tom\u00e1s c\/ TVF S.A.\u201d. Seg\u00fan la denuncia, Delgado habr\u00eda intentado beneficiar a una de las partes involucradas, en perjuicio directo de la familia Garade Panetta. Tambi\u00e9n se lo se\u00f1ala por el uso del poder institucional para \u201camedrentar, difamar y condicionar\u201d a funcionarios judiciales y periodistas cr\u00edticos.<br>En paralelo, el entorno del fiscal general qued\u00f3 bajo la lupa por v\u00ednculos personales con casos sensibles: en 2024, dos hermanos de su secretaria privada fueron detenidos por integrar una red policial que robaba droga incautada. Si bien Delgado no fue implicado directamente, el episodio reaviv\u00f3 las sospechas sobre la permeabilidad de su entorno y la falta de controles internos en el MPF.<\/p>\n\n\n\n<p><br>El Tribunal de \u00c9tica contin\u00faa analizando la conducta de P\u00e9rez Moreno, pero puertas adentro la tensi\u00f3n se siente en cada oficina de Tribunales II. La disputa excede los l\u00edmites de lo jur\u00eddico: enfrenta a dos proyectos pol\u00edticos dentro del peronismo, dos estilos de liderazgo y dos visiones del poder judicial.<\/p>\n\n\n\n<p><br>Hoy, C\u00f3rdoba asiste a una guerra que trasciende los nombres propios. Lo que est\u00e1 en juego no es s\u00f3lo la conducci\u00f3n del Ministerio P\u00fablico Fiscal, sino la independencia misma de una Justicia que parece cada vez m\u00e1s atrapada entre lealtades pol\u00edticas, relaciones personales y silencios estrat\u00e9gicos.<\/p>\n\n\n\n<p><\/p>\n","protected":false},"excerpt":{"rendered":"<p>La Justicia cordobesa atraviesa un conflicto que mezcla pol\u00edtica, intereses econ\u00f3micos y denuncias cruzadas. Lo que comenz\u00f3 como una discusi\u00f3n t\u00e9cnica sobre el uso de la figura de asociaci\u00f3n il\u00edcita termin\u00f3 derivando en una interna feroz en el Ministerio P\u00fablico Fiscal (MPF), con el fiscal general Juan Manuel Delgado en el centro de la tormenta&#8230;.<\/p>\n","protected":false},"author":5,"featured_media":10104,"comment_status":"open","ping_status":"open","sticky":false,"template":"","format":"standard","meta":{"_monsterinsights_skip_tracking":false,"_monsterinsights_sitenote_active":false,"_monsterinsights_sitenote_note":"","_monsterinsights_sitenote_category":0,"footnotes":"","jetpack_publicize_message":"","jetpack_publicize_feature_enabled":true,"jetpack_social_post_already_shared":true,"jetpack_social_options":{"image_generator_settings":{"template":"highway","default_image_id":0,"font":"","enabled":false},"version":2}},"categories":[3950,2],"tags":[],"class_list":["post-10103","post","type-post","status-publish","format-standard","has-post-thumbnail","hentry","category-justicia","category-politica"],"jetpack_publicize_connections":[],"_links":{"self":[{"href":"https:\/\/www.enorsai.com\/noticias\/wp-json\/wp\/v2\/posts\/10103","targetHints":{"allow":["GET"]}}],"collection":[{"href":"https:\/\/www.enorsai.com\/noticias\/wp-json\/wp\/v2\/posts"}],"about":[{"href":"https:\/\/www.enorsai.com\/noticias\/wp-json\/wp\/v2\/types\/post"}],"author":[{"embeddable":true,"href":"https:\/\/www.enorsai.com\/noticias\/wp-json\/wp\/v2\/users\/5"}],"replies":[{"embeddable":true,"href":"https:\/\/www.enorsai.com\/noticias\/wp-json\/wp\/v2\/comments?post=10103"}],"version-history":[{"count":1,"href":"https:\/\/www.enorsai.com\/noticias\/wp-json\/wp\/v2\/posts\/10103\/revisions"}],"predecessor-version":[{"id":10105,"href":"https:\/\/www.enorsai.com\/noticias\/wp-json\/wp\/v2\/posts\/10103\/revisions\/10105"}],"wp:featuredmedia":[{"embeddable":true,"href":"https:\/\/www.enorsai.com\/noticias\/wp-json\/wp\/v2\/media\/10104"}],"wp:attachment":[{"href":"https:\/\/www.enorsai.com\/noticias\/wp-json\/wp\/v2\/media?parent=10103"}],"wp:term":[{"taxonomy":"category","embeddable":true,"href":"https:\/\/www.enorsai.com\/noticias\/wp-json\/wp\/v2\/categories?post=10103"},{"taxonomy":"post_tag","embeddable":true,"href":"https:\/\/www.enorsai.com\/noticias\/wp-json\/wp\/v2\/tags?post=10103"}],"curies":[{"name":"wp","href":"https:\/\/api.w.org\/{rel}","templated":true}]}}