{"id":10098,"date":"2025-10-21T17:54:48","date_gmt":"2025-10-21T20:54:48","guid":{"rendered":"https:\/\/www.enorsai.com\/noticias\/?p=10098"},"modified":"2025-10-21T18:04:42","modified_gmt":"2025-10-21T21:04:42","slug":"el-libertario-martin-menem-tuvo-que-salir-corriendo-en-la-rioja","status":"publish","type":"post","link":"https:\/\/www.enorsai.com\/noticias\/politica\/el-libertario-martin-menem-tuvo-que-salir-corriendo-en-la-rioja\/","title":{"rendered":"\u00a1El libertario Mart\u00edn Menem tuvo que salir corriendo en La Rioja!"},"content":{"rendered":"\n<p>El presidente de la C\u00e1mara de Diputados y dirigente libertario Mart\u00edn Menem vivi\u00f3 un inc\u00f3modo momento en su provincia natal, La Rioja, cuando un grupo de vecinos lo increp\u00f3 en plena v\u00eda p\u00fablica y lo oblig\u00f3 a retirarse apurado, entre gritos y reproches. El episodio, registrado en video, r\u00e1pidamente se viraliz\u00f3 en redes sociales y volvi\u00f3 a poner en evidencia el creciente malestar social hacia los representantes del gobierno de Javier Milei.<br><br>El hecho ocurri\u00f3 el lunes por la tarde en la Plaza 25 de Mayo, en pleno centro riojano. Menem se encontraba participando de una actividad pol\u00edtica cuando un vecino le grit\u00f3: \u201c\u00bfD\u00f3nde est\u00e1 el tres por ciento? \u00a1Chorro, cara dura, te hac\u00e9s el guapo pelotudo!\u201d. El libertario, visiblemente molesto, respondi\u00f3 desafiante: \u201c\u00bfQu\u00e9 dijiste? Ven\u00ed dec\u00edmelo en la cara\u201d. En cuesti\u00f3n de segundos, el hombre se acerc\u00f3 decidido, mientras otros presentes comenzaron a filmar. Al ver que el clima se tensaba, Menem retrocedi\u00f3 y termin\u00f3 alej\u00e1ndose del lugar entre gritos y abucheos. \u201cSe hizo el canchero y tuvo que salir corriendo para que no lo fajen\u201d, se escucha decir a uno de los testigos en el video que circula en redes.<br><br>El escrache, espont\u00e1neo y sin violencia f\u00edsica, reflej\u00f3 el creciente descontento que tambi\u00e9n se percibe en otras provincias hacia los dirigentes de La Libertad Avanza. En el caso de Menem, la bronca parece concentrarse en la sospecha de manejos poco claros con fondos p\u00fablicos, expresada en el reclamo repetido de \u201c\u00bfD\u00f3nde est\u00e1 el tres por ciento?\u201d en clara referencia a Karina Milei.<\/p>\n\n\n\n<figure class=\"wp-block-embed is-type-rich is-provider-twitter wp-block-embed-twitter\"><div class=\"wp-block-embed__wrapper\">\n<blockquote class=\"twitter-tweet\" data-width=\"550\" data-dnt=\"true\"><p lang=\"es\" dir=\"ltr\">-Martin Menem donde est\u00e1 el 3%? Chorro cara dura, te haces el guapo pelotudo<br>+Que dijiste? Veni decimelo en la cara <br>-*se para para dec\u00edrselo en la cara*<br>+*se va corriendo*<br><br>Martin Menem se hizo el canchero en La Rioja y tuvo que irse corriendo para q no lo fajen, sigan as\u00ed eh <a href=\"https:\/\/t.co\/D2UDOGblJa\">pic.twitter.com\/D2UDOGblJa<\/a><\/p>&mdash; TUGO News (@TugoNews) <a href=\"https:\/\/twitter.com\/TugoNews\/status\/1980709002678845470?ref_src=twsrc%5Etfw\">October 21, 2025<\/a><\/blockquote><script async src=\"https:\/\/platform.twitter.com\/widgets.js\" charset=\"utf-8\"><\/script>\n<\/div><\/figure>\n\n\n\n<p><br><br>Mart\u00edn Menem es sobrino del expresidente Carlos Menem e hijo del exsenador Eduardo Menem. Lleg\u00f3 a la presidencia de la C\u00e1mara de Diputados impulsado por Javier Milei y representa uno de los v\u00ednculos m\u00e1s directos entre la vieja estructura pol\u00edtica riojana y el actual oficialismo libertario. Su ascenso, marcado por un discurso de austeridad y moralizaci\u00f3n del gasto p\u00fablico, contrasta con los esc\u00e1ndalos que salpican al gobierno nacional por negocios con criptomonedas, contrataciones irregulares y denuncias de enriquecimiento il\u00edcito.<br><br>La secuencia del escrache \u2014difundida por medios locales y portales nacionales\u2014 muestra a Menem intentando sostener su imagen de \u201cduro\u201d, pero acorralado por la bronca popular. A diferencia de otros tiempos, el apellido Menem ya no genera respeto ni admiraci\u00f3n en La Rioja, sino desconfianza y malestar. Lo que antes fue sin\u00f3nimo de poder ahora se asocia con los privilegios de una casta que el propio Milei prometi\u00f3 combatir y que hoy gobierna el pa\u00eds.<br><br>El incidente no s\u00f3lo pone en evidencia la p\u00e9rdida de respaldo del oficialismo en su propio territorio, sino tambi\u00e9n el desgaste acelerado de la narrativa libertaria. Los que antes gritaban \u201c\u00a1Viva la libertad, carajo!\u201d hoy le exigen a sus dirigentes que rindan cuentas. Y en ese espejo de desilusi\u00f3n, Mart\u00edn Menem encarna la contradicci\u00f3n m\u00e1s visible: el pol\u00edtico que se dice distinto, pero corre igual que los de siempre cuando la calle le pide explicaciones.<\/p>\n","protected":false},"excerpt":{"rendered":"<p>El presidente de la C\u00e1mara de Diputados y dirigente libertario Mart\u00edn Menem vivi\u00f3 un inc\u00f3modo momento en su provincia natal, La Rioja, cuando un grupo de vecinos lo increp\u00f3 en plena v\u00eda p\u00fablica y lo oblig\u00f3 a retirarse apurado, entre gritos y reproches. El episodio, registrado en video, r\u00e1pidamente se viraliz\u00f3 en redes sociales y&#8230;<\/p>\n","protected":false},"author":13,"featured_media":10099,"comment_status":"open","ping_status":"open","sticky":false,"template":"","format":"standard","meta":{"_monsterinsights_skip_tracking":false,"_monsterinsights_sitenote_active":false,"_monsterinsights_sitenote_note":"","_monsterinsights_sitenote_category":0,"footnotes":"","jetpack_publicize_message":"","jetpack_publicize_feature_enabled":true,"jetpack_social_post_already_shared":true,"jetpack_social_options":{"image_generator_settings":{"template":"highway","default_image_id":0,"font":"","enabled":false},"version":2}},"categories":[3949,2],"tags":[],"class_list":["post-10098","post","type-post","status-publish","format-standard","has-post-thumbnail","hentry","category-elecciones","category-politica"],"jetpack_publicize_connections":[],"_links":{"self":[{"href":"https:\/\/www.enorsai.com\/noticias\/wp-json\/wp\/v2\/posts\/10098","targetHints":{"allow":["GET"]}}],"collection":[{"href":"https:\/\/www.enorsai.com\/noticias\/wp-json\/wp\/v2\/posts"}],"about":[{"href":"https:\/\/www.enorsai.com\/noticias\/wp-json\/wp\/v2\/types\/post"}],"author":[{"embeddable":true,"href":"https:\/\/www.enorsai.com\/noticias\/wp-json\/wp\/v2\/users\/13"}],"replies":[{"embeddable":true,"href":"https:\/\/www.enorsai.com\/noticias\/wp-json\/wp\/v2\/comments?post=10098"}],"version-history":[{"count":1,"href":"https:\/\/www.enorsai.com\/noticias\/wp-json\/wp\/v2\/posts\/10098\/revisions"}],"predecessor-version":[{"id":10100,"href":"https:\/\/www.enorsai.com\/noticias\/wp-json\/wp\/v2\/posts\/10098\/revisions\/10100"}],"wp:featuredmedia":[{"embeddable":true,"href":"https:\/\/www.enorsai.com\/noticias\/wp-json\/wp\/v2\/media\/10099"}],"wp:attachment":[{"href":"https:\/\/www.enorsai.com\/noticias\/wp-json\/wp\/v2\/media?parent=10098"}],"wp:term":[{"taxonomy":"category","embeddable":true,"href":"https:\/\/www.enorsai.com\/noticias\/wp-json\/wp\/v2\/categories?post=10098"},{"taxonomy":"post_tag","embeddable":true,"href":"https:\/\/www.enorsai.com\/noticias\/wp-json\/wp\/v2\/tags?post=10098"}],"curies":[{"name":"wp","href":"https:\/\/api.w.org\/{rel}","templated":true}]}}