{"id":10097,"date":"2025-10-21T17:08:24","date_gmt":"2025-10-21T20:08:24","guid":{"rendered":"https:\/\/www.enorsai.com\/noticias\/politica\/milei-reinstala-el-modelo-energetico-de-los-90-y-deja-el-precio-de-la-luz-en-manos-del-mercado\/"},"modified":"2025-10-21T17:08:24","modified_gmt":"2025-10-21T20:08:24","slug":"milei-reinstala-el-modelo-energetico-de-los-90-y-deja-el-precio-de-la-luz-en-manos-del-mercado","status":"publish","type":"post","link":"https:\/\/www.enorsai.com\/noticias\/politica\/milei-reinstala-el-modelo-energetico-de-los-90-y-deja-el-precio-de-la-luz-en-manos-del-mercado\/","title":{"rendered":"Milei reinstala el modelo energ\u00e9tico de los 90 y deja el precio de la luz en manos del mercado"},"content":{"rendered":"\n<p>El gobierno de Javier Milei decidi\u00f3 desregular el mercado el\u00e9ctrico argentino y volver al esquema de los a\u00f1os noventa. A partir del 1\u00b0 de noviembre, el Mercado El\u00e9ctrico Mayorista (MEM) comenzar\u00e1 a regirse por las reglas de la oferta y la demanda: los precios de la energ\u00eda ya no ser\u00e1n definidos por el Estado, que quedar\u00e1 relegado a un papel de mero regulador. Bajo el argumento de \u201crestablecer la competencia\u201d, la Secretar\u00eda de Energ\u00eda present\u00f3 la medida como una \u201cnormalizaci\u00f3n\u201d del sistema, en la que los generadores, distribuidores y grandes usuarios podr\u00e1n negociar libremente los precios. En paralelo, se avanzar\u00e1 en la descentralizaci\u00f3n de la compra de combustibles, y CAMMESA \u2014la Compa\u00f1\u00eda Administradora del Mercado Mayorista El\u00e9ctrico\u2014 dejar\u00e1 de concentrar esas operaciones, aunque conservar\u00e1 las funciones de despacho y administraci\u00f3n del mercado.<br><br>La justificaci\u00f3n oficial repite un viejo guion: durante las \u00faltimas dos d\u00e9cadas \u2014afirman\u2014 la fijaci\u00f3n administrativa de precios y los subsidios distorsionaron las se\u00f1ales econ\u00f3micas, desincentivaron la inversi\u00f3n y generaron dependencia del gasto p\u00fablico. En consecuencia, aseguran que \u201cla normalizaci\u00f3n del MEM revierte ese proceso, restableciendo el principio de marginalismo como base del funcionamiento del sistema\u201d. La medida fue celebrada por las corporaciones energ\u00e9ticas y presentada como una \u201cmodernizaci\u00f3n\u201d que traer\u00e1 eficiencia y competitividad. Sin embargo, detr\u00e1s del relato de la libertad econ\u00f3mica se esconde la reactivaci\u00f3n de un modelo que ya fracas\u00f3.<br><br>El regreso al esquema de los noventa implica, en los hechos, liberar las tarifas a un mercado dominado por un pu\u00f1ado de grandes jugadores. Aquella experiencia dej\u00f3 un recuerdo amargo: concentraci\u00f3n, desinversi\u00f3n, cortes masivos y una infraestructura energ\u00e9tica debilitada que termin\u00f3 colapsando con la crisis del 2001. Hoy el contexto no podr\u00eda ser m\u00e1s adverso. Con salarios pulverizados por la inflaci\u00f3n, un \u00edndice de pobreza superior al 55 % y una recesi\u00f3n que destruye el empleo formal, trasladar los costos del mercado al usuario com\u00fan equivale a empujarlo a la oscuridad literal. La supuesta \u201clibre competencia\u201d ser\u00e1, como entonces, un negocio para pocos y una condena para millones de hogares.<br><br>Las palabras del gobierno sobre la \u201cracionalidad econ\u00f3mica\u201d omiten que la electricidad no es una mercanc\u00eda cualquiera: es un bien esencial que garantiza la vida cotidiana, la producci\u00f3n industrial, el funcionamiento de hospitales y escuelas. En manos del mercado, su acceso deja de ser un derecho para convertirse en un privilegio. Nada garantiza que los usuarios residenciales o las pymes puedan soportar los aumentos que vendr\u00e1n. Tampoco hay una estrategia clara para sostener la inversi\u00f3n en redes, transporte y generaci\u00f3n, ni un plan de transici\u00f3n que amortig\u00fce el golpe tarifario.<br><br>El Estado, lejos de \u201ccorregir distorsiones\u201d, abdica de su responsabilidad. El dogma de Milei vuelve a chocar con la realidad: donde el gobierno ve competencia, se vislumbra concentraci\u00f3n; donde promete eficiencia, se avizora especulaci\u00f3n. La desregulaci\u00f3n no democratiza el mercado el\u00e9ctrico: lo privatiza. Y lo hace en el peor momento, cuando el pa\u00eds sufre una crisis social y econ\u00f3mica sin precedentes.<br><br>La historia reciente demuestra que la \u201clibertad de mercado\u201d en el sector energ\u00e9tico argentino termin\u00f3 en tarifas impagables, cortes generalizados y ausencia total de control p\u00fablico. Volver a ese modelo no es una modernizaci\u00f3n: es un retroceso. La electricidad, como la salud y la educaci\u00f3n, necesita planificaci\u00f3n estatal, inversi\u00f3n sostenida y equidad en el acceso. No una competencia salvaje en la que ganan los mismos de siempre y pierden los de abajo.<br><br>Fuentes:<br><br>Infobae: \u201cEl Gobierno avanza en la normalizaci\u00f3n del mercado el\u00e9ctrico y CAMMESA pierde funciones\u201d \u2014 https:\/\/www.infobae.com\/economia\/2025\/10\/21\/el-gobierno-avanza-en-la-normalizacion-del-mercado-electrico-y-cammesa-pierde-funciones\/<br><br>Clar\u00edn: \u201cDesregulan el mercado el\u00e9ctrico para volver al sistema de los 90\u201d \u2014 https:\/\/clar.in\/4hogMFh<br><br>MDZ Online: \u201cElectricidad: los grandes usuarios podr\u00e1n elegir proveedor y pactar precios\u201d \u2014 https:\/\/www.mdzol.com\/dinero\/electricidad-los-grandes-usuarios-podran-elegir-proveedor-y-pactar-precios-n1366294<br><br>Bolet\u00edn Oficial: \u201cResoluci\u00f3n Secretar\u00eda de Energ\u00eda sobre el Mercado El\u00e9ctrico Mayorista\u201d \u2014 https:\/\/www.boletinoficial.gob.ar\/detalleAviso\/primera\/333149\/20251021<br><br>Argentina.gob.ar: \u201cEnerg\u00eda avanza con la normalizaci\u00f3n del mercado el\u00e9ctrico y promueve mayor competencia\u201d \u2014 https:\/\/www.argentina.gob.ar\/noticias\/energia-avanza-con-la-normalizacion-del-mercado-electrico-y-promueve-mayor-competencia<\/p>\n","protected":false},"excerpt":{"rendered":"<p>El gobierno de Javier Milei decidi\u00f3 desregular el mercado el\u00e9ctrico argentino y volver al esquema de los a\u00f1os noventa. A partir del 1\u00b0 de noviembre, el Mercado El\u00e9ctrico Mayorista (MEM) comenzar\u00e1 a regirse por las reglas de la oferta y la demanda: los precios de la energ\u00eda ya no ser\u00e1n definidos por el Estado, que&#8230;<\/p>\n","protected":false},"author":3,"featured_media":10096,"comment_status":"open","ping_status":"open","sticky":false,"template":"","format":"standard","meta":{"_monsterinsights_skip_tracking":false,"_monsterinsights_sitenote_active":false,"_monsterinsights_sitenote_note":"","_monsterinsights_sitenote_category":0,"footnotes":"","jetpack_publicize_message":"","jetpack_publicize_feature_enabled":true,"jetpack_social_post_already_shared":true,"jetpack_social_options":{"image_generator_settings":{"template":"highway","default_image_id":0,"font":"","enabled":false},"version":2}},"categories":[3,2],"tags":[],"class_list":["post-10097","post","type-post","status-publish","format-standard","has-post-thumbnail","hentry","category-economia","category-politica"],"jetpack_publicize_connections":[],"_links":{"self":[{"href":"https:\/\/www.enorsai.com\/noticias\/wp-json\/wp\/v2\/posts\/10097","targetHints":{"allow":["GET"]}}],"collection":[{"href":"https:\/\/www.enorsai.com\/noticias\/wp-json\/wp\/v2\/posts"}],"about":[{"href":"https:\/\/www.enorsai.com\/noticias\/wp-json\/wp\/v2\/types\/post"}],"author":[{"embeddable":true,"href":"https:\/\/www.enorsai.com\/noticias\/wp-json\/wp\/v2\/users\/3"}],"replies":[{"embeddable":true,"href":"https:\/\/www.enorsai.com\/noticias\/wp-json\/wp\/v2\/comments?post=10097"}],"version-history":[{"count":0,"href":"https:\/\/www.enorsai.com\/noticias\/wp-json\/wp\/v2\/posts\/10097\/revisions"}],"wp:featuredmedia":[{"embeddable":true,"href":"https:\/\/www.enorsai.com\/noticias\/wp-json\/wp\/v2\/media\/10096"}],"wp:attachment":[{"href":"https:\/\/www.enorsai.com\/noticias\/wp-json\/wp\/v2\/media?parent=10097"}],"wp:term":[{"taxonomy":"category","embeddable":true,"href":"https:\/\/www.enorsai.com\/noticias\/wp-json\/wp\/v2\/categories?post=10097"},{"taxonomy":"post_tag","embeddable":true,"href":"https:\/\/www.enorsai.com\/noticias\/wp-json\/wp\/v2\/tags?post=10097"}],"curies":[{"name":"wp","href":"https:\/\/api.w.org\/{rel}","templated":true}]}}