{"id":10090,"date":"2025-10-21T16:24:18","date_gmt":"2025-10-21T19:24:18","guid":{"rendered":"https:\/\/www.enorsai.com\/noticias\/?p=10090"},"modified":"2025-10-21T16:47:05","modified_gmt":"2025-10-21T19:47:05","slug":"patricia-bullrich-fue-increpada-en-un-aeropuerto-la-vamos-a-recordar-siempre-como-la-asesina-de-santiago-maldonado","status":"publish","type":"post","link":"https:\/\/www.enorsai.com\/noticias\/politica\/patricia-bullrich-fue-increpada-en-un-aeropuerto-la-vamos-a-recordar-siempre-como-la-asesina-de-santiago-maldonado\/","title":{"rendered":"Patricia Bullrich fue increpada en una confiter\u00eda: \u201cLa vamos a recordar siempre como la asesina de Santiago Maldonado\u201d"},"content":{"rendered":"\n<p>En las \u00faltimas horas se viraliz\u00f3 un video en redes sociales donde una mujer increpa a la ministra de Seguridad y candidata a senadora por La Libertad Avanza, Patricia Bullrich, record\u00e1ndole la muerte del joven artesano Santiago Maldonado, desaparecido en 2017 durante un operativo de la Gendarmer\u00eda Nacional que ella misma comandaba. El breve video, difundido en plataformas como Instagram y X, muestra a Bullrich sac\u00e1ndose fotos con simpatizantes en una confiter\u00eda, mientras una mujer le dice con voz firme: \u201cLa vamos a recordar siempre como la asesina de Santiago Maldonado.\u201d La escena es corta, sin gritos ni insultos, pero cargada de memoria.<br><br>En las im\u00e1genes,Bullrich, al escuchar el reclamo, se detiene apenas un instante, gira la cabeza y responde con visible incomodidad. Intenta defenderse diciendo \u201cse ahog\u00f3\u201d, en un tono cortante, casi entre dientes. Su voz suena tensa y el gesto corporal la delata: eleva ligeramente la mano en se\u00f1al de negaci\u00f3n, desv\u00eda la mirada y acelera el paso para alejarse del lugar. No hay gritos de su parte, pero s\u00ed una actitud defensiva y nerviosa, con una mueca r\u00edgida, mezcla de enojo y sorpresa. Mientras tanto, se escucha de fondo un peque\u00f1o grupo de personas que aplaude a la mujer que la increp\u00f3, sin insultos ni violencia.<br><br>Hasta el momento no se pudo confirmar el lugar exacto ni la fecha precisa del episodio, aunque diversas publicaciones en redes sostienen que ocurri\u00f3 en un aeropuerto. Tampoco existen registros de medios acreditados que documenten el suceso de manera independiente. Lo cierto es que el video alcanz\u00f3 amplia circulaci\u00f3n y reaviv\u00f3 el debate sobre la responsabilidad pol\u00edtica de Bullrich en uno de los casos m\u00e1s sensibles de la democracia reciente.<\/p>\n\n\n\n<figure class=\"wp-block-embed is-type-rich is-provider-twitter wp-block-embed-twitter\"><div class=\"wp-block-embed__wrapper\">\n<blockquote class=\"twitter-tweet\" data-width=\"550\" data-dnt=\"true\"><p lang=\"es\" dir=\"ltr\">Hermoso escrache se comi\u00f3 ac\u00e1 Bullrich. Sin insultos, sin gritos, sin violencia y con mucha memoria. Aplausos para esta mujer. <a href=\"https:\/\/t.co\/91qNDgM50A\">pic.twitter.com\/91qNDgM50A<\/a><\/p>&mdash; Todo Negativo (@TodoNegativo) <a href=\"https:\/\/twitter.com\/TodoNegativo\/status\/1980686551869976966?ref_src=twsrc%5Etfw\">October 21, 2025<\/a><\/blockquote><script async src=\"https:\/\/platform.twitter.com\/widgets.js\" charset=\"utf-8\"><\/script>\n<\/div><\/figure>\n\n\n\n<p><br \/><br \/>El hecho, aunque breve, vuelve a colocar en primer plano una herida abierta en la sociedad argentina: la desaparici\u00f3n y muerte de Santiago Maldonado, ocurrida el 1 de agosto de 2017, cuando la Gendarmer\u00eda Nacional ingres\u00f3 al territorio mapuche Pu Lof en Resistencia, Cushamen (Chubut), en medio de un operativo ordenado por el Ministerio de Seguridad que encabezaba Bullrich. El cuerpo de Maldonado fue hallado 77 d\u00edas despu\u00e9s en el r\u00edo Chubut. La autopsia determin\u00f3 que muri\u00f3 por \u201casfixia por sumersi\u00f3n\u201d, pero su familia sostiene desde entonces que fue una desaparici\u00f3n forzada seguida de muerte. Bullrich, en cambio, defendi\u00f3 siempre el accionar de la fuerza y neg\u00f3 la responsabilidad estatal. \u201cNo voy a tirar un gendarme por la ventana\u201d, lleg\u00f3 a declarar en una entrevista de 2017.<br \/><br \/>A\u00f1os despu\u00e9s, en 2021, la dirigente de PRO protagoniz\u00f3 otro momento pol\u00e9mico: grab\u00f3 un video en el lugar donde fue encontrado el cuerpo del joven, afirmando que \u201cla verdad venci\u00f3 al relato\u201d. Aquella provocaci\u00f3n fue duramente repudiada por organismos de derechos humanos y la familia Maldonado. El escrache actual, aunque de momento no haya sido documentado por los grandes medios, resuena con fuerza simb\u00f3lica. Es la memoria social la que interpela a Bullrich en un espacio p\u00fablico, lejos de los estudios de televisi\u00f3n y los discursos preparados. El gesto de una ciudadana com\u00fan, sin violencia ni pancartas, parece recordarle a la ministra algo que no se borra con el tiempo: la muerte de un joven en un operativo bajo su mando.<br \/><br \/>M\u00e1s all\u00e1 de la falta de confirmaciones sobre el lugar exacto del episodio, el video y su repercusi\u00f3n muestran c\u00f3mo la figura de Patricia Bullrich sigue ligada indisolublemente al caso Maldonado. Y, aunque la Justicia haya cerrado la causa principal, la sociedad no ha cerrado el duelo. La imagen de la ministra, inc\u00f3moda, intentando justificar con un \u201cse ahog\u00f3\u201d, condensa la distancia entre la versi\u00f3n oficial y la memoria colectiva. Porque a veces, como demuestra este escrache sereno, la justicia tarda, pero la memoria no olvida.<\/p>\n","protected":false},"excerpt":{"rendered":"<p>En las \u00faltimas horas se viraliz\u00f3 un video en redes sociales donde una mujer increpa a la ministra de Seguridad y candidata a senadora por La Libertad Avanza, Patricia Bullrich, record\u00e1ndole la muerte del joven artesano Santiago Maldonado, desaparecido en 2017 durante un operativo de la Gendarmer\u00eda Nacional que ella misma comandaba. El breve video,&#8230;<\/p>\n","protected":false},"author":1,"featured_media":10092,"comment_status":"open","ping_status":"open","sticky":false,"template":"","format":"standard","meta":{"_monsterinsights_skip_tracking":false,"_monsterinsights_sitenote_active":false,"_monsterinsights_sitenote_note":"","_monsterinsights_sitenote_category":0,"footnotes":"","jetpack_publicize_message":"","jetpack_publicize_feature_enabled":true,"jetpack_social_post_already_shared":true,"jetpack_social_options":{"image_generator_settings":{"template":"highway","default_image_id":0,"font":"","enabled":false},"version":2}},"categories":[3949,2],"tags":[],"class_list":["post-10090","post","type-post","status-publish","format-standard","has-post-thumbnail","hentry","category-elecciones","category-politica"],"jetpack_publicize_connections":[],"_links":{"self":[{"href":"https:\/\/www.enorsai.com\/noticias\/wp-json\/wp\/v2\/posts\/10090","targetHints":{"allow":["GET"]}}],"collection":[{"href":"https:\/\/www.enorsai.com\/noticias\/wp-json\/wp\/v2\/posts"}],"about":[{"href":"https:\/\/www.enorsai.com\/noticias\/wp-json\/wp\/v2\/types\/post"}],"author":[{"embeddable":true,"href":"https:\/\/www.enorsai.com\/noticias\/wp-json\/wp\/v2\/users\/1"}],"replies":[{"embeddable":true,"href":"https:\/\/www.enorsai.com\/noticias\/wp-json\/wp\/v2\/comments?post=10090"}],"version-history":[{"count":2,"href":"https:\/\/www.enorsai.com\/noticias\/wp-json\/wp\/v2\/posts\/10090\/revisions"}],"predecessor-version":[{"id":10094,"href":"https:\/\/www.enorsai.com\/noticias\/wp-json\/wp\/v2\/posts\/10090\/revisions\/10094"}],"wp:featuredmedia":[{"embeddable":true,"href":"https:\/\/www.enorsai.com\/noticias\/wp-json\/wp\/v2\/media\/10092"}],"wp:attachment":[{"href":"https:\/\/www.enorsai.com\/noticias\/wp-json\/wp\/v2\/media?parent=10090"}],"wp:term":[{"taxonomy":"category","embeddable":true,"href":"https:\/\/www.enorsai.com\/noticias\/wp-json\/wp\/v2\/categories?post=10090"},{"taxonomy":"post_tag","embeddable":true,"href":"https:\/\/www.enorsai.com\/noticias\/wp-json\/wp\/v2\/tags?post=10090"}],"curies":[{"name":"wp","href":"https:\/\/api.w.org\/{rel}","templated":true}]}}