{"id":10083,"date":"2025-10-21T12:17:47","date_gmt":"2025-10-21T15:17:47","guid":{"rendered":"https:\/\/www.enorsai.com\/noticias\/?p=10083"},"modified":"2025-10-21T12:17:53","modified_gmt":"2025-10-21T15:17:53","slug":"patricia-bullrich-y-la-amnesia-selectiva-la-ministra-que-quiere-esconder-el-2001-de-su-curriculum","status":"publish","type":"post","link":"https:\/\/www.enorsai.com\/noticias\/politica\/patricia-bullrich-y-la-amnesia-selectiva-la-ministra-que-quiere-esconder-el-2001-de-su-curriculum\/","title":{"rendered":"Patricia Bullrich y la amnesia selectiva: la ministra que quiere esconder el 2001 de su curr\u00edculum"},"content":{"rendered":"\n<p>La ministra de Seguridad Nacional y candidata a senadora por La Libertad Avanza, Patricia Bullrich, asegur\u00f3 que la Argentina \u201ctiene una segunda oportunidad\u201d con Javier Milei y advirti\u00f3 que \u201cno va a haber una tercera\u201d. La frase, pronunciada en una entrevista con Radio Rivadavia, sintetiza no solo el clima de desesperaci\u00f3n electoral que atraviesa el oficialismo en la recta final hacia las legislativas del 26 de octubre, sino tambi\u00e9n la memoria selectiva de una funcionaria que parece haber decidido borrar de su curr\u00edculum el cap\u00edtulo m\u00e1s oscuro de su trayectoria pol\u00edtica: el gobierno de Fernando de la R\u00faa, del que tambi\u00e9n form\u00f3 parte.<\/p>\n\n\n\n<p>Bullrich dijo que en esta elecci\u00f3n \u201cse define la construcci\u00f3n de las mayor\u00edas parlamentarias para llevar a cabo las reformas\u201d, como si el pa\u00eds no recordara que hace 24 a\u00f1os, ella misma impuls\u00f3 un brutal ajuste laboral desde el Ministerio de Trabajo que fue preludio del estallido de 2001. En aquel entonces, bajo el gobierno de la Alianza, la actual ministra de Seguridad aplic\u00f3 junto a Domingo Cavallo un recorte del 13% a jubilaciones y salarios estatales, y promovi\u00f3 una flexibilizaci\u00f3n laboral que destruy\u00f3 derechos conquistados durante d\u00e9cadas. Ese fue su verdadero aporte a la historia: un intento de \u201creforma estructural\u201d que termin\u00f3 en represi\u00f3n, muertos y helic\u00f3ptero.<\/p>\n\n\n\n<p>Pero en su discurso actual, Bullrich se presenta como garante de un nuevo ciclo de \u201corden y firmeza\u201d, bajo la doctrina del \u201cque las hace las paga\u201d. Sostiene que con Milei la Argentina tiene \u201cuna segunda oportunidad\u201d para \u201csacar al pa\u00eds adelante\u201d, como si su propia experiencia no hubiera demostrado que cada vez que la derecha promete \u201csacrificio y reformas\u201d, el resultado es el mismo: destrucci\u00f3n del empleo, ajuste brutal y descontento social. La diferencia es que ahora Bullrich se arropa en la narrativa libertaria de Milei, sin mencionar ni a De la R\u00faa ni a los fantasmas del 2001 que todav\u00eda la persiguen.<\/p>\n\n\n\n<figure class=\"wp-block-embed is-type-rich is-provider-twitter wp-block-embed-twitter\"><div class=\"wp-block-embed__wrapper\">\n<blockquote class=\"twitter-tweet\" data-width=\"550\" data-dnt=\"true\"><p lang=\"es\" dir=\"ltr\">&quot;Tuvimos una oportunidad con Macri y esta es la segunda, pero no vamos a tener una tercera oportunidad&quot;<br><br>Qu\u00e9 raro, se olvida que ella y Sturzenegger ya tuvieron una oportunidad con De La R\u00faa. Esta ya es la TERCERA VEZ que funden al pa\u00eds <a href=\"https:\/\/t.co\/cgiNqJkhAu\">pic.twitter.com\/cgiNqJkhAu<\/a><\/p>&mdash; Arrepentidos de Milei (@ArrepentidosLLA) <a href=\"https:\/\/twitter.com\/ArrepentidosLLA\/status\/1980625580161638864?ref_src=twsrc%5Etfw\">October 21, 2025<\/a><\/blockquote><script async src=\"https:\/\/platform.twitter.com\/widgets.js\" charset=\"utf-8\"><\/script>\n<\/div><\/figure>\n\n\n\n<p>En su intento de marcar distancia con el kirchnerismo, afirm\u00f3 que \u201ccuando hay mayor\u00edas autom\u00e1ticas de un sector se lleva al pa\u00eds a donde uno quiera sin que nadie pueda interferir\u201d, y que durante los gobiernos de N\u00e9stor y Cristina Kirchner \u201cse viv\u00eda en una escriban\u00eda\u201d. Sin embargo, lo que Bullrich omite decir es que cuando ella tuvo poder de decisi\u00f3n, su \u201cescriban\u00eda\u201d fue la del Fondo Monetario Internacional. Hoy, en nombre de la libertad de mercado, pretende reeditar aquel programa de ajuste con otro envoltorio ideol\u00f3gico.<\/p>\n\n\n\n<p>La ministra tambi\u00e9n se quej\u00f3 de la \u201cpelea permanente en el Congreso\u201d, al que compar\u00f3 con un \u201cring de boxeo\u201d. Pero esa \u201ctensi\u00f3n pol\u00edtica\u201d que tanto le preocupa es producto directo del modelo autoritario que ella misma defiende: un gobierno que persigue opositores, criminaliza la protesta y desfinancia las universidades y el sistema de salud. Desde su cartera, Bullrich volvi\u00f3 a convertir la pol\u00edtica de seguridad en una herramienta de disciplinamiento social, mientras el pa\u00eds se hunde en la recesi\u00f3n y la pobreza.<\/p>\n\n\n\n<p>Detr\u00e1s de su frase de campa\u00f1a \u2014\u201cno va a haber una tercera oportunidad\u201d\u2014 hay m\u00e1s amenaza que advertencia. Bullrich le habla al electorado con tono de ultim\u00e1tum, como si la democracia fuera un recurso agotable y la sociedad deudora de un proyecto que solo sabe ofrecer m\u00e1s represi\u00f3n y menos derechos. Lo que no dice es que ya tuvo su primera oportunidad con Macri y la est\u00e1 desperdiciando con Milei, repitiendo los mismos errores, los mismos discursos y los mismos resultados.<\/p>\n\n\n\n<p>La ministra insiste en que \u201cnecesitan m\u00e1s m\u00fasculo legislativo\u201d para aprobar las leyes que el pa\u00eds \u201cnecesita\u201d. En realidad, lo que buscan es blindar un Congreso d\u00f3cil que les permita profundizar el ajuste sin resistencia, aprobar la privatizaci\u00f3n de empresas p\u00fablicas y consolidar un modelo donde la pol\u00edtica se arrodilla frente al mercado. Por eso, su frase sobre \u201cno quedarse a mitad del r\u00edo\u201d no es m\u00e1s que una confesi\u00f3n: saben que el pa\u00eds est\u00e1 a la deriva, y que su \u00fanica estrategia es remar hacia el abismo.<\/p>\n\n\n\n<p>A 24 a\u00f1os del estallido de 2001, Patricia Bullrich vuelve a pedir una \u201csegunda oportunidad\u201d para aplicar el mismo programa que ya fracas\u00f3. Y lo hace escondiendo su pasado, borrando su paso por el Ministerio de Trabajo de De la R\u00faa, como si el pa\u00eds no recordara los nombres, las decisiones ni los muertos que dej\u00f3 aquella historia. Pero la memoria no se ajusta, ni se privatiza.<\/p>\n\n\n\n<hr class=\"wp-block-separator has-alpha-channel-opacity\"\/>\n\n\n\n<p><strong>Fuentes:<\/strong><\/p>\n\n\n\n<ul class=\"wp-block-list\">\n<li>Agencia Noticias Argentinas: https:\/\/noticiasargentinas.com\/politica\/bullrich&#8212;tenemos-una-segunda-oportunidad-con-milei&#8211;no-va-a-haber-otra-_a68f78b58493e4745128954cf<\/li>\n\n\n\n<li>\u00c1mbito Financiero: https:\/\/www.ambito.com\/politica\/patricia-bullrich-tuvimos-una-primera-oportunidad-mauricio-macri-y-tenemos-una-segunda-javier-milei-pero-no-vamos-tener-una-tercera-n6204304<\/li>\n\n\n\n<li>Archivo hist\u00f3rico del Ministerio de Trabajo (2001) \u2013 recortes y flexibilizaci\u00f3n laboral bajo el gobierno de Fernando de la R\u00faa.<\/li>\n<\/ul>\n\n\n\n<p><\/p>\n","protected":false},"excerpt":{"rendered":"<p>La ministra de Seguridad Nacional y candidata a senadora por La Libertad Avanza, Patricia Bullrich, asegur\u00f3 que la Argentina \u201ctiene una segunda oportunidad\u201d con Javier Milei y advirti\u00f3 que \u201cno va a haber una tercera\u201d. La frase, pronunciada en una entrevista con Radio Rivadavia, sintetiza no solo el clima de desesperaci\u00f3n electoral que atraviesa el&#8230;<\/p>\n","protected":false},"author":11,"featured_media":10084,"comment_status":"open","ping_status":"open","sticky":false,"template":"","format":"standard","meta":{"_monsterinsights_skip_tracking":false,"_monsterinsights_sitenote_active":false,"_monsterinsights_sitenote_note":"","_monsterinsights_sitenote_category":0,"footnotes":"","jetpack_publicize_message":"","jetpack_publicize_feature_enabled":true,"jetpack_social_post_already_shared":true,"jetpack_social_options":{"image_generator_settings":{"template":"highway","default_image_id":0,"font":"","enabled":false},"version":2}},"categories":[3949,2],"tags":[],"class_list":["post-10083","post","type-post","status-publish","format-standard","has-post-thumbnail","hentry","category-elecciones","category-politica"],"jetpack_publicize_connections":[],"_links":{"self":[{"href":"https:\/\/www.enorsai.com\/noticias\/wp-json\/wp\/v2\/posts\/10083","targetHints":{"allow":["GET"]}}],"collection":[{"href":"https:\/\/www.enorsai.com\/noticias\/wp-json\/wp\/v2\/posts"}],"about":[{"href":"https:\/\/www.enorsai.com\/noticias\/wp-json\/wp\/v2\/types\/post"}],"author":[{"embeddable":true,"href":"https:\/\/www.enorsai.com\/noticias\/wp-json\/wp\/v2\/users\/11"}],"replies":[{"embeddable":true,"href":"https:\/\/www.enorsai.com\/noticias\/wp-json\/wp\/v2\/comments?post=10083"}],"version-history":[{"count":1,"href":"https:\/\/www.enorsai.com\/noticias\/wp-json\/wp\/v2\/posts\/10083\/revisions"}],"predecessor-version":[{"id":10085,"href":"https:\/\/www.enorsai.com\/noticias\/wp-json\/wp\/v2\/posts\/10083\/revisions\/10085"}],"wp:featuredmedia":[{"embeddable":true,"href":"https:\/\/www.enorsai.com\/noticias\/wp-json\/wp\/v2\/media\/10084"}],"wp:attachment":[{"href":"https:\/\/www.enorsai.com\/noticias\/wp-json\/wp\/v2\/media?parent=10083"}],"wp:term":[{"taxonomy":"category","embeddable":true,"href":"https:\/\/www.enorsai.com\/noticias\/wp-json\/wp\/v2\/categories?post=10083"},{"taxonomy":"post_tag","embeddable":true,"href":"https:\/\/www.enorsai.com\/noticias\/wp-json\/wp\/v2\/tags?post=10083"}],"curies":[{"name":"wp","href":"https:\/\/api.w.org\/{rel}","templated":true}]}}