{"id":10075,"date":"2025-10-21T08:56:09","date_gmt":"2025-10-21T11:56:09","guid":{"rendered":"https:\/\/www.enorsai.com\/noticias\/?p=10075"},"modified":"2025-10-21T08:56:09","modified_gmt":"2025-10-21T11:56:09","slug":"crisis-total-en-el-gobierno-werthein-amenaza-con-renunciar-por-el-avance-de-caputo","status":"publish","type":"post","link":"https:\/\/www.enorsai.com\/noticias\/politica\/crisis-total-en-el-gobierno-werthein-amenaza-con-renunciar-por-el-avance-de-caputo\/","title":{"rendered":"Crisis total en el Gobierno: Werthein amenaza con renunciar por el avance de Caputo"},"content":{"rendered":"\n<p><strong><em>El canciller le habr\u00eda comunicado al presidente Javier Milei que dejar\u00eda el cargo si el asesor estrella desembarcaba en el Gobierno tras las elecciones. La tensi\u00f3n expuso la interna libertaria, en medio del fuego amigo digital y las presiones del c\u00edrculo rojo.<\/em><\/strong><\/p>\n\n\n\n<p>El ministro de Relaciones Exteriores, Gerardo Werthein, le avis\u00f3 al Presidente que presentar\u00eda la renuncia si Santiago Caputo ingresaba al gabinete, luego de que Milei confirmara en La Naci\u00f3n + que evaluaba darle \u201cun cargo importante\u201d como parte del recambio posterior a los comicios. Seg\u00fan fuentes citadas, el canciller aclar\u00f3 que no ten\u00eda un problema personal con Caputo, sino \u201cdiferencias de proyecto\u201d, un mensaje que encendi\u00f3 todas las alarmas del oficialismo.<\/p>\n\n\n\n<p>El conflicto creci\u00f3 tras la accidentada reuni\u00f3n con Donald Trump en la Casa Blanca y la ofensiva de los operadores digitales alineados con Caputo. \u201cSi tan solo tuvi\u00e9semos un canciller que en vez de andar llam\u00e1ndolo a Luis Juez para pedirle \u2018perd\u00f3n\u2019 por las boludeces que dijo un gordo boludo en tuiter, escuchara lo que viene diciendo Donald Trump respecto del tema, o mejor, escuchara el RESUMEN de lo que viene diciendo Donald Trump en La Misa, la cosa hubiese sido distinta\u201d, dijo el Gordo Dan, en un dardo directo a Werthein y a la Canciller\u00eda.<\/p>\n\n\n\n<p>El ministro respondi\u00f3 que no pod\u00eda ocuparse de la opini\u00f3n \u201cde un tuitero\u201d y public\u00f3 un mensaje elogiando al equipo de la embajada en Washington y al embajador Alec Oxenford, en una se\u00f1al de respaldo a la diplomacia profesional frente al amateurismo tuitero. Mientras tanto, en los pasillos del poder se habl\u00f3 de la intenci\u00f3n de Caputo de colonizar el Palacio San Mart\u00edn \u2014hoy s\u00f3lo contaba con el secretario de Culto, Nahuel Sotelo\u2014 y de las negociaciones con el PRO que inclu\u00edan el nombre de Federico Pinedo para Relaciones Exteriores, un movimiento que chocaba con las pretensiones del asesor, que adem\u00e1s cruz\u00f3 a Mauricio Macri en su cuenta de X.<\/p>\n\n\n\n<p>El episodio dej\u00f3 al Gobierno frente a su propia grieta: el canciller que garantizaba di\u00e1logo con el establishment y la comunidad internacional, por un lado, y la l\u00f3gica de las redes y la rosca de laboratorio, por el otro. En el trasfondo, los libertarios procesaban el \u201cdesconcierto\u201d que gener\u00f3 la feroz frase de Trump, mientras Milei navegaba una interna que pon\u00eda en riesgo una de las pocas \u00e1reas con peso espec\u00edfico de su gabinete.<\/p>\n\n\n\n<p>Por Pol\u00edtica Argentina<\/p>\n","protected":false},"excerpt":{"rendered":"<p>El canciller le habr\u00eda comunicado al presidente Javier Milei que dejar\u00eda el cargo si el asesor estrella desembarcaba en el Gobierno tras las elecciones. La tensi\u00f3n expuso la interna libertaria, en medio del fuego amigo digital y las presiones del c\u00edrculo rojo. El ministro de Relaciones Exteriores, Gerardo Werthein, le avis\u00f3 al Presidente que presentar\u00eda&#8230;<\/p>\n","protected":false},"author":5,"featured_media":8608,"comment_status":"open","ping_status":"open","sticky":false,"template":"","format":"standard","meta":{"_monsterinsights_skip_tracking":false,"_monsterinsights_sitenote_active":false,"_monsterinsights_sitenote_note":"","_monsterinsights_sitenote_category":0,"footnotes":"","jetpack_publicize_message":"","jetpack_publicize_feature_enabled":true,"jetpack_social_post_already_shared":true,"jetpack_social_options":{"image_generator_settings":{"template":"highway","default_image_id":0,"font":"","enabled":false},"version":2}},"categories":[2],"tags":[43,45,72],"class_list":["post-10075","post","type-post","status-publish","format-standard","has-post-thumbnail","hentry","category-politica","tag-crisis","tag-milei","tag-politica"],"jetpack_publicize_connections":[],"_links":{"self":[{"href":"https:\/\/www.enorsai.com\/noticias\/wp-json\/wp\/v2\/posts\/10075","targetHints":{"allow":["GET"]}}],"collection":[{"href":"https:\/\/www.enorsai.com\/noticias\/wp-json\/wp\/v2\/posts"}],"about":[{"href":"https:\/\/www.enorsai.com\/noticias\/wp-json\/wp\/v2\/types\/post"}],"author":[{"embeddable":true,"href":"https:\/\/www.enorsai.com\/noticias\/wp-json\/wp\/v2\/users\/5"}],"replies":[{"embeddable":true,"href":"https:\/\/www.enorsai.com\/noticias\/wp-json\/wp\/v2\/comments?post=10075"}],"version-history":[{"count":1,"href":"https:\/\/www.enorsai.com\/noticias\/wp-json\/wp\/v2\/posts\/10075\/revisions"}],"predecessor-version":[{"id":10076,"href":"https:\/\/www.enorsai.com\/noticias\/wp-json\/wp\/v2\/posts\/10075\/revisions\/10076"}],"wp:featuredmedia":[{"embeddable":true,"href":"https:\/\/www.enorsai.com\/noticias\/wp-json\/wp\/v2\/media\/8608"}],"wp:attachment":[{"href":"https:\/\/www.enorsai.com\/noticias\/wp-json\/wp\/v2\/media?parent=10075"}],"wp:term":[{"taxonomy":"category","embeddable":true,"href":"https:\/\/www.enorsai.com\/noticias\/wp-json\/wp\/v2\/categories?post=10075"},{"taxonomy":"post_tag","embeddable":true,"href":"https:\/\/www.enorsai.com\/noticias\/wp-json\/wp\/v2\/tags?post=10075"}],"curies":[{"name":"wp","href":"https:\/\/api.w.org\/{rel}","templated":true}]}}