{"id":10063,"date":"2025-10-21T06:08:47","date_gmt":"2025-10-21T09:08:47","guid":{"rendered":"https:\/\/www.enorsai.com\/noticias\/?p=10063"},"modified":"2025-10-21T06:08:52","modified_gmt":"2025-10-21T09:08:52","slug":"concejal-libertario-detenido-por-intento-de-femicidio-el-machismo-liberal-que-milei-no-condena","status":"publish","type":"post","link":"https:\/\/www.enorsai.com\/noticias\/politica\/concejal-libertario-detenido-por-intento-de-femicidio-el-machismo-liberal-que-milei-no-condena\/","title":{"rendered":"Concejal libertario detenido por intento de femicidio: el \u201cmachismo liberal\u201d que Milei no condena"},"content":{"rendered":"\n<p>El intento de femicidio protagonizado por un concejal electo de La Libertad Avanza expone nuevamente la violencia que atraviesa al espacio pol\u00edtico que gobierna el pa\u00eds. Ignacio Contreras, recientemente electo concejal por el distrito bonaerense de San Vicente, fue detenido tras ser denunciado por su pareja, una joven de 24 a\u00f1os, por haberle disparado dos veces con un arma de fuego durante una discusi\u00f3n. El hecho ocurri\u00f3 en un campo denominado \u201cMi Viejo\u201d, ubicado en el camino Once Boca.<\/p>\n\n\n\n<p>Seg\u00fan la informaci\u00f3n confirmada por fuentes policiales, los efectivos del Comando de Prevenci\u00f3n Rural acudieron al lugar alertados por una llamada que advert\u00eda sobre una pelea y detonaciones. Al llegar, encontraron una pistola calibre 9 mil\u00edmetros con varias vainas servidas en un ba\u00f1o de la vivienda. La mujer, en estado de shock, fue trasladada a la Comisar\u00eda de la Mujer de San Vicente, donde realiz\u00f3 la denuncia correspondiente.<\/p>\n\n\n\n<p>Contreras, electo concejal en las elecciones recientes y que deb\u00eda asumir su banca en diciembre, fue detenido y trasladado a la Comisar\u00eda Primera de San Vicente. La causa fue caratulada como \u201camenazas agravadas y tenencia de arma de fuego\u201d, y est\u00e1 en manos de la fiscal Karina Guyot, de la UFI Descentralizada de San Vicente. De acuerdo con las primeras pericias, el arma utilizada no ten\u00eda pedido de secuestro y pertenec\u00eda al propio agresor, quien se encontraba en el domicilio cuando llegaron los efectivos.<\/p>\n\n\n\n<p>El caso, que gener\u00f3 conmoci\u00f3n en el distrito, vuelve a poner bajo la lupa la violencia estructural que atraviesa a sectores del espacio libertario, donde los discursos de odio, la deslegitimaci\u00f3n de las luchas feministas y la banalizaci\u00f3n de la violencia de g\u00e9nero encuentran eco en funcionarios y referentes p\u00fablicos. La conducta del concejal electo no es solo un hecho policial aislado, sino una expresi\u00f3n pol\u00edtica del desprecio hacia las mujeres que impregna parte del discurso oficialista.<\/p>\n\n\n\n<p>Mientras la v\u00edctima permanece bajo resguardo y con acompa\u00f1amiento psicol\u00f3gico, desde distintos espacios feministas de la regi\u00f3n exigieron la inmediata expulsi\u00f3n de Contreras del bloque de La Libertad Avanza y su inhabilitaci\u00f3n para ejercer cargos p\u00fablicos. Tambi\u00e9n reclamaron pol\u00edticas de prevenci\u00f3n y protocolos de actuaci\u00f3n que alcancen a los funcionarios electos, muchas veces amparados por fueros o la protecci\u00f3n partidaria.<\/p>\n\n\n\n<p>El silencio de los dirigentes libertarios ante un hecho de esta gravedad resulta elocuente. Ninguna figura nacional del espacio se pronunci\u00f3 hasta el momento sobre el intento de femicidio, lo que evidencia el doble discurso de un gobierno que se proclama defensor de las libertades pero guarda silencio frente a una mujer que casi es asesinada por uno de sus representantes.<\/p>\n\n\n\n<p>La detenci\u00f3n de Ignacio Contreras no solo desnuda la violencia machista en su dimensi\u00f3n m\u00e1s brutal, sino tambi\u00e9n el desinter\u00e9s institucional por erradicarla. En un pa\u00eds donde se registra un femicidio cada 30 horas, el caso de San Vicente debe servir como un punto de inflexi\u00f3n para exigir responsabilidades pol\u00edticas y sociales, m\u00e1s all\u00e1 de las excusas judiciales o partidarias.<\/p>\n\n\n\n<p><strong>Fuentes:<\/strong><\/p>\n\n\n\n<ul class=\"wp-block-list\">\n<li>Infobae: \u201cDetuvieron a un concejal electo de La Libertad Avanza por amenazas contra su pareja\u201d \u2014 https:\/\/www.infobae.com\/sociedad\/policiales\/2025\/10\/20\/detuvieron-a-un-concejal-electo-de-la-libertad-avanza-por-amenazas-contra-su-pareja\/<\/li>\n\n\n\n<li>P\u00e1gina 12: \u201cIntento de femicidio: un concejal libertario detenido tras disparar contra su pareja en San Vicente\u201d \u2014 https:\/\/www.pagina12.com.ar\/728855-concejal-libertario-detenido-por-intento-de-femicidio-en-san-vicente<\/li>\n\n\n\n<li>Clar\u00edn: \u201cSan Vicente: detuvieron a un concejal electo de La Libertad Avanza por atacar a su pareja\u201d \u2014 https:\/\/www.clarin.com\/policiales\/detuvieron-concejal-libertario-intento-femicidio-san-vicente_0.html<\/li>\n\n\n\n<li>\u00c1mbito Financiero: \u201cViolencia pol\u00edtica y de g\u00e9nero: un concejal de La Libertad Avanza detenido por intento de femicidio\u201d \u2014 https:\/\/www.ambito.com\/politica\/concejal-libertario-detenido-intento-femicidio-n6025547<\/li>\n<\/ul>\n","protected":false},"excerpt":{"rendered":"<p>El intento de femicidio protagonizado por un concejal electo de La Libertad Avanza expone nuevamente la violencia que atraviesa al espacio pol\u00edtico que gobierna el pa\u00eds. Ignacio Contreras, recientemente electo concejal por el distrito bonaerense de San Vicente, fue detenido tras ser denunciado por su pareja, una joven de 24 a\u00f1os, por haberle disparado dos&#8230;<\/p>\n","protected":false},"author":9,"featured_media":10064,"comment_status":"open","ping_status":"open","sticky":false,"template":"","format":"standard","meta":{"_monsterinsights_skip_tracking":false,"_monsterinsights_sitenote_active":false,"_monsterinsights_sitenote_note":"","_monsterinsights_sitenote_category":0,"footnotes":"","jetpack_publicize_message":"","jetpack_publicize_feature_enabled":true,"jetpack_social_post_already_shared":true,"jetpack_social_options":{"image_generator_settings":{"template":"highway","default_image_id":0,"font":"","enabled":false},"version":2}},"categories":[2],"tags":[],"class_list":["post-10063","post","type-post","status-publish","format-standard","has-post-thumbnail","hentry","category-politica"],"jetpack_publicize_connections":[],"_links":{"self":[{"href":"https:\/\/www.enorsai.com\/noticias\/wp-json\/wp\/v2\/posts\/10063","targetHints":{"allow":["GET"]}}],"collection":[{"href":"https:\/\/www.enorsai.com\/noticias\/wp-json\/wp\/v2\/posts"}],"about":[{"href":"https:\/\/www.enorsai.com\/noticias\/wp-json\/wp\/v2\/types\/post"}],"author":[{"embeddable":true,"href":"https:\/\/www.enorsai.com\/noticias\/wp-json\/wp\/v2\/users\/9"}],"replies":[{"embeddable":true,"href":"https:\/\/www.enorsai.com\/noticias\/wp-json\/wp\/v2\/comments?post=10063"}],"version-history":[{"count":1,"href":"https:\/\/www.enorsai.com\/noticias\/wp-json\/wp\/v2\/posts\/10063\/revisions"}],"predecessor-version":[{"id":10065,"href":"https:\/\/www.enorsai.com\/noticias\/wp-json\/wp\/v2\/posts\/10063\/revisions\/10065"}],"wp:featuredmedia":[{"embeddable":true,"href":"https:\/\/www.enorsai.com\/noticias\/wp-json\/wp\/v2\/media\/10064"}],"wp:attachment":[{"href":"https:\/\/www.enorsai.com\/noticias\/wp-json\/wp\/v2\/media?parent=10063"}],"wp:term":[{"taxonomy":"category","embeddable":true,"href":"https:\/\/www.enorsai.com\/noticias\/wp-json\/wp\/v2\/categories?post=10063"},{"taxonomy":"post_tag","embeddable":true,"href":"https:\/\/www.enorsai.com\/noticias\/wp-json\/wp\/v2\/tags?post=10063"}],"curies":[{"name":"wp","href":"https:\/\/api.w.org\/{rel}","templated":true}]}}