{"id":10057,"date":"2025-10-21T05:39:36","date_gmt":"2025-10-21T08:39:36","guid":{"rendered":"https:\/\/www.enorsai.com\/noticias\/?p=10057"},"modified":"2025-10-21T05:39:40","modified_gmt":"2025-10-21T08:39:40","slug":"quien-es-nahuel-sotelo-el-candidato-a-cancilleria-de-santiago-caputo","status":"publish","type":"post","link":"https:\/\/www.enorsai.com\/noticias\/politica\/quien-es-nahuel-sotelo-el-candidato-a-cancilleria-de-santiago-caputo\/","title":{"rendered":"Qui\u00e9n es Nahuel Sotelo, el candidato a Canciller\u00eda de Santiago\u00a0Caputo"},"content":{"rendered":"\n<p>Con apenas 30 a\u00f1os, Nahuel Sotelo emerge como una de las figuras m\u00e1s s\u00f3lidas del oficialismo libertario. Formado bajo el ala de Santiago Caputo, se perfila como el elegido para ocupar la Canciller\u00eda tras el desgaste de Gerardo Werthein y el inminente reacomodo pol\u00edtico que sobrevendr\u00e1 despu\u00e9s de las elecciones de este domingo.<\/p>\n\n\n\n<p><strong>El ascenso de un soldado de Caputo<\/strong><br>A la sombra del principal operador pol\u00edtico del gobierno, Santiago Caputo, Nahuel Sotelo construy\u00f3 una carrera mete\u00f3rica que lo llev\u00f3 desde la Legislatura bonaerense hasta el coraz\u00f3n de la pol\u00edtica exterior mile\u00edsta. Hoy, con el respaldo del n\u00facleo m\u00e1s duro de la Casa Rosada, su nombre suena fuerte para suceder a Werthein en la Canciller\u00eda.<br>El movimiento no sorprende: Caputo viene consolidando su influencia en las \u00e1reas estrat\u00e9gicas del Estado, y la figura de Sotelo encaja a la perfecci\u00f3n en ese esquema. Leal, disciplinado y alineado con la narrativa libertaria, representa la s\u00edntesis de la nueva generaci\u00f3n que Milei quiere proyectar como rostro internacional del pa\u00eds.<\/p>\n\n\n\n<p><strong>De Olmedo a Milei: una trayectoria de derecha<\/strong><br>Sotelo inici\u00f3 su camino pol\u00edtico en los m\u00e1rgenes del sistema, acompa\u00f1ando la campa\u00f1a de Alfredo Olmedo en Salta y luego asesorando al concejal rosarino Ariel Cozzoni. En 2021 ingres\u00f3 a la C\u00e1mara bonaerense de la mano de Jos\u00e9 Luis Espert, pero pronto se aline\u00f3 con La Libertad Avanza, donde lleg\u00f3 a presidir el bloque libertario. Su paso por ese cargo dej\u00f3 huella: fue uno de los principales voceros del discurso anti\u2013kirchnerista y promotor de la \u201cmemoria completa\u201d.<\/p>\n\n\n\n<p>Entre sus proyectos m\u00e1s comentados figuran la intenci\u00f3n de derogar la ley que obliga a utilizar la expresi\u00f3n \u201cdictadura c\u00edvico\u2013militar\u201d en actos oficiales, y la propuesta de declarar ciudadano ilustre al coronel Jorge Iraz\u00e1bal, asesinado por el ERP. Su libro&nbsp;<em>Cartas de los \u201970: el dolor de la otra parte<\/em>&nbsp;lo instal\u00f3 como una voz representativa de la derecha revisionista que hoy tiene fuerte presencia en el oficialismo.<\/p>\n\n\n\n<p><strong>El hombre que Caputo empuja al mundo<\/strong><br>El nombramiento de Sotelo al frente de la Secretar\u00eda de Culto y Civilizaci\u00f3n no fue casual. Respondi\u00f3 a una decisi\u00f3n directa del entorno de Caputo, que busca proyectar una imagen internacional basada en \u201cvalores tradicionales\u201d y en la idea de una diplomacia culturalmente conservadora. Desde ese cargo, el joven funcionario teji\u00f3 contactos con embajadas, sectores religiosos y fundaciones ultraconservadoras, ganando visibilidad en los mismos c\u00edrculos donde el asesor presidencial opera su red de influencia.<\/p>\n\n\n\n<p>Para Caputo, su posible llegada a la Canciller\u00eda ser\u00eda un movimiento natural: consolidar\u00eda el control sobre la pol\u00edtica exterior y garantizar\u00eda que la narrativa libertaria se mantenga sin fisuras. En ese sentido, Sotelo es mucho m\u00e1s que un funcionario prometedor: es el emisario de un proyecto ideol\u00f3gico que busca plantar bandera en el escenario global.<\/p>\n\n\n\n<p><strong>Un perfil moldeado por las cruzadas culturales<\/strong><br>Sotelo reivindica a figuras como Roca y Bukele, se muestra abiertamente en contra del aborto y cuestiona las pol\u00edticas de identidad de g\u00e9nero. Fund\u00f3 la agrupaci\u00f3n&nbsp;<em>La Julio Argentino<\/em>, con la que intent\u00f3 penetrar en las universidades bajo el lema \u201cHagamos a la Argentina grande de nuevo\u201d. Su discurso combina catolicismo militante, nacionalismo liberal y una cr\u00edtica constante a lo que llama \u201cel curro de los derechos humanos\u201d.<\/p>\n\n\n\n<p>Sus declaraciones sobre la Agenda 2030, el medio ambiente y el rol del Estado en las pol\u00edticas sociales lo ubican en la l\u00ednea dura del oficialismo. En su entorno aseguran que esa radicalidad, lejos de ser un obst\u00e1culo, es lo que lo vuelve confiable para el t\u00e1ndem Milei\u2013Caputo, que busca perfilar hacia afuera un mensaje de ruptura con las agendas globales.<\/p>\n\n\n\n<hr class=\"wp-block-separator has-alpha-channel-opacity\"\/>\n\n\n\n<p><strong>Del Vaticano al Vaticano libertario<\/strong><br>Sotelo ha intentado equilibrar su discurso ideol\u00f3gico con una imagen de apertura religiosa. Pese a su defensa del catolicismo tradicional, se muestra cercano al Papa Francisco y sostiene que \u201clas puertas del di\u00e1logo con la Santa Sede est\u00e1n abiertas\u201d. Sin embargo, su mirada excluye a los pueblos originarios y a los movimientos ecum\u00e9nicos progresistas, reforzando una visi\u00f3n monocultural de la espiritualidad nacional.<\/p>\n\n\n\n<hr class=\"wp-block-separator has-alpha-channel-opacity\"\/>\n\n\n\n<p><strong>El reemplazo de Werthein, una jugada cantada<\/strong><br>La salida de Gerardo Werthein del Ministerio de Relaciones Exteriores se da en medio de tensiones internas y cr\u00edticas por su falta de sinton\u00eda con el equipo pol\u00edtico. En ese contexto, la figura de Sotelo se impone como opci\u00f3n natural: joven, leal, ideol\u00f3gicamente puro y \u2014sobre todo\u2014 parte del c\u00edrculo de confianza de Caputo.<br>Para Milei, la designaci\u00f3n significar\u00eda mantener la Canciller\u00eda bajo control pol\u00edtico sin recurrir a nombres de peso del establishment, preservando el poder real en manos del ala comunicacional y estrat\u00e9gica del gobierno.<\/p>\n\n\n\n<p>Si el escenario posterior a las elecciones lo permite, todo indica que Santiago Caputo buscar\u00e1 colocar a su disc\u00edpulo en el Palacio San Mart\u00edn, consolidando as\u00ed el dominio del \u201ccaputismo\u201d sobre la diplomacia nacional.<\/p>\n","protected":false},"excerpt":{"rendered":"<p>Con apenas 30 a\u00f1os, Nahuel Sotelo emerge como una de las figuras m\u00e1s s\u00f3lidas del oficialismo libertario. Formado bajo el ala de Santiago Caputo, se perfila como el elegido para ocupar la Canciller\u00eda tras el desgaste de Gerardo Werthein y el inminente reacomodo pol\u00edtico que sobrevendr\u00e1 despu\u00e9s de las elecciones de este domingo. El ascenso&#8230;<\/p>\n","protected":false},"author":7,"featured_media":10058,"comment_status":"open","ping_status":"open","sticky":false,"template":"","format":"standard","meta":{"_monsterinsights_skip_tracking":false,"_monsterinsights_sitenote_active":false,"_monsterinsights_sitenote_note":"","_monsterinsights_sitenote_category":0,"footnotes":"","jetpack_publicize_message":"","jetpack_publicize_feature_enabled":true,"jetpack_social_post_already_shared":true,"jetpack_social_options":{"image_generator_settings":{"template":"highway","default_image_id":0,"font":"","enabled":false},"version":2}},"categories":[2],"tags":[],"class_list":["post-10057","post","type-post","status-publish","format-standard","has-post-thumbnail","hentry","category-politica"],"jetpack_publicize_connections":[],"_links":{"self":[{"href":"https:\/\/www.enorsai.com\/noticias\/wp-json\/wp\/v2\/posts\/10057","targetHints":{"allow":["GET"]}}],"collection":[{"href":"https:\/\/www.enorsai.com\/noticias\/wp-json\/wp\/v2\/posts"}],"about":[{"href":"https:\/\/www.enorsai.com\/noticias\/wp-json\/wp\/v2\/types\/post"}],"author":[{"embeddable":true,"href":"https:\/\/www.enorsai.com\/noticias\/wp-json\/wp\/v2\/users\/7"}],"replies":[{"embeddable":true,"href":"https:\/\/www.enorsai.com\/noticias\/wp-json\/wp\/v2\/comments?post=10057"}],"version-history":[{"count":1,"href":"https:\/\/www.enorsai.com\/noticias\/wp-json\/wp\/v2\/posts\/10057\/revisions"}],"predecessor-version":[{"id":10059,"href":"https:\/\/www.enorsai.com\/noticias\/wp-json\/wp\/v2\/posts\/10057\/revisions\/10059"}],"wp:featuredmedia":[{"embeddable":true,"href":"https:\/\/www.enorsai.com\/noticias\/wp-json\/wp\/v2\/media\/10058"}],"wp:attachment":[{"href":"https:\/\/www.enorsai.com\/noticias\/wp-json\/wp\/v2\/media?parent=10057"}],"wp:term":[{"taxonomy":"category","embeddable":true,"href":"https:\/\/www.enorsai.com\/noticias\/wp-json\/wp\/v2\/categories?post=10057"},{"taxonomy":"post_tag","embeddable":true,"href":"https:\/\/www.enorsai.com\/noticias\/wp-json\/wp\/v2\/tags?post=10057"}],"curies":[{"name":"wp","href":"https:\/\/api.w.org\/{rel}","templated":true}]}}