{"id":10055,"date":"2025-10-21T00:09:12","date_gmt":"2025-10-21T03:09:12","guid":{"rendered":"https:\/\/www.enorsai.com\/noticias\/?p=10055"},"modified":"2025-10-21T00:14:42","modified_gmt":"2025-10-21T03:14:42","slug":"milei-se-borra-del-conurbano-sin-cierre-ni-actos-en-la-ultima-semana-de-campana","status":"publish","type":"post","link":"https:\/\/www.enorsai.com\/noticias\/politica\/milei-se-borra-del-conurbano-sin-cierre-ni-actos-en-la-ultima-semana-de-campana\/","title":{"rendered":"Milei se borra del conurbano: sin cierre ni actos en la \u00faltima semana de campa\u00f1a"},"content":{"rendered":"\n<p>En una jugada que confirma la tensi\u00f3n interna y el desgaste de su figura, Javier Milei decidi\u00f3 bajarse del cierre bonaerense de campa\u00f1a de La Libertad Avanza y suspender todos los actos previstos en la provincia de Buenos Aires durante la \u00faltima semana antes de las elecciones legislativas. El presidente, que ya ven\u00eda mostrando se\u00f1ales de fatiga y de enojo con su entorno, eligi\u00f3 concentrar su actividad en el interior del pa\u00eds: s\u00f3lo viajar\u00e1 a Rosario y C\u00f3rdoba, dejando vacante el escenario pol\u00edtico m\u00e1s grande y decisivo de la Argentina.<br><br>La decisi\u00f3n sorprendi\u00f3 incluso dentro del oficialismo. El acto previsto en Ezeiza, que iba a ser el cierre de campa\u00f1a bonaerense de La Libertad Avanza, fue cancelado sin explicaci\u00f3n p\u00fablica y con evidente malestar entre los dirigentes provinciales. Seg\u00fan confirmaron fuentes partidarias, ser\u00e1 Diego Santilli quien quede al frente de las actividades en territorio bonaerense, en un intento por mantener viva una campa\u00f1a que se desinfla d\u00eda a d\u00eda. \u00c1mbito Financiero consign\u00f3 que el mandatario \u201cdecidi\u00f3 bajar su perfil en la recta final\u201d ante los magros resultados que arrojan las encuestas en el distrito m\u00e1s poblado del pa\u00eds.<br><br>El repliegue no s\u00f3lo es log\u00edstico sino pol\u00edtico. En la Casa Rosada reconocen que Milei \u201cno se siente c\u00f3modo en el conurbano\u201d y que los \u00faltimos actos estuvieron marcados por escraches, protestas y hasta incidentes con manifestantes que repudiaron las pol\u00edticas de ajuste del gobierno. C\u00f3digo Baires record\u00f3 que en los \u00faltimos recorridos por el Gran Buenos Aires el clima fue de tensi\u00f3n constante, con insultos y rechazos abiertos a la figura presidencial.<br><br>La provincia de Buenos Aires es el distrito m\u00e1s importante del pa\u00eds, con m\u00e1s del 37 % del padr\u00f3n nacional, y un basti\u00f3n hist\u00f3ricamente esquivo para la derecha. La decisi\u00f3n de Milei de no cerrar all\u00ed su campa\u00f1a refleja no s\u00f3lo su debilidad estructural, sino tambi\u00e9n el reconocimiento t\u00e1cito de una derrota inminente en un territorio que ya le hab\u00eda sido adverso en las presidenciales de 2023. De acuerdo con La Voz del Interior, en su entorno justifican la medida como \u201cuna estrategia para concentrarse en distritos donde hay m\u00e1s posibilidades de sumar bancas\u201d.<br><br>Pero la explicaci\u00f3n suena m\u00e1s a excusa que a c\u00e1lculo. Las divisiones dentro de La Libertad Avanza \u2014acentuadas tras la ca\u00edda en desgracia de Jos\u00e9 Luis Espert, implicado en una causa por presunto lavado de dinero vinculado al narcotr\u00e1fico\u2014 dejaron heridas profundas en la estructura partidaria bonaerense. LM Neuqu\u00e9n se\u00f1al\u00f3 que \u201cla conducci\u00f3n nacional opt\u00f3 por preservar la figura presidencial y delegar el territorio en Santilli\u201d, un movimiento que en los hechos equivale a una rendici\u00f3n anticipada.<br><br>Mientras tanto, en el oficialismo admiten que Milei \u201cest\u00e1 cansado y enojado\u201d, tal como desliz\u00f3 su entorno m\u00e1s cercano. Las \u00faltimas entrevistas televisivas, lejos de mejorar su imagen, dejaron un saldo negativo incluso entre los votantes libertarios. Por eso, se decidi\u00f3 que el mandatario \u201cse guarde\u201d en los d\u00edas previos a la elecci\u00f3n y reduzca al m\u00ednimo sus apariciones p\u00fablicas.<br><br>El contraste con la oposici\u00f3n no podr\u00eda ser mayor. Mientras Uni\u00f3n por la Patria refuerza su despliegue territorial en cada municipio bonaerense, el presidente prefiere refugiarse en C\u00f3rdoba y Rosario, escenarios donde la recepci\u00f3n es m\u00e1s favorable. Pero el costo pol\u00edtico es enorme: bajarse del conurbano, coraz\u00f3n social y electoral del pa\u00eds, implica renunciar a disputar el terreno donde se define cualquier elecci\u00f3n nacional.<br><br>Con esta retirada, Milei exhibe su debilidad en el principal distrito argentino y abre una ventana de incertidumbre sobre su futuro pol\u00edtico. A un a\u00f1o y medio de haber asumido el poder prometiendo \u201cdinamitar la casta\u201d, hoy parece huir del contacto con la realidad m\u00e1s palpable: la que marcan los barrios, las f\u00e1bricas y las calles del conurbano que su gobierno empobreci\u00f3 con recortes, despidos y represi\u00f3n.<br><br>En el silencio del l\u00edder libertario se escucha el ruido de una derrota anticipada. Y en su ausencia del cierre bonaerense, el reflejo de un proyecto que empez\u00f3 prometiendo revoluci\u00f3n y termina escondido detr\u00e1s del marketing.<br><br>Fuentes:<br>1. \u00c1mbito Financiero.<br>\u201cJavier Milei se baj\u00f3 del cierre bonaerense de La Libertad Avanza y no har\u00e1 m\u00e1s actos de campa\u00f1a en PBA.\u201d<br>Publicado el 20 de octubre de 2025. https:\/\/www.ambito.com\/politica\/la-libertad-avanza-javier-milei-se-del-cierre-bonaerense-y-no-hara-mas-actos-campana-pba-n6203977<br><br>2. LV7 Noticias.<br>\u201cJavier Milei se baj\u00f3 del cierre bonaerense de La Libertad Avanza y no har\u00e1 m\u00e1s actos de campa\u00f1a en PBA.\u201d<br>Publicado el 20 de octubre de 2025. https:\/\/lv7.com.ar\/javier-milei-se-bajo-del-cierre-bonaerense-de-la-libertad-avanza-y-no-hara-mas-actos-de-campana-en-pba\/<br><br>3. C\u00f3digo Baires.<br>\u201cMilei se baja del tramo final de campa\u00f1a en Buenos Aires.\u201d<br>Publicado el 20 de octubre de 2025. https:\/\/www.codigobaires.com.ar\/2025-10-20\/milei-se-baja-del-tramo-final-de-campana-en-buenos-aires-244544<br><br>4. LM Neuqu\u00e9n.<br>\u201cJavier Milei cancel\u00f3 el cierre de su campa\u00f1a en Buenos Aires y delega el tramo final en Diego Santilli.\u201d<br>Publicado el 20 de octubre de 2025. https:\/\/www.lmneuquen.com\/pais\/javier-milei-cancelo-el-cierre-su-campana-buenos-aires-y-delega-el-tramo-final-diego-santilli-n1214034<br><br>5. APF Digital.<br>\u201cJavier Milei se baj\u00f3 del cierre bonaerense de La Libertad Avanza.\u201d<br>Publicado el 20 de octubre de 2025. https:\/\/www.apfdigital.com.ar\/noticias\/2025\/10\/20\/439653-javier-milei-se-bajo-del-cierre-bonaerense-de-la-libertad-avanza<\/p>\n\n\n\n<p><\/p>\n","protected":false},"excerpt":{"rendered":"<p>En una jugada que confirma la tensi\u00f3n interna y el desgaste de su figura, Javier Milei decidi\u00f3 bajarse del cierre bonaerense de campa\u00f1a de La Libertad Avanza y suspender todos los actos previstos en la provincia de Buenos Aires durante la \u00faltima semana antes de las elecciones legislativas. El presidente, que ya ven\u00eda mostrando se\u00f1ales&#8230;<\/p>\n","protected":false},"author":1,"featured_media":10054,"comment_status":"open","ping_status":"open","sticky":false,"template":"","format":"standard","meta":{"_monsterinsights_skip_tracking":false,"_monsterinsights_sitenote_active":false,"_monsterinsights_sitenote_note":"","_monsterinsights_sitenote_category":0,"footnotes":"","jetpack_publicize_message":"","jetpack_publicize_feature_enabled":true,"jetpack_social_post_already_shared":true,"jetpack_social_options":{"image_generator_settings":{"template":"highway","default_image_id":0,"font":"","enabled":false},"version":2}},"categories":[2],"tags":[],"class_list":["post-10055","post","type-post","status-publish","format-standard","has-post-thumbnail","hentry","category-politica"],"jetpack_publicize_connections":[],"_links":{"self":[{"href":"https:\/\/www.enorsai.com\/noticias\/wp-json\/wp\/v2\/posts\/10055","targetHints":{"allow":["GET"]}}],"collection":[{"href":"https:\/\/www.enorsai.com\/noticias\/wp-json\/wp\/v2\/posts"}],"about":[{"href":"https:\/\/www.enorsai.com\/noticias\/wp-json\/wp\/v2\/types\/post"}],"author":[{"embeddable":true,"href":"https:\/\/www.enorsai.com\/noticias\/wp-json\/wp\/v2\/users\/1"}],"replies":[{"embeddable":true,"href":"https:\/\/www.enorsai.com\/noticias\/wp-json\/wp\/v2\/comments?post=10055"}],"version-history":[{"count":1,"href":"https:\/\/www.enorsai.com\/noticias\/wp-json\/wp\/v2\/posts\/10055\/revisions"}],"predecessor-version":[{"id":10056,"href":"https:\/\/www.enorsai.com\/noticias\/wp-json\/wp\/v2\/posts\/10055\/revisions\/10056"}],"wp:featuredmedia":[{"embeddable":true,"href":"https:\/\/www.enorsai.com\/noticias\/wp-json\/wp\/v2\/media\/10054"}],"wp:attachment":[{"href":"https:\/\/www.enorsai.com\/noticias\/wp-json\/wp\/v2\/media?parent=10055"}],"wp:term":[{"taxonomy":"category","embeddable":true,"href":"https:\/\/www.enorsai.com\/noticias\/wp-json\/wp\/v2\/categories?post=10055"},{"taxonomy":"post_tag","embeddable":true,"href":"https:\/\/www.enorsai.com\/noticias\/wp-json\/wp\/v2\/tags?post=10055"}],"curies":[{"name":"wp","href":"https:\/\/api.w.org\/{rel}","templated":true}]}}