{"id":10051,"date":"2025-10-20T22:27:26","date_gmt":"2025-10-21T01:27:26","guid":{"rendered":"https:\/\/www.enorsai.com\/noticias\/?p=10051"},"modified":"2025-10-20T22:27:33","modified_gmt":"2025-10-21T01:27:33","slug":"al-frezzer-en-el-gobierno-quieren-esconder-a-milei-en-la-recta-final-de-las-elecciones","status":"publish","type":"post","link":"https:\/\/www.enorsai.com\/noticias\/politica\/al-frezzer-en-el-gobierno-quieren-esconder-a-milei-en-la-recta-final-de-las-elecciones\/","title":{"rendered":"\u00bfAl Frezzer? En el gobierno quieren esconder a Milei en la recta final de las elecciones"},"content":{"rendered":"\n<p>A una semana de las elecciones legislativas, el gobierno de Javier Milei atraviesa su momento m\u00e1s tenso y contradictorio. En los despachos de la Casa Rosada se impone una idea que, hasta hace poco, habr\u00eda parecido absurda para cualquier oficialismo en campa\u00f1a: que el presidente desaparezca del radar medi\u00e1tico. La orden no escrita es clara: \u201cguardarlo\u201d hasta despu\u00e9s de los comicios. La raz\u00f3n, admiten en su entorno, es tan simple como preocupante: \u201cEst\u00e1 cansado y enojado\u201d.<br \/><br \/>El clima de desgaste es inocultable. Las \u00faltimas apariciones p\u00fablicas de Milei dejaron m\u00e1s heridas que beneficios. En las entrevistas con Eduardo Feinmann y Esteban Trebucq se mostr\u00f3 a la defensiva, irritado incluso con periodistas afines, y en Mar del Plata protagoniz\u00f3 un cruce desafortunado con el periodista local Mariano Su\u00e1rez por una pregunta sobre el caso Espert. Despu\u00e9s intent\u00f3 disculparse, pero el da\u00f1o estaba hecho. La evaluaci\u00f3n posterior fue contundente: cada exposici\u00f3n se convierte en un riesgo. Por eso, los estrategas libertarios discuten c\u00f3mo evitar que repita errores en los d\u00edas m\u00e1s decisivos de la campa\u00f1a.<br \/><br \/>Seg\u00fan revel\u00f3 La Pol\u00edtica Online, hasta Karina Milei comparte el diagn\u00f3stico, aunque con resignaci\u00f3n: \u201cJavier est\u00e1 intratable\u201d. La frase, seca y definitiva, resume el estado de \u00e1nimo dentro del n\u00facleo m\u00e1s cerrado del poder. La fallida reuni\u00f3n con Donald Trump, los viajes incesantes por el pa\u00eds y el exterior, la corrida cambiaria que no cede y el caos de la campa\u00f1a confluyen en un cuadro de estr\u00e9s que el propio presidente ya no logra disimular. En los pasillos se comenta que incluso los colaboradores m\u00e1s leales evitan contradecirlo por temor a sus estallidos de furia.<br \/><br \/>El cuadro pol\u00edtico tampoco ayuda. La campa\u00f1a oficial es un campo minado por internas, improvisaci\u00f3n y derrotismo. El libertario Sebasti\u00e1n Pareja, a cargo de la estructura bonaerense, es acusado por sus propios compa\u00f1eros de haber \u201cmetido la marcha atr\u00e1s\u201d en los \u00faltimos d\u00edas de campa\u00f1a. Las actividades en territorio se vac\u00edan, los actos se suspenden y el fuego amigo se intensifica, como lo demostr\u00f3 la ins\u00f3lita declaraci\u00f3n de la funcionaria Karen Reitchard, que calific\u00f3 de \u201cenfermos mentales\u201d a quienes no voten al gobierno. Mientras tanto, los n\u00fameros que circulan en la Casa Rosada no son alentadores: los banqueros que se reunieron con dirigentes libertarios esta semana pintaron un escenario desolador, con una derrota en la provincia de Buenos Aires similar a la sufrida en septiembre. El gobierno necesita que al menos 1,9 millones de bonaerenses que no votaron vuelvan a las urnas y elijan a La Libertad Avanza para empatar; medio mill\u00f3n m\u00e1s ser\u00eda suficiente para achicar la distancia con el peronismo a nueve puntos.<br \/><br \/>En ese contexto, la figura del presidente, lejos de ser un motor de entusiasmo, se ha convertido en una fuente de incertidumbre. Su estilo confrontativo, que en campa\u00f1a fue un sello de autenticidad, hoy se percibe como signo de desequilibrio. \u201cEst\u00e1 enojado y cansado\u201d, repiten sus allegados, como si la fatiga pudiera justificar la descomposici\u00f3n pol\u00edtica que atraviesa su administraci\u00f3n. Pero la realidad es m\u00e1s compleja: el intento de manipular la manera en que se mostrar\u00e1n los resultados de la elecci\u00f3n y el desorden de la mesa pol\u00edtica libertaria exponen un gobierno sin br\u00fajula, atrapado entre la improvisaci\u00f3n y el desgaste.<br \/><br \/>El contraste con la oposici\u00f3n peronista es evidente. Mientras el oficialismo se enreda en sus propias internas, los referentes de Fuerza Patria, Jorge Taiana y Juan Grabois, optaron por bajar el perfil tras algunos tropiezos medi\u00e1ticos. Es la misma estrategia que ahora eval\u00faan los libertarios: callar, esconder, resistir el temporal sin m\u00e1s da\u00f1o. La diferencia es que en el caso del presidente, el silencio no parece una t\u00e1ctica calculada, sino una necesidad.<br \/><br \/>El cierre de campa\u00f1a de Milei promete ser el m\u00e1s at\u00edpico de la historia reciente: un mandatario escondido, una hermana que intenta contenerlo y un gobierno que no logra encontrar el equilibrio entre la exposici\u00f3n y el colapso. Si la apuesta de \u201cguardarlo\u201d resulta efectiva, se sabr\u00e1 el domingo. Si no, habr\u00e1 sido el \u00faltimo intento desesperado de una administraci\u00f3n que llega exhausta, sin discurso, sin \u00e9pica y, sobre todo, sin direcci\u00f3n.<br \/><br \/>Fuente: La Pol\u00edtica Online, 19 de octubre de 2025. https:\/\/www.lapoliticaonline.com\/politica\/el-gobierno-no-quiere-que-milei-vaya-a-la-television-la-semana-previa-a-la-eleccion<br \/><\/p>\n\n\n\n<p><\/p>\n","protected":false},"excerpt":{"rendered":"<p>A una semana de las elecciones legislativas, el gobierno de Javier Milei atraviesa su momento m\u00e1s tenso y contradictorio. En los despachos de la Casa Rosada se impone una idea que, hasta hace poco, habr\u00eda parecido absurda para cualquier oficialismo en campa\u00f1a: que el presidente desaparezca del radar medi\u00e1tico. La orden no escrita es clara:&#8230;<\/p>\n","protected":false},"author":9,"featured_media":10052,"comment_status":"open","ping_status":"open","sticky":false,"template":"","format":"standard","meta":{"_monsterinsights_skip_tracking":false,"_monsterinsights_sitenote_active":false,"_monsterinsights_sitenote_note":"","_monsterinsights_sitenote_category":0,"footnotes":"","jetpack_publicize_message":"","jetpack_publicize_feature_enabled":true,"jetpack_social_post_already_shared":true,"jetpack_social_options":{"image_generator_settings":{"template":"highway","default_image_id":0,"font":"","enabled":false},"version":2}},"categories":[2],"tags":[],"class_list":["post-10051","post","type-post","status-publish","format-standard","has-post-thumbnail","hentry","category-politica"],"jetpack_publicize_connections":[],"_links":{"self":[{"href":"https:\/\/www.enorsai.com\/noticias\/wp-json\/wp\/v2\/posts\/10051","targetHints":{"allow":["GET"]}}],"collection":[{"href":"https:\/\/www.enorsai.com\/noticias\/wp-json\/wp\/v2\/posts"}],"about":[{"href":"https:\/\/www.enorsai.com\/noticias\/wp-json\/wp\/v2\/types\/post"}],"author":[{"embeddable":true,"href":"https:\/\/www.enorsai.com\/noticias\/wp-json\/wp\/v2\/users\/9"}],"replies":[{"embeddable":true,"href":"https:\/\/www.enorsai.com\/noticias\/wp-json\/wp\/v2\/comments?post=10051"}],"version-history":[{"count":1,"href":"https:\/\/www.enorsai.com\/noticias\/wp-json\/wp\/v2\/posts\/10051\/revisions"}],"predecessor-version":[{"id":10053,"href":"https:\/\/www.enorsai.com\/noticias\/wp-json\/wp\/v2\/posts\/10051\/revisions\/10053"}],"wp:featuredmedia":[{"embeddable":true,"href":"https:\/\/www.enorsai.com\/noticias\/wp-json\/wp\/v2\/media\/10052"}],"wp:attachment":[{"href":"https:\/\/www.enorsai.com\/noticias\/wp-json\/wp\/v2\/media?parent=10051"}],"wp:term":[{"taxonomy":"category","embeddable":true,"href":"https:\/\/www.enorsai.com\/noticias\/wp-json\/wp\/v2\/categories?post=10051"},{"taxonomy":"post_tag","embeddable":true,"href":"https:\/\/www.enorsai.com\/noticias\/wp-json\/wp\/v2\/tags?post=10051"}],"curies":[{"name":"wp","href":"https:\/\/api.w.org\/{rel}","templated":true}]}}