{"id":10033,"date":"2025-10-20T17:01:19","date_gmt":"2025-10-20T20:01:19","guid":{"rendered":"https:\/\/www.enorsai.com\/noticias\/?p=10033"},"modified":"2025-10-20T17:01:58","modified_gmt":"2025-10-20T20:01:58","slug":"recalde-cada-seis-meses-salen-a-mendigar-dolares-mientras-esconden-sus-vinculos-con-el-narco","status":"publish","type":"post","link":"https:\/\/www.enorsai.com\/noticias\/politica\/recalde-cada-seis-meses-salen-a-mendigar-dolares-mientras-esconden-sus-vinculos-con-el-narco\/","title":{"rendered":"Recalde: \u201cCada seis meses salen a mendigar d\u00f3lares mientras esconden sus v\u00ednculos con el narco\u201d"},"content":{"rendered":"\n<p>El senador nacional por la Ciudad de Buenos Aires y candidato a renovar su banca por Fuerza Patria, Mariano Recalde, volvi\u00f3 a apuntar con dureza contra el gobierno de Javier Milei y su ministro de Econom\u00eda, Luis Caputo, al asegurar que \u201cal Gobierno no le cierran los n\u00fameros\u201d y que \u201ccada seis meses salen a pedir un rescate\u201d. En declaraciones a Splendid AM 990, el legislador denunci\u00f3 que la administraci\u00f3n libertaria intenta mostrar una estabilidad ficticia mientras, en los hechos, profundiza la dependencia financiera del pa\u00eds.<\/p>\n\n\n\n<p>\u201cEst\u00e1n desesperados, buscando plata por donde pueden\u201d, afirm\u00f3 Recalde, en referencia al fren\u00e9tico intento del oficialismo por obtener fondos internacionales. Se\u00f1al\u00f3 adem\u00e1s que el reciente encuentro entre Milei y Donald Trump en la Casa Blanca gener\u00f3 m\u00e1s sospechas que confianza. \u201cNo se sabe qu\u00e9 se firm\u00f3, y nadie cree que sea generosidad\u201d, advirti\u00f3, insinuando que detr\u00e1s del gesto diplom\u00e1tico podr\u00eda esconderse un acuerdo poco transparente.<\/p>\n\n\n\n<p>El senador porte\u00f1o tambi\u00e9n retom\u00f3 un tema que sigue generando esc\u00e1ndalo dentro de la pol\u00edtica argentina: la trama de presuntos aportes y transferencias entre el financista Federico \u201cFred\u201d Machado \u2014actualmente detenido y acusado de lavado de dinero\u2014, la empresaria Alejandra Bada V\u00e1zquez, due\u00f1a de L\u00e1cteos Vidal, y la ministra de Seguridad, Patricia Bullrich. \u201cHay una transferencia de Machado a L\u00e1cteos Vidal y otra de la due\u00f1a de esa empresa, Alejandra Bada V\u00e1zquez, a Patricia Bullrich, que aport\u00f3 dinero a la campa\u00f1a de Bullrich en 2023 y se reuni\u00f3 con ella en el Ministerio de Seguridad\u201d, revel\u00f3 Recalde.<\/p>\n\n\n\n<p>El candidato de Fuerza Patria record\u00f3 que tanto Bullrich como el diputado Jos\u00e9 Luis Espert se niegan sistem\u00e1ticamente a responder sobre estos v\u00ednculos. \u201cCada vez que le preguntan, responde igual que Espert, que dijo que no iba a entrar en ese juego\u201d, sostuvo. Aun as\u00ed, remarc\u00f3 que \u201cest\u00e1n las pruebas en los documentos oficiales\u201d y que los registros del Gobierno Nacional confirman la existencia de esos aportes. En el mismo expediente \u2014dijo\u2014 se detalla que Espert habr\u00eda recibido 200.000 d\u00f3lares de Machado durante la campa\u00f1a.<\/p>\n\n\n\n<p>Recalde enmarc\u00f3 estas denuncias en un panorama m\u00e1s amplio de degradaci\u00f3n institucional. \u201cHay una presencia muy visible del narcotr\u00e1fico en la pol\u00edtica. El domingo la gente tiene que ir a castigar al Gobierno\u201d, expres\u00f3 con contundencia. Seg\u00fan el senador, la mezcla entre negocios il\u00edcitos y poder pol\u00edtico constituye uno de los s\u00edntomas m\u00e1s alarmantes de la actual gesti\u00f3n.<\/p>\n\n\n\n<p>El dirigente porte\u00f1o, que busca renovar su banca en el Senado, aprovech\u00f3 sus declaraciones para insistir en que la Argentina vive una crisis econ\u00f3mica y moral sin precedentes, donde las prioridades del Ejecutivo est\u00e1n puestas en sostener un modelo financiero insostenible y no en resolver los problemas reales de la sociedad. Para Recalde, el Gobierno se encuentra atrapado en su propio discurso: promete independencia del Estado y del \u201ccasta\u201d pol\u00edtica, pero termina pidiendo rescates cada vez m\u00e1s costosos y cediendo soberan\u00eda a cambio de d\u00f3lares.<\/p>\n\n\n\n<p>En plena recta final de la campa\u00f1a electoral, el mensaje de Recalde busca poner en evidencia las contradicciones de Milei y Caputo. La supuesta \u201crecuperaci\u00f3n econ\u00f3mica\u201d que el oficialismo difunde se enfrenta con la realidad de un pa\u00eds que sigue endeudado, con inflaci\u00f3n persistente, ca\u00edda del consumo y p\u00e9rdida de empleo. A su vez, los v\u00ednculos con figuras del empresariado sospechadas de lavado o narcotr\u00e1fico exponen \u2014seg\u00fan el candidato\u2014 el costado m\u00e1s oscuro de una gesti\u00f3n que lleg\u00f3 al poder prometiendo transparencia y termin\u00f3 envuelta en los mismos esc\u00e1ndalos que criticaba.<\/p>\n\n\n\n<p>\u201cCuando uno ve que cada seis meses el Presidente y su ministro salen a pedir ayuda afuera, entiende que el modelo no cierra. No cierra en los n\u00fameros y tampoco en lo \u00e9tico\u201d, dijo el senador, insistiendo en que el Gobierno est\u00e1 \u201cgastando su credibilidad a ritmo acelerado\u201d.<\/p>\n\n\n\n<p>Con un tono m\u00e1s pol\u00edtico que t\u00e9cnico, Recalde cerr\u00f3 su intervenci\u00f3n apelando al voto de castigo: \u201cEl domingo la gente tiene que ir a castigar al Gobierno\u201d, remarc\u00f3, convencido de que las urnas ser\u00e1n el escenario donde la sociedad exprese su rechazo al ajuste, al endeudamiento y a la opacidad de los acuerdos internacionales que el Ejecutivo se niega a transparentar.<\/p>\n\n\n\n<p><\/p>\n\n\n\n<p><strong>Fuentes:<\/strong><\/p>\n\n\n\n<p>Agencia Noticias Argentinas (ANA) \u2013 \u201cRecalde: \u2018Al Gobierno no le cierran los n\u00fameros\u2019\u201d https:\/\/www.aninoticias.com.ar\/noticia\/recalde-al-gobierno-no-le-cierran-los-numeros<\/p>\n\n\n\n<p>Entrevista en Splendid AM 990 \u2013 https:\/\/splendidam990.com.ar<\/p>\n","protected":false},"excerpt":{"rendered":"<p>El senador nacional por la Ciudad de Buenos Aires y candidato a renovar su banca por Fuerza Patria, Mariano Recalde, volvi\u00f3 a apuntar con dureza contra el gobierno de Javier Milei y su ministro de Econom\u00eda, Luis Caputo, al asegurar que \u201cal Gobierno no le cierran los n\u00fameros\u201d y que \u201ccada seis meses salen a&#8230;<\/p>\n","protected":false},"author":12,"featured_media":10034,"comment_status":"open","ping_status":"open","sticky":false,"template":"","format":"standard","meta":{"_monsterinsights_skip_tracking":false,"_monsterinsights_sitenote_active":false,"_monsterinsights_sitenote_note":"","_monsterinsights_sitenote_category":0,"footnotes":"","jetpack_publicize_message":"","jetpack_publicize_feature_enabled":true,"jetpack_social_post_already_shared":true,"jetpack_social_options":{"image_generator_settings":{"template":"highway","default_image_id":0,"font":"","enabled":false},"version":2}},"categories":[2],"tags":[],"class_list":["post-10033","post","type-post","status-publish","format-standard","has-post-thumbnail","hentry","category-politica"],"jetpack_publicize_connections":[],"_links":{"self":[{"href":"https:\/\/www.enorsai.com\/noticias\/wp-json\/wp\/v2\/posts\/10033","targetHints":{"allow":["GET"]}}],"collection":[{"href":"https:\/\/www.enorsai.com\/noticias\/wp-json\/wp\/v2\/posts"}],"about":[{"href":"https:\/\/www.enorsai.com\/noticias\/wp-json\/wp\/v2\/types\/post"}],"author":[{"embeddable":true,"href":"https:\/\/www.enorsai.com\/noticias\/wp-json\/wp\/v2\/users\/12"}],"replies":[{"embeddable":true,"href":"https:\/\/www.enorsai.com\/noticias\/wp-json\/wp\/v2\/comments?post=10033"}],"version-history":[{"count":1,"href":"https:\/\/www.enorsai.com\/noticias\/wp-json\/wp\/v2\/posts\/10033\/revisions"}],"predecessor-version":[{"id":10035,"href":"https:\/\/www.enorsai.com\/noticias\/wp-json\/wp\/v2\/posts\/10033\/revisions\/10035"}],"wp:featuredmedia":[{"embeddable":true,"href":"https:\/\/www.enorsai.com\/noticias\/wp-json\/wp\/v2\/media\/10034"}],"wp:attachment":[{"href":"https:\/\/www.enorsai.com\/noticias\/wp-json\/wp\/v2\/media?parent=10033"}],"wp:term":[{"taxonomy":"category","embeddable":true,"href":"https:\/\/www.enorsai.com\/noticias\/wp-json\/wp\/v2\/categories?post=10033"},{"taxonomy":"post_tag","embeddable":true,"href":"https:\/\/www.enorsai.com\/noticias\/wp-json\/wp\/v2\/tags?post=10033"}],"curies":[{"name":"wp","href":"https:\/\/api.w.org\/{rel}","templated":true}]}}