{"id":10023,"date":"2025-10-20T12:45:22","date_gmt":"2025-10-20T15:45:22","guid":{"rendered":"https:\/\/www.enorsai.com\/noticias\/?p=10023"},"modified":"2025-10-20T12:50:21","modified_gmt":"2025-10-20T15:50:21","slug":"karina-milei-quedo-mas-cerca-de-ser-llevada-por-la-fuerza-publica-a-declarar-en-diputados","status":"publish","type":"post","link":"https:\/\/www.enorsai.com\/noticias\/politica\/karina-milei-quedo-mas-cerca-de-ser-llevada-por-la-fuerza-publica-a-declarar-en-diputados\/","title":{"rendered":"Karina Milei qued\u00f3 m\u00e1s&nbsp; cerca de ser llevada por la fuerza p\u00fablica a declarar&nbsp; en Diputados"},"content":{"rendered":"\n<p>La investigaci\u00f3n por el esc\u00e1ndalo de la criptomoneda $Libra, que sacude al gobierno libertario, dio un giro que compromete directamente a Karina Milei, la poderosa hermana del presidente. La Justicia acept\u00f3 la apelaci\u00f3n presentada por la comisi\u00f3n investigadora de la C\u00e1mara de Diputados y dej\u00f3 firme la posibilidad de que sea llevada por la fuerza p\u00fablica a declarar, luego de reiteradas ausencias a las citaciones parlamentarias. El juez federal Marcelo Mart\u00ednez de Giorgi, quien hab\u00eda frenado inicialmente la medida, revirti\u00f3 su decisi\u00f3n y ahora ser\u00e1 la C\u00e1mara de Apelaciones la que defina si se autoriza el procedimiento coercitivo. Si la resoluci\u00f3n avanza, la secretaria general de la Presidencia podr\u00eda verse obligada a comparecer por la fuerza ante el Congreso de la Naci\u00f3n.<br><br>El caso $Libra comenz\u00f3 con una sospecha concreta: el uso de informaci\u00f3n privilegiada para operar con 74 billeteras virtuales antes del tuit del presidente que promocion\u00f3 la criptomoneda. La maniobra, detectada por organismos financieros y luego denunciada por legisladores opositores, habr\u00eda generado movimientos de compraventa inusuales previos a la publicaci\u00f3n presidencial, lo que despert\u00f3 la sospecha de que funcionarios o allegados al poder tuvieran conocimiento anticipado del anuncio. En esa l\u00ednea, la comisi\u00f3n investigadora busca determinar si hubo encubrimiento o complicidad desde la Casa Rosada.<br><br>La decisi\u00f3n judicial de Mart\u00ednez de Giorgi no solo devuelve el impulso a la investigaci\u00f3n parlamentaria, sino que coloca al gobierno en una posici\u00f3n inc\u00f3moda. La hermana del presidente, que en los hechos act\u00faa como jefa pol\u00edtica del oficialismo y principal operadora de la gesti\u00f3n, podr\u00eda verse obligada a presentarse ante los legisladores en un contexto de creciente desconfianza p\u00fablica. La oposici\u00f3n espera que este lunes se habilite el acceso al expediente judicial para avanzar en la tramitaci\u00f3n, mientras la C\u00e1mara de Apelaciones estudia la admisibilidad de la medida.<br><br>El expediente, que ya tiene ramificaciones internacionales, menciona tambi\u00e9n al propio Javier Milei. Seg\u00fan medios estadounidenses, una jueza federal habr\u00eda determinado que tanto el presidente como su hermana podr\u00edan haber sido beneficiarios indirectos de la difusi\u00f3n del token $Libra, un esquema que habr\u00eda excluido al Estado argentino de las ganancias derivadas de la operatoria. Si se comprobara esa conexi\u00f3n, la investigaci\u00f3n adquirir\u00eda una gravedad institucional in\u00e9dita, involucrando a la c\u00fapula misma del poder ejecutivo.<br><br>En el Congreso, los diputados que integran la comisi\u00f3n investigadora ya hab\u00edan advertido que, de persistir la negativa de Karina Milei a declarar, avanzar\u00edan con la fuerza p\u00fablica. La apelaci\u00f3n ahora aceptada abre la puerta para que esa decisi\u00f3n se concrete. En septiembre, la funcionaria fue citada dos veces sin presentarse y su silencio fue interpretado como un desaf\u00edo abierto al control parlamentario. La oposici\u00f3n considera que su ausencia constituye una falta de respeto institucional y una maniobra deliberada para obstaculizar la investigaci\u00f3n.<br><br>El esc\u00e1ndalo crece en un clima pol\u00edtico enrarecido. Mientras la Casa Rosada intenta minimizar el impacto medi\u00e1tico del caso, los principales medios internacionales ya recogen la noticia como un s\u00edmbolo de la tensi\u00f3n entre el discurso moralizador del gobierno y las pr\u00e1cticas internas de su c\u00edrculo m\u00e1s \u00edntimo. Lo que comenz\u00f3 como una operaci\u00f3n financiera opaca se transform\u00f3 en un conflicto de poder entre el Ejecutivo y el Legislativo, que amenaza con derivar en una crisis pol\u00edtica de proporciones.<br><br>La figura de Karina Milei, hasta ahora blindada por el aparato comunicacional oficialista, enfrenta su primer gran test institucional. La eventual utilizaci\u00f3n de la fuerza p\u00fablica para obligarla a declarar marcar\u00eda un precedente in\u00e9dito en la historia reciente del pa\u00eds. El caso $Libra expone no solo la fragilidad \u00e9tica del gobierno libertario, sino tambi\u00e9n las tensiones internas de un poder concentrado en un n\u00facleo familiar que opera con la l\u00f3gica de un clan pol\u00edtico. Si la C\u00e1mara de Apelaciones confirma la medida, el impacto sobre la imagen del oficialismo ser\u00e1 inevitable: el c\u00edrculo \u00edntimo del presidente sentado ante una comisi\u00f3n parlamentaria, obligado a rendir cuentas.<br><br>El desenlace judicial podr\u00eda conocerse en los pr\u00f3ximos d\u00edas. Por ahora, lo \u00fanico seguro es que la hermana del presidente, a quien se le atribuye el control absoluto de la agenda pol\u00edtica y administrativa del gobierno, qued\u00f3 al borde de un hecho sin precedentes: ser conducida por la fuerza a declarar ante el Congreso de la Naci\u00f3n.<br><br>Fuentes:<br>1. \u00abLa Justicia acept\u00f3 la apelaci\u00f3n de la comisi\u00f3n investigadora de Diputados y dej\u00f3 a Karina Milei al borde de ser llevada por la fuerza p\u00fablica para declarar por el caso $Libra, que tambi\u00e9n involucra a su hermano, el presidente Javier Milei.\u00bb \u2013 Clar\u00edn<br>https:\/\/www.clarin.com\/politica\/caso-libra-karina-milei-quedo-cerca-llevada-fuerza-publica-declarar-diputados_0_HUG9wSFaZ0.html <br><br>2. \u00abLa jueza federal Jennifer Rochon \u2026 concluy\u00f3 que tanto el presidente Javier Milei como su hermana Karina podr\u00edan haber sido beneficiarios indirectos de la difusi\u00f3n del token $LIBRA, \u2026\u00bb \u2013 La Naci\u00f3n<br>https:\/\/www.lanacion.com.ar\/politica\/para-la-justicia-de-estados-unidos-javier-milei-su-hermana-o-hayden-davis-podrian-ser-los-duenos-de-nid20102025\/ <br><br>3. \u00abLa hermana del presidente Javier Milei fue se\u00f1alada por primera vez en la millonaria causa judicial \u2026\u00bb \u2013 Secci\u00f3n Pa\u00eds (SeccionPais.com)<br>https:\/\/seccionpais.com\/contenido\/15245\/caso-libra-mencionan-por-primera-vez-a-karina-milei-en-la-demanda-en-nueva-york <\/p>\n","protected":false},"excerpt":{"rendered":"<p>La investigaci\u00f3n por el esc\u00e1ndalo de la criptomoneda $Libra, que sacude al gobierno libertario, dio un giro que compromete directamente a Karina Milei, la poderosa hermana del presidente. La Justicia acept\u00f3 la apelaci\u00f3n presentada por la comisi\u00f3n investigadora de la C\u00e1mara de Diputados y dej\u00f3 firme la posibilidad de que sea llevada por la fuerza&#8230;<\/p>\n","protected":false},"author":11,"featured_media":10022,"comment_status":"open","ping_status":"open","sticky":false,"template":"","format":"standard","meta":{"_monsterinsights_skip_tracking":false,"_monsterinsights_sitenote_active":false,"_monsterinsights_sitenote_note":"","_monsterinsights_sitenote_category":0,"footnotes":"","jetpack_publicize_message":"","jetpack_publicize_feature_enabled":true,"jetpack_social_post_already_shared":true,"jetpack_social_options":{"image_generator_settings":{"template":"highway","default_image_id":0,"font":"","enabled":false},"version":2}},"categories":[2],"tags":[],"class_list":["post-10023","post","type-post","status-publish","format-standard","has-post-thumbnail","hentry","category-politica"],"jetpack_publicize_connections":[],"_links":{"self":[{"href":"https:\/\/www.enorsai.com\/noticias\/wp-json\/wp\/v2\/posts\/10023","targetHints":{"allow":["GET"]}}],"collection":[{"href":"https:\/\/www.enorsai.com\/noticias\/wp-json\/wp\/v2\/posts"}],"about":[{"href":"https:\/\/www.enorsai.com\/noticias\/wp-json\/wp\/v2\/types\/post"}],"author":[{"embeddable":true,"href":"https:\/\/www.enorsai.com\/noticias\/wp-json\/wp\/v2\/users\/11"}],"replies":[{"embeddable":true,"href":"https:\/\/www.enorsai.com\/noticias\/wp-json\/wp\/v2\/comments?post=10023"}],"version-history":[{"count":1,"href":"https:\/\/www.enorsai.com\/noticias\/wp-json\/wp\/v2\/posts\/10023\/revisions"}],"predecessor-version":[{"id":10024,"href":"https:\/\/www.enorsai.com\/noticias\/wp-json\/wp\/v2\/posts\/10023\/revisions\/10024"}],"wp:featuredmedia":[{"embeddable":true,"href":"https:\/\/www.enorsai.com\/noticias\/wp-json\/wp\/v2\/media\/10022"}],"wp:attachment":[{"href":"https:\/\/www.enorsai.com\/noticias\/wp-json\/wp\/v2\/media?parent=10023"}],"wp:term":[{"taxonomy":"category","embeddable":true,"href":"https:\/\/www.enorsai.com\/noticias\/wp-json\/wp\/v2\/categories?post=10023"},{"taxonomy":"post_tag","embeddable":true,"href":"https:\/\/www.enorsai.com\/noticias\/wp-json\/wp\/v2\/tags?post=10023"}],"curies":[{"name":"wp","href":"https:\/\/api.w.org\/{rel}","templated":true}]}}