{"id":10016,"date":"2025-10-20T10:56:55","date_gmt":"2025-10-20T13:56:55","guid":{"rendered":"https:\/\/www.enorsai.com\/noticias\/?p=10016"},"modified":"2025-10-20T10:57:09","modified_gmt":"2025-10-20T13:57:09","slug":"machirulos-concejal-libertario-detenido-por-intento-de-femicidio-le-disparo-dos-veces-a-su-pareja-en-san-vicente","status":"publish","type":"post","link":"https:\/\/www.enorsai.com\/noticias\/politica\/machirulos-concejal-libertario-detenido-por-intento-de-femicidio-le-disparo-dos-veces-a-su-pareja-en-san-vicente\/","title":{"rendered":"\u00a1Machirulos! Concejal libertario detenido por intento de femicidio: le dispar\u00f3 dos veces a su pareja en San Vicente"},"content":{"rendered":"\n<p>El intento de femicidio protagonizado por un concejal electo de La Libertad Avanza expone nuevamente la violencia que atraviesa al espacio que gobierna el pa\u00eds. Ignacio Contreras, recientemente electo concejal por el distrito bonaerense de San Vicente, fue detenido tras ser denunciado por su pareja, una joven de 24 a\u00f1os, por haberle disparado dos veces con un arma de fuego durante una discusi\u00f3n. El hecho ocurri\u00f3 en un campo denominado \u201cMi Viejo\u201d, ubicado en el camino Once Boca.<\/p>\n\n\n\n<p>Seg\u00fan la informaci\u00f3n confirmada por fuentes policiales, los efectivos del Comando de Prevenci\u00f3n Rural acudieron al lugar alertados por una llamada que advert\u00eda sobre una pelea y detonaciones. Al llegar, encontraron una pistola calibre 9 mil\u00edmetros con varias vainas servidas en un ba\u00f1o de la vivienda. La mujer, en estado de shock, fue trasladada a la Comisar\u00eda de la Mujer de San Vicente, donde realiz\u00f3 la denuncia correspondiente.<\/p>\n\n\n\n<figure class=\"wp-block-embed is-type-rich is-provider-twitter wp-block-embed-twitter\"><div class=\"wp-block-embed__wrapper\">\n<blockquote class=\"twitter-tweet\" data-width=\"550\" data-dnt=\"true\"><p lang=\"es\" dir=\"ltr\"><a href=\"https:\/\/twitter.com\/hashtag\/Policiales?src=hash&amp;ref_src=twsrc%5Etfw\">#Policiales<\/a> \ud83d\ude94 Cay\u00f3 por violencia de g\u00e9nero Ignacio \u201cNacho\u201d Contreras, concejal libertario electo por San Vicente.<br><br>\ud83d\udd2b El sujeto, quien encabez\u00f3 la lista de candidatos a ediles de este distrito del Conurbano sudoeste por La Libertad Avanza, habr\u00eda disparado al menos dos veces su\u2026 <a href=\"https:\/\/t.co\/jrY559QFC2\">pic.twitter.com\/jrY559QFC2<\/a><\/p>&mdash; ANDigital (@ANDigitalOK) <a href=\"https:\/\/twitter.com\/ANDigitalOK\/status\/1980120153464479985?ref_src=twsrc%5Etfw\">October 20, 2025<\/a><\/blockquote><script async src=\"https:\/\/platform.twitter.com\/widgets.js\" charset=\"utf-8\"><\/script>\n<\/div><\/figure>\n\n\n\n<p>La fiscal Karina Guyot, a cargo de la UFI descentralizada de San Vicente, orden\u00f3 la inmediata aprehensi\u00f3n del dirigente libertario y el inicio de las pericias para determinar responsabilidades. Se espera que los resultados de las pruebas de residuos de p\u00f3lvora definan qui\u00e9n efectu\u00f3 los disparos. Seg\u00fan trascendi\u00f3, el arma estaba registrada a nombre de Contreras, quien al momento del operativo presentaba signos evidentes de intoxicaci\u00f3n alcoh\u00f3lica.<\/p>\n\n\n\n<p>El dirigente hab\u00eda encabezado la lista local de La Libertad Avanza en las elecciones del 7 de septiembre pasado y se preparaba para asumir su banca en el Concejo Deliberante. Ahora, su carrera pol\u00edtica qued\u00f3 suspendida y bajo un severo escrutinio judicial. El episodio reaviva el debate sobre los mecanismos de control y selecci\u00f3n de candidatos dentro de los partidos, especialmente en un espacio que ha hecho de la \u201cmoral y el orden\u201d su bandera discursiva mientras acumula denuncias por violencia, acoso y corrupci\u00f3n en distintos niveles del poder.<\/p>\n\n\n\n<p>La violencia de g\u00e9nero, lejos de ser un fen\u00f3meno aislado, atraviesa tambi\u00e9n las estructuras del poder pol\u00edtico. Cuando un representante electo empu\u00f1a un arma contra su pareja, el hecho trasciende lo privado y se convierte en una afrenta al mandato democr\u00e1tico. Las organizaciones feministas de la regi\u00f3n ya exigen que La Libertad Avanza expulse de inmediato a Contreras de sus filas y que la justicia avance con una imputaci\u00f3n por intento de femicidio.<\/p>\n\n\n\n<figure class=\"wp-block-embed is-type-rich is-provider-twitter wp-block-embed-twitter\"><div class=\"wp-block-embed__wrapper\">\n<blockquote class=\"twitter-tweet\" data-width=\"550\" data-dnt=\"true\"><p lang=\"es\" dir=\"ltr\">IGNACIO CONTRERAS, concejal electo por LLA. Otro violento FEMICIDA LIBERTARIO.<br><br>Son todos narcos, violines y asesinos. <a href=\"https:\/\/t.co\/Frhmsmxldh\">pic.twitter.com\/Frhmsmxldh<\/a><\/p>&mdash; M (@MConurbasic) <a href=\"https:\/\/twitter.com\/MConurbasic\/status\/1980253897013743734?ref_src=twsrc%5Etfw\">October 20, 2025<\/a><\/blockquote><script async src=\"https:\/\/platform.twitter.com\/widgets.js\" charset=\"utf-8\"><\/script>\n<\/div><\/figure>\n\n\n\n<p>La causa contin\u00faa en manos de la UFI de San Vicente, mientras el acusado permanece detenido. Ning\u00fan referente nacional del oficialismo libertario se pronunci\u00f3 hasta el momento sobre el caso, en un silencio que resulta tan ensordecedor como el disparo que casi termina con la vida de una mujer.<\/p>\n\n\n\n<p><strong>Fuentes:<\/strong><\/p>\n\n\n\n<p>Video C5N &#8211; https:\/\/x.com\/C5N\/status\/1980211181022544034<br>La Tecla \u2013 \u201cDe encabezar la lista al calabozo: concejal libertario fue detenido por violencia de g\u00e9nero\u201d https:\/\/www.latecla.info\/162336-de-encabezar-la-lista-al-calabozo-concejal-libertario-fue-detenido-por-violencia-de-genero<\/p>\n","protected":false},"excerpt":{"rendered":"<p>El intento de femicidio protagonizado por un concejal electo de La Libertad Avanza expone nuevamente la violencia que atraviesa al espacio que gobierna el pa\u00eds. Ignacio Contreras, recientemente electo concejal por el distrito bonaerense de San Vicente, fue detenido tras ser denunciado por su pareja, una joven de 24 a\u00f1os, por haberle disparado dos veces&#8230;<\/p>\n","protected":false},"author":9,"featured_media":10017,"comment_status":"open","ping_status":"open","sticky":false,"template":"","format":"standard","meta":{"_monsterinsights_skip_tracking":false,"_monsterinsights_sitenote_active":false,"_monsterinsights_sitenote_note":"","_monsterinsights_sitenote_category":0,"footnotes":"","jetpack_publicize_message":"","jetpack_publicize_feature_enabled":true,"jetpack_social_post_already_shared":true,"jetpack_social_options":{"image_generator_settings":{"template":"highway","default_image_id":0,"font":"","enabled":false},"version":2}},"categories":[2],"tags":[],"class_list":["post-10016","post","type-post","status-publish","format-standard","has-post-thumbnail","hentry","category-politica"],"jetpack_publicize_connections":[],"_links":{"self":[{"href":"https:\/\/www.enorsai.com\/noticias\/wp-json\/wp\/v2\/posts\/10016","targetHints":{"allow":["GET"]}}],"collection":[{"href":"https:\/\/www.enorsai.com\/noticias\/wp-json\/wp\/v2\/posts"}],"about":[{"href":"https:\/\/www.enorsai.com\/noticias\/wp-json\/wp\/v2\/types\/post"}],"author":[{"embeddable":true,"href":"https:\/\/www.enorsai.com\/noticias\/wp-json\/wp\/v2\/users\/9"}],"replies":[{"embeddable":true,"href":"https:\/\/www.enorsai.com\/noticias\/wp-json\/wp\/v2\/comments?post=10016"}],"version-history":[{"count":1,"href":"https:\/\/www.enorsai.com\/noticias\/wp-json\/wp\/v2\/posts\/10016\/revisions"}],"predecessor-version":[{"id":10018,"href":"https:\/\/www.enorsai.com\/noticias\/wp-json\/wp\/v2\/posts\/10016\/revisions\/10018"}],"wp:featuredmedia":[{"embeddable":true,"href":"https:\/\/www.enorsai.com\/noticias\/wp-json\/wp\/v2\/media\/10017"}],"wp:attachment":[{"href":"https:\/\/www.enorsai.com\/noticias\/wp-json\/wp\/v2\/media?parent=10016"}],"wp:term":[{"taxonomy":"category","embeddable":true,"href":"https:\/\/www.enorsai.com\/noticias\/wp-json\/wp\/v2\/categories?post=10016"},{"taxonomy":"post_tag","embeddable":true,"href":"https:\/\/www.enorsai.com\/noticias\/wp-json\/wp\/v2\/tags?post=10016"}],"curies":[{"name":"wp","href":"https:\/\/api.w.org\/{rel}","templated":true}]}}