{"id":10011,"date":"2025-10-20T10:15:23","date_gmt":"2025-10-20T13:15:23","guid":{"rendered":"https:\/\/www.enorsai.com\/noticias\/?p=10011"},"modified":"2025-10-20T10:15:29","modified_gmt":"2025-10-20T13:15:29","slug":"santilli-repite-el-libreto-libertario-y-miente-los-datos-oficiales-del-sipa-desmienten-su-discurso-sobre-el-empleo-formal","status":"publish","type":"post","link":"https:\/\/www.enorsai.com\/noticias\/politica\/santilli-repite-el-libreto-libertario-y-miente-los-datos-oficiales-del-sipa-desmienten-su-discurso-sobre-el-empleo-formal\/","title":{"rendered":"Santilli repite el libreto libertario y miente: los datos oficiales del SIPA desmienten su discurso sobre el empleo formal"},"content":{"rendered":"\n<p>Diego Santilli volvi\u00f3 a los estudios de LN+ con el libreto cl\u00e1sico del oficialismo libertario: culpar a los trabajadores de los males del pa\u00eds y justificar, bajo la etiqueta de \u201cmodernizaci\u00f3n\u201d, un brutal retroceso en materia de derechos laborales. All\u00ed pidi\u00f3 abiertamente una \u201creforma laboral\u201d y el fin de la \u201cindustria del juicio\u201d, sosteniendo que \u201cdesde 2010 no se crean empleos formales\u201d. La frase, que busca instalar un sentido com\u00fan de par\u00e1lisis econ\u00f3mica, se desploma con la simple evidencia de los datos oficiales. Basta ingresar al sistema SIPA para comprobar que en los \u00faltimos quince a\u00f1os hubo altibajos, etapas de expansi\u00f3n y contracci\u00f3n, pero nunca un estancamiento absoluto. La afirmaci\u00f3n de Santilli no resiste un m\u00ednimo chequeo estad\u00edstico.<\/p>\n\n\n\n<p>Seg\u00fan los informes del Sistema Integrado Previsional Argentino, hubo per\u00edodos de crecimiento sostenido del empleo registrado, en especial durante 2011-2015 y nuevamente en 2021-2022, cuando el pa\u00eds sali\u00f3 de la pandemia con una recuperaci\u00f3n notable del trabajo formal. Incluso en el inicio de 2024 se registr\u00f3 una leve recuperaci\u00f3n de unos 28 mil trabajadores formales tras una fuerte ca\u00edda en los meses previos. Negar estos hechos equivale a borrar con el codo una d\u00e9cada y media de informaci\u00f3n p\u00fablica, solo para acomodar el discurso a las necesidades de un gobierno que avanza sobre los derechos laborales.<\/p>\n\n\n\n<p>Pero lo que s\u00ed es real \u2014aunque Santilli omite convenientemente\u2014 es que la etapa actual s\u00ed representa uno de los peores momentos del empleo formal por el cierre masivo de pymes desde la asunci\u00f3n de Javier Milei. En menos de un a\u00f1o se estima que cerraron m\u00e1s de 15 000 empresas, lo que equivale a cerca de 40 firmas por d\u00eda. La cifra \u201cuna empresa cada 26 horas\u201d circula con variaciones, pero todas las fuentes coinciden en el diagn\u00f3stico: la ca\u00edda del consumo, la recesi\u00f3n inducida por el ajuste fiscal y la apertura indiscriminada de importaciones est\u00e1n liquidando el tejido productivo. El caso de Burger King, que cerr\u00f3 locales en varias provincias, o el de la cadena de supermercados Vea, que dej\u00f3 a cientos de empleados sin tareas, son ejemplos visibles de un fen\u00f3meno extendido: la econom\u00eda se achica, los salarios pierden poder adquisitivo y la demanda interna se desploma. No es la \u201cindustria del juicio\u201d la que quiebra a las pymes, sino la pol\u00edtica econ\u00f3mica del propio gobierno que Santilli defiende.<\/p>\n\n\n\n<figure class=\"wp-block-embed is-type-rich is-provider-twitter wp-block-embed-twitter\"><div class=\"wp-block-embed__wrapper\">\n<blockquote class=\"twitter-tweet\" data-width=\"550\" data-dnt=\"true\"><p lang=\"es\" dir=\"ltr\">Diego Santilli fue a LN+ a pedir una reforma laboral y el fin de la \u201cindustria del juicio\u201d. Entre tantas mentiras, dijo que desde 2010 no se crean empleos formales, algo que se desmiente con solo buscar \u201cSIPA\u201d en Google. Los datos muestran que miente, y que hoy atravesamos la\u2026 <a href=\"https:\/\/t.co\/RTx8DpZU5D\">pic.twitter.com\/RTx8DpZU5D<\/a><\/p>&mdash; El Prensero (@El_Prensero) <a href=\"https:\/\/twitter.com\/El_Prensero\/status\/1980251560253780381?ref_src=twsrc%5Etfw\">October 20, 2025<\/a><\/blockquote><script async src=\"https:\/\/platform.twitter.com\/widgets.js\" charset=\"utf-8\"><\/script>\n<\/div><\/figure>\n\n\n\n<p>En ese contexto, el diputado se suma al coro oficialista que impulsa una reforma laboral de caracter\u00edsticas abiertamente regresivas. Entre sus pilares figuran la eliminaci\u00f3n de la indemnizaci\u00f3n por despido, la restricci\u00f3n del acceso a la Justicia laboral y la posibilidad de que las vacaciones se otorguen seg\u00fan lo decida el empleador. Es decir, una legalizaci\u00f3n de la precariedad. Bajo la ret\u00f3rica de \u201cliberar al mercado\u201d se esconde la vieja receta de transferencia de poder y rentabilidad desde los trabajadores hacia los grandes grupos econ\u00f3micos. La historia argentina demuestra que cada vez que se flexibiliz\u00f3 el trabajo \u2014en los 90, por ejemplo\u2014 no hubo creaci\u00f3n masiva de empleo ni aumento del salario real, sino una mayor concentraci\u00f3n y p\u00e9rdida de derechos.<\/p>\n\n\n\n<p>Santilli repite una narrativa que pretende convencer al p\u00fablico de que el problema del pa\u00eds es el trabajador que reclama, no el empresario que evade o el Estado que ajusta. Pero los n\u00fameros oficiales desmienten su relato. Desde 2010 hubo crecimiento del empleo formal, alternado con crisis que respondieron a pol\u00edticas recesivas, no a la legislaci\u00f3n laboral. Hoy la destrucci\u00f3n de puestos de trabajo no se explica por los juicios laborales, sino por el cierre de empresas asfixiadas por tarifas dolarizadas, tasas de inter\u00e9s imposibles y un mercado interno devastado. El gobierno de Milei no est\u00e1 combatiendo la \u201cindustria del juicio\u201d; est\u00e1 demoliendo la industria en general.<\/p>\n\n\n\n<p>El discurso de Santilli, lejos de ser un diagn\u00f3stico, funciona como cortina de humo para encubrir las consecuencias sociales del experimento libertario. Mientras el Estado se retira de su rol de garante del trabajo y del consumo, las grandes corporaciones concentran beneficios y los asalariados pierden derechos que costaron un siglo de luchas. La supuesta \u201cmodernizaci\u00f3n\u201d laboral no es m\u00e1s que una reforma a medida del capital financiero: abaratar despidos, disciplinar trabajadores y dejar la puerta abierta a contratos flexibles y sin protecci\u00f3n.<\/p>\n\n\n\n<p>As\u00ed, el verdadero dato que desnuda la mentira de Santilli es otro: el pa\u00eds no dej\u00f3 de crear empleo formal por culpa de los derechos laborales, sino por las pol\u00edticas que los destruyen. Hoy la realidad muestra que las pymes se cierran, las cadenas de consumo se retiran y los indicadores del SIPA marcan el retroceso m\u00e1s profundo desde la crisis de 2001. Frente a ello, repetir falsedades en televisi\u00f3n no es un error: es una estrategia. En tiempos de ajuste y desinformaci\u00f3n, negar los datos oficiales se convierte en la coartada perfecta para justificar lo injustificable.<\/p>\n\n\n\n<p>Fuentes:<\/p>\n\n\n\n<p>\u201cCon Milei cierran 28 empresas por d\u00eda en el pa\u00eds\u201d. <em>Perfil<\/em>. 12 octubre 2025.<br>https:\/\/www.perfil.com\/noticias\/economia\/con-milei-cierran-28-empresas-por-dia-en-el-pais.phtml <\/p>\n\n\n\n<p>\u201cPese al repunte de la econom\u00eda, se recuper\u00f3 s\u00f3lo el 15 % de los empleos privados perdidos desde el cambio de Gobierno\u201d. <em>Infobae<\/em>. 16 junio 2025.<br>https:\/\/www.infobae.com\/economia\/2025\/06\/16\/pese-al-repunte-de-la-economia-se-recupero-solo-el-15-de-los-empleos-privados-perdidos-desde-el-cambio-de-gobierno\/ <\/p>\n\n\n\n<p>\u201cDesde el cambio de gobierno se perdieron casi 100.000 puestos de trabajo del sector privado\u201d. <em>Infobae<\/em>. 10 junio 2024.<br><a href=\"https:\/\/www.infobae.com\/economia\/2024\/06\/10\/desde-el-cambio-de-gobierno-se-perdieron-casi-100000-puestos-de-trabajo-del-sector-privado\/?utm_source=chatgpt.com\">https:\/\/www.infobae.com\/economia\/2024\/06\/10\/desde-el-cambio-de-gobierno-se-perdieron-casi-100000-puestos-de-trabajo-del-sector-privado\/<\/a> <a href=\"https:\/\/www.infobae.com\/economia\/2024\/06\/10\/desde-el-cambio-de-gobierno-se-perdieron-casi-100000-puestos-de-trabajo-del-sector-privado\/?utm_source=chatgpt.com\" target=\"_blank\" rel=\"noreferrer noopener\">infobae<\/a><\/p>\n\n\n\n<p>\u201cSeg\u00fan el Gobierno, desde el inicio del mandato de Javier Milei se perdieron 136.000 empleos asalariados privados\u201d. <em>Infobae<\/em>. 9 septiembre 2024.<br>https:\/\/www.infobae.com\/economia\/2024\/09\/09\/segun-el-gobierno-desde-el-inicio-del-mandato-de-javier-milei-se-perdieron-136000-empleos-asalariados-privados\/ <\/p>\n\n\n\n<p>\u201cPese a la reactivaci\u00f3n econ\u00f3mica, el Gobierno admite que se recuper\u00f3 s\u00f3lo 1 de cada 6 empleos perdidos en la recesi\u00f3n\u201d. <em>Infobae<\/em>. 15 mayo 2025.<br>https:\/\/www.infobae.com\/economia\/2025\/05\/15\/pese-a-la-reactivacion-economica-el-gobierno-admite-que-se-recupero-solo-1-de-cada-6-empleos-perdidos-en-la-recesion\/ <\/p>\n\n\n\n<p>\u201cEntre noviembre de 2023 y mayo de 2025 bajaron la persiana 15.564 empresas en la Argentina\u201d. <em>Perfil<\/em>. 15 agosto 2025.<br>https:\/\/www.perfil.com\/noticias\/bravotv\/tasas-por-las-nubes-caida-del-credito-y-mas-de-15-mil-empresas-cerradas.phtml <\/p>\n\n\n\n<p><\/p>\n\n\n\n<h3 class=\"wp-block-heading\">Fuentes oficiales disponibles<\/h3>\n\n\n\n<ul class=\"wp-block-list\">\n<li>\u201cPanorama mensual del trabajo registrado \u2013 Junio de 2025 (Datos de marzo y abril de 2025)\u201d (Documento PDF). URL: <a href=\"https:\/\/www.argentina.gob.ar\/sites\/default\/files\/panorama_mensual_del_trabajo_registrado_2025_06.pdf?utm_source=chatgpt.com\">https:\/\/www.argentina.gob.ar\/sites\/default\/files\/panorama_mensual_del_trabajo_registrado_2025_06.pdf<\/a> <a href=\"https:\/\/www.argentina.gob.ar\/sites\/default\/files\/panorama_mensual_del_trabajo_registrado_2025_06.pdf?utm_source=chatgpt.com\" target=\"_blank\" rel=\"noreferrer noopener\">Argentina<\/a><\/li>\n\n\n\n<li>Portal general de \u201cEstudios y estad\u00edsticas laborales\u201d del Ministerio de Trabajo donde aparecen los informes mensuales del SIPA. URL: <a href=\"https:\/\/www.argentina.gob.ar\/trabajo\/estadisticas?utm_source=chatgpt.com\">https:\/\/www.argentina.gob.ar\/trabajo\/estadisticas<\/a> <a href=\"https:\/\/www.argentina.gob.ar\/trabajo\/estadisticas?utm_source=chatgpt.com\" target=\"_blank\" rel=\"noreferrer noopener\">Argentina<\/a><\/li>\n\n\n\n<li>\u201cSituaci\u00f3n y evoluci\u00f3n del trabajo registrado (SIPA)\u201d \u2013 otro informe oficial con diagn\u00f3stico de trabajo registrado. URL: <a href=\"https:\/\/www.argentina.gob.ar\/sites\/default\/files\/trabajoregistrado_2401_estadisticas_1.pdf?utm_source=chatgpt.com\">https:\/\/www.argentina.gob.ar\/sites\/default\/files\/trabajoregistrado_2401_estadisticas_1.pdf<\/a> <a href=\"https:\/\/www.argentina.gob.ar\/sites\/default\/files\/trabajoregistrado_2401_estadisticas_1.pdf?utm_source=chatgpt.com\" target=\"_blank\" rel=\"noreferrer noopener\">Argentina<\/a><\/li>\n\n\n\n<li>Informe PDF \u201cPanorama mensual del trabajo registrado \u2013 Abril 2025\u201d (por ejemplo) mostrando datos del empleo formal privado seg\u00fan SIPA. URL: <a href=\"https:\/\/www.argentina.gob.ar\/sites\/default\/files\/panorama_mensual_del_trabajo_registrado_2025_04_14.pdf?utm_source=chatgpt.com\">https:\/\/www.argentina.gob.ar\/sites\/default\/files\/panorama_mensual_del_trabajo_registrado_2025_04_14.pdf<\/a> <a href=\"https:\/\/www.argentina.gob.ar\/sites\/default\/files\/panorama_mensual_del_trabajo_registrado_2025_04_14.pdf?utm_source=chatgpt.com\" target=\"_blank\" rel=\"noreferrer noopener\">Argentina<\/a><\/li>\n\n\n\n<li>Documento de \u201cEvoluci\u00f3n del empleo\u201d (serie trimestral) en el Observatorio de Empleo y Din\u00e1mica Empresarial (OEDE) usando SIPA. URL: <a href=\"https:\/\/www.argentina.gob.ar\/trabajo\/estadisticas\/oede-estadisticas-nacionales?utm_source=chatgpt.com\">https:\/\/www.argentina.gob.ar\/trabajo\/estadisticas\/oede-estadisticas-nacionales<\/a><\/li>\n<\/ul>\n","protected":false},"excerpt":{"rendered":"<p>Diego Santilli volvi\u00f3 a los estudios de LN+ con el libreto cl\u00e1sico del oficialismo libertario: culpar a los trabajadores de los males del pa\u00eds y justificar, bajo la etiqueta de \u201cmodernizaci\u00f3n\u201d, un brutal retroceso en materia de derechos laborales. All\u00ed pidi\u00f3 abiertamente una \u201creforma laboral\u201d y el fin de la \u201cindustria del juicio\u201d, sosteniendo que&#8230;<\/p>\n","protected":false},"author":11,"featured_media":10012,"comment_status":"open","ping_status":"open","sticky":false,"template":"","format":"standard","meta":{"_monsterinsights_skip_tracking":false,"_monsterinsights_sitenote_active":false,"_monsterinsights_sitenote_note":"","_monsterinsights_sitenote_category":0,"footnotes":"","jetpack_publicize_message":"","jetpack_publicize_feature_enabled":true,"jetpack_social_post_already_shared":true,"jetpack_social_options":{"image_generator_settings":{"template":"highway","default_image_id":0,"font":"","enabled":false},"version":2}},"categories":[2],"tags":[],"class_list":["post-10011","post","type-post","status-publish","format-standard","has-post-thumbnail","hentry","category-politica"],"jetpack_publicize_connections":[],"_links":{"self":[{"href":"https:\/\/www.enorsai.com\/noticias\/wp-json\/wp\/v2\/posts\/10011","targetHints":{"allow":["GET"]}}],"collection":[{"href":"https:\/\/www.enorsai.com\/noticias\/wp-json\/wp\/v2\/posts"}],"about":[{"href":"https:\/\/www.enorsai.com\/noticias\/wp-json\/wp\/v2\/types\/post"}],"author":[{"embeddable":true,"href":"https:\/\/www.enorsai.com\/noticias\/wp-json\/wp\/v2\/users\/11"}],"replies":[{"embeddable":true,"href":"https:\/\/www.enorsai.com\/noticias\/wp-json\/wp\/v2\/comments?post=10011"}],"version-history":[{"count":1,"href":"https:\/\/www.enorsai.com\/noticias\/wp-json\/wp\/v2\/posts\/10011\/revisions"}],"predecessor-version":[{"id":10013,"href":"https:\/\/www.enorsai.com\/noticias\/wp-json\/wp\/v2\/posts\/10011\/revisions\/10013"}],"wp:featuredmedia":[{"embeddable":true,"href":"https:\/\/www.enorsai.com\/noticias\/wp-json\/wp\/v2\/media\/10012"}],"wp:attachment":[{"href":"https:\/\/www.enorsai.com\/noticias\/wp-json\/wp\/v2\/media?parent=10011"}],"wp:term":[{"taxonomy":"category","embeddable":true,"href":"https:\/\/www.enorsai.com\/noticias\/wp-json\/wp\/v2\/categories?post=10011"},{"taxonomy":"post_tag","embeddable":true,"href":"https:\/\/www.enorsai.com\/noticias\/wp-json\/wp\/v2\/tags?post=10011"}],"curies":[{"name":"wp","href":"https:\/\/api.w.org\/{rel}","templated":true}]}}