{"id":3989,"count":2,"description":"Femicidio: La expresi\u00f3n m\u00e1s extrema de una violencia que no es excepcional, sino estructural. Esta secci\u00f3n aborda cada caso sin caer en el sensacionalismo, poniendo el foco en las responsabilidades que adem\u00e1s del agresor contempla las fallas del Estado, redes de complicidad y un sistema que muchas veces llega tarde o no llega. Lejos de los titulares fugaces, aqu\u00ed se reconstruyen historias, se exigen respuestas y se cuestionan las condiciones que permiten que estas violencias se repitan. Porque no se trata solo de cr\u00edmenes: es un problema social y pol\u00edtico que sigue sin resolverse.","link":"https:\/\/www.enorsai.com\/noticias\/category\/sociedad\/justicia\/femicidio\/","name":"Femicidio","slug":"femicidio","taxonomy":"category","parent":3950,"meta":[],"_links":{"self":[{"href":"https:\/\/www.enorsai.com\/noticias\/wp-json\/wp\/v2\/categories\/3989","targetHints":{"allow":["GET"]}}],"collection":[{"href":"https:\/\/www.enorsai.com\/noticias\/wp-json\/wp\/v2\/categories"}],"about":[{"href":"https:\/\/www.enorsai.com\/noticias\/wp-json\/wp\/v2\/taxonomies\/category"}],"up":[{"embeddable":true,"href":"https:\/\/www.enorsai.com\/noticias\/wp-json\/wp\/v2\/categories\/3950"}],"wp:post_type":[{"href":"https:\/\/www.enorsai.com\/noticias\/wp-json\/wp\/v2\/posts?categories=3989"}],"curies":[{"name":"wp","href":"https:\/\/api.w.org\/{rel}","templated":true}]}}