{"id":1908,"count":45,"description":"Derechos Humanos: No es un apartado m\u00e1s, es el term\u00f3metro que expone hasta d\u00f3nde una sociedad est\u00e1 dispuesta a tolerar la injusticia. Esta secci\u00f3n pone el foco en las vulneraciones que el poder intenta normalizar, en las luchas que se sostienen contra el olvido y en las disputas por memoria, verdad y justicia. Desde la violencia institucional hasta las desigualdades estructurales, cada caso revela un entramado m\u00e1s amplio donde el Estado, las corporaciones y los discursos dominantes juegan su parte. Aqu\u00ed no hay neutralidad: hay denuncia, contexto y una pregunta constante sobre los l\u00edmites \u2014si es que existen\u2014 del poder.","link":"https:\/\/www.enorsai.com\/noticias\/category\/derechos-humanos\/","name":"Derechos Humanos","slug":"derechos-humanos","taxonomy":"category","parent":0,"meta":[],"_links":{"self":[{"href":"https:\/\/www.enorsai.com\/noticias\/wp-json\/wp\/v2\/categories\/1908","targetHints":{"allow":["GET"]}}],"collection":[{"href":"https:\/\/www.enorsai.com\/noticias\/wp-json\/wp\/v2\/categories"}],"about":[{"href":"https:\/\/www.enorsai.com\/noticias\/wp-json\/wp\/v2\/taxonomies\/category"}],"wp:post_type":[{"href":"https:\/\/www.enorsai.com\/noticias\/wp-json\/wp\/v2\/posts?categories=1908"}],"curies":[{"name":"wp","href":"https:\/\/api.w.org\/{rel}","templated":true}]}}